{"id":423058,"date":"2019-04-10T00:06:21","date_gmt":"2019-04-10T05:06:21","guid":{"rendered":"https:\/\/www.diarioimagen.net\/?p=423058"},"modified":"2019-04-10T07:40:51","modified_gmt":"2019-04-10T12:40:51","slug":"microcreditos-para-emprendedores-por-5-4-mdp-con-nuevo-mecanismo","status":"publish","type":"post","link":"https:\/\/www.diarioimagen.net\/?p=423058","title":{"rendered":"Microcr\u00e9ditos para emprendedores por 5.4 mdp, con nuevo mecanismo"},"content":{"rendered":"<ul>\n<li><strong><em>El gobierno local entreg\u00f3 339 pr\u00e9stamos<\/em><\/strong><\/li>\n<\/ul>\n<p>&nbsp;<\/p>\n<div id=\"attachment_423140\" style=\"width: 470px\" class=\"wp-caption aligncenter\"><a href=\"https:\/\/www.diarioimagen.net\/?attachment_id=423140\" rel=\"attachment wp-att-423140\"><img loading=\"lazy\" decoding=\"async\" aria-describedby=\"caption-attachment-423140\" class=\"size-large wp-image-423140\" src=\"https:\/\/www.diarioimagen.net\/wp-content\/uploads\/2019\/04\/NAUCALPAN-10-460x259.jpg\" alt=\"\" width=\"460\" height=\"259\" srcset=\"https:\/\/www.diarioimagen.net\/wp-content\/uploads\/2019\/04\/NAUCALPAN-10-460x259.jpg 460w, https:\/\/www.diarioimagen.net\/wp-content\/uploads\/2019\/04\/NAUCALPAN-10-240x135.jpg 240w, https:\/\/www.diarioimagen.net\/wp-content\/uploads\/2019\/04\/NAUCALPAN-10-235x132.jpg 235w, https:\/\/www.diarioimagen.net\/wp-content\/uploads\/2019\/04\/NAUCALPAN-10-202x114.jpg 202w, https:\/\/www.diarioimagen.net\/wp-content\/uploads\/2019\/04\/NAUCALPAN-10-350x196.jpg 350w, https:\/\/www.diarioimagen.net\/wp-content\/uploads\/2019\/04\/NAUCALPAN-10-220x123.jpg 220w, https:\/\/www.diarioimagen.net\/wp-content\/uploads\/2019\/04\/NAUCALPAN-10-237x132.jpg 237w, https:\/\/www.diarioimagen.net\/wp-content\/uploads\/2019\/04\/NAUCALPAN-10.jpg 480w\" sizes=\"auto, (max-width: 460px) 100vw, 460px\" \/><\/a><p id=\"caption-attachment-423140\" class=\"wp-caption-text\">La secretaria de Desarrollo Econ\u00f3mico, Janet Minutti Rodr\u00edguez, dijo que el Sistema Municipal de Microcr\u00e9ditos,\u00a0 cumplir\u00e1 18 a\u00f1os en Naucalpan.<\/p><\/div>\n<p>&nbsp;<\/p>\n<p><strong>Naucalpan, Estado de M\u00e9xico<\/strong>.- El gobierno local entreg\u00f3 339 microcr\u00e9ditos por un monto de 5 millones 492 mil pesos, para apoyar proyectos productivos de emprendedores y microempresarios naucalpenses.<\/p>\n<p>En el marco de la primera entrega que lleva a cabo esta administraci\u00f3n, la secretaria de Desarrollo Econ\u00f3mico, Janet Minutti Rodr\u00edguez, dijo que el Sistema Municipal de Microcr\u00e9ditos, que cumplir\u00e1 18 a\u00f1os en Naucalpan, tiene la finalidad de establecer un mecanismo de financiamiento para fomentar la seguridad humana a trav\u00e9s del autoempleo.<\/p>\n<p>\u201cDentro de las acciones de gobierno queremos elevar a la poblaci\u00f3n econ\u00f3micamente activa en un 52 o 60 por ciento, por eso estamos entregando estos microcr\u00e9ditos\u201d, se\u00f1al\u00f3.<\/p>\n<p>De agosto de 2001 a la fecha, el gobierno de Naucalpan ha otorgado 25 mil 495 microcr\u00e9ditos por un monto de 294 millones 789 mil 207 pesos.<\/p>\n<p>El director de financiamiento, Erick Alan Carrillo Vargas, inform\u00f3 que este programa ha permitido a los beneficiarios -que se integran en grupos solidarios o microempresas establecidas-, a emprender o consolidar sus negocios. Resalt\u00f3 que esta administraci\u00f3n apoyar\u00e1 a las mujeres naucalpenses, por lo que en este trimestre se integraron 150 nuevas socias al Sistema Municipal de Microcr\u00e9ditos, as\u00ed como 50 microempresarios.<\/p>\n<p>\u201cS\u00ed son grupos solidarios de mujeres, se les da una tasa preferencial de 2 por ciento, vamos a apoyarlas\u201d.<\/p>\n<p>Durante el acto que se realiz\u00f3 en el Teatro Bicentenario, la se\u00f1ora Virginia Montoya, quien vive en Las Huertas Primera Secci\u00f3n, recibi\u00f3 un microcr\u00e9dito por 125 mil pesos, el cual invertir\u00e1 para la remodelaci\u00f3n de su local de abarrotes.<\/p>\n<p>\u201cHe recibido varios apoyos, ahora mi negocio es sustentable y quiero renovarlo, ya tengo 10 a\u00f1os en este programa y de ah\u00ed he sacado adelante a mi familia\u201d, coment\u00f3.<\/p>\n<p>Los interesados pueden solicitar informaci\u00f3n en las oficinas de la Direcci\u00f3n de Financiamiento que se ubica en el edificio anexo al Palacio Municipal en un horario de 9:00 a 18:00 horas.<\/p>\n","protected":false},"excerpt":{"rendered":"<p>El gobierno local entreg\u00f3 339 microcr\u00e9ditos por un monto de 5 millones 492 mil pesos, para apoyar proyectos productivos de emprendedores y microempresarios naucalpenses.\u00a0<\/p>\n","protected":false},"author":3,"featured_media":423140,"comment_status":"open","ping_status":"open","sticky":false,"template":"","format":"standard","meta":{"_monsterinsights_skip_tracking":false,"_monsterinsights_sitenote_active":false,"_monsterinsights_sitenote_note":"","_monsterinsights_sitenote_category":0,"footnotes":""},"categories":[35155],"tags":[45304,43675,45069,970],"class_list":["post-423058","post","type-post","status-publish","format-standard","has-post-thumbnail","hentry","category-estado-de-mexico-estado-de-mexico","tag-emprendedores","tag-estado-de-mexico","tag-microcreditos","tag-naucalpan"],"_links":{"self":[{"href":"https:\/\/www.diarioimagen.net\/index.php?rest_route=\/wp\/v2\/posts\/423058","targetHints":{"allow":["GET"]}}],"collection":[{"href":"https:\/\/www.diarioimagen.net\/index.php?rest_route=\/wp\/v2\/posts"}],"about":[{"href":"https:\/\/www.diarioimagen.net\/index.php?rest_route=\/wp\/v2\/types\/post"}],"author":[{"embeddable":true,"href":"https:\/\/www.diarioimagen.net\/index.php?rest_route=\/wp\/v2\/users\/3"}],"replies":[{"embeddable":true,"href":"https:\/\/www.diarioimagen.net\/index.php?rest_route=%2Fwp%2Fv2%2Fcomments&post=423058"}],"version-history":[{"count":0,"href":"https:\/\/www.diarioimagen.net\/index.php?rest_route=\/wp\/v2\/posts\/423058\/revisions"}],"wp:featuredmedia":[{"embeddable":true,"href":"https:\/\/www.diarioimagen.net\/index.php?rest_route=\/wp\/v2\/media\/423140"}],"wp:attachment":[{"href":"https:\/\/www.diarioimagen.net\/index.php?rest_route=%2Fwp%2Fv2%2Fmedia&parent=423058"}],"wp:term":[{"taxonomy":"category","embeddable":true,"href":"https:\/\/www.diarioimagen.net\/index.php?rest_route=%2Fwp%2Fv2%2Fcategories&post=423058"},{"taxonomy":"post_tag","embeddable":true,"href":"https:\/\/www.diarioimagen.net\/index.php?rest_route=%2Fwp%2Fv2%2Ftags&post=423058"}],"curies":[{"name":"wp","href":"https:\/\/api.w.org\/{rel}","templated":true}]}}