{"id":423090,"date":"2019-04-10T00:05:29","date_gmt":"2019-04-10T05:05:29","guid":{"rendered":"https:\/\/www.diarioimagen.net\/?p=423090"},"modified":"2019-04-10T01:25:51","modified_gmt":"2019-04-10T06:25:51","slug":"plazas-instrumento-de-poder","status":"publish","type":"post","link":"https:\/\/www.diarioimagen.net\/?p=423090","title":{"rendered":"Plazas, instrumento de poder"},"content":{"rendered":"<h2>Desde el portal<\/h2>\n<h5>\u00c1ngel Soriano<\/h5>\n<p>&nbsp;<\/p>\n<p>La disputa real en el sector educativo es por el control de las plazas de maestros, supervisores y todo el escalaf\u00f3n que no es asignado al m\u00e1s capaz, sino al que ha hecho m\u00e9ritos en campa\u00f1a, el que ha participado en m\u00e1s bloqueos y asaltos a transportes con alimentos, al amigo o al recomendado que, a su vez, beneficiar\u00e1 a los suyos hasta lograr el n\u00famero suficiente de seguidores o incondicionales.<\/p>\n<p>En Oaxaca, cuando alg\u00fan fot\u00f3grafo capta a un maestro destrozando un aparador comercial o golpeando a un polic\u00eda y la foto se publica en las redes o prensa escrita, tiene un documento que lo avala para ganar una plaza de inspector o director escolar; cuando alguien ha participado en m\u00e1s marchas y bloqueos, re\u00fane los puntos suficientes que le garantizan su permanencia, y sus privilegios, en el magisterio.<\/p>\n<p>Ocurre lo mismo del lado oficial: los miles de maestros cooptados en sindicatos oficiales garantizan votaci\u00f3n suficiente para hacer ganar o derrotar a un candidato presidencial, a gobernador, senador o diputado.<\/p>\n<p>El control del sindicato m\u00e1s poderoso de Am\u00e9rica Latina representa un enorme capital pol\u00edtico-electoral y por eso, la disputa por el control de las plazas. Si no se ofrecen plazas, no hay seguidores, y si no hay seguidores, no hay fuerza pol\u00edtica. La educaci\u00f3n de las nuevas generaciones es secundaria. Los ni\u00f1os pueden seguir esperando, hasta edad adulta, hasta que autoridades y sindicatos \u2013CNTE-SNTE- lleguen a un acuerdo sobre el manejo del principal instrumento de acceso o retenci\u00f3n del poder. Y no s\u00f3lo los maestros, tambi\u00e9n del resto del mercado laboral que, se dice, est\u00e1 ya en v\u00edas de ser liberado del f\u00e9rreo control caciquil.<\/p>\n<p style=\"text-align: center;\"><strong>TURBULENCIAS<br \/>\nPide el PRI no suspender <\/strong><strong>financiamiento<\/strong><\/p>\n<p>\u00a0Durante la inauguraci\u00f3n del Conversatorio \u201cEl quehacer de las organizaciones de la sociedad civil en la atenci\u00f3n y prevenci\u00f3n del VIH-Sida, el senador Miguel \u00c1ngel Osorio Chong, coordinador parlamentario del PRI, consider\u00f3 \u201cmuy preocupante\u201d la decisi\u00f3n del gobierno federal de suspender \u00a0la convocatoria del Centro Nacional para la Prevenci\u00f3n y Control del VIH y el Sida (Censida) para otorgar recursos a las organizaciones dedicadas a ese prop\u00f3sito, en tanto la senadora Sylvana Beltrones S\u00e1nchez, secretaria de la Comisi\u00f3n de Salud en la C\u00e1mara Alta, dijo que el PRI presentar\u00e1 un punto de acuerdo para exhortar al ejecutivo federal a no suspender dicho financiamiento, y a que se tomen las medidas necesarias para garantizar el trabajo de prevenci\u00f3n, detecci\u00f3n y diagn\u00f3stico y dijo que en 2018 el presupuesto destinado a la convocatoria fue superior a 105 millones de pesos, con lo que se beneficiaron 122 proyectos que aportaron soluciones a pacientes que viven con el virus\u2026Fue desmentida la versi\u00f3n de la renuncia del titular de la FGN, Alejandro Gertz Manero y la del canciller Marcelo Ebrard, quienes cuentan con la absoluta confianza del titular del Ejecutivo Federal, y se encuentran en las posiciones de acuerdo a su perfil pol\u00edtico y capacidad para el ejercicio de sus respectivas funciones\u2026Licencia por tiempo indefinido otorg\u00f3 el pleno al diputado Jorge Emilio Gonz\u00e1lez Mart\u00ednez, III Circunscripci\u00f3n de Quintana Roo, (PVEM) para separarse del cargo federal en la LXIV Legislatura, a partir de este 9 de abril e integrante de la Comisi\u00f3n de Infraestructura. Su suplente es Jorge Francisco Corona M\u00e9ndez\u2026El Director General del ISSSTE, Luis Antonio Ram\u00edrez Pineda y el\u00a0 titular de la Secretar\u00eda de Salud, Jorge Alcocer Varela, acompa\u00f1aron al presidente AMLO en la presentaci\u00f3n del informe de la Comisi\u00f3n de Alto Nivel \u201cSalud Universal para el Siglo XXI\u201d en la que participa la Alta Comisionada de la ONU para los Derechos Humanos, Michelle Bachelet\u2026<\/p>\n<p><em><a href=\"mailto:asorianocarrasco@yahoo.com\" target=\"_blank\" rel=\"noopener noreferrer\">asorianocarrasco@yahoo.com<\/a><br \/>\n<a href=\"https:\/\/twitter.com\/brecharevista\" target=\"_blank\" rel=\"noopener noreferrer\">@BrechaRevista<\/a><a href=\"mailto:asorianocarrasco@yahoo.com\" target=\"_blank\" rel=\"noopener noreferrer\"><br \/>\n<\/a><a href=\"https:\/\/revistabrecha.com\" target=\"_blank\" rel=\"noopener noreferrer\">www.revistabrecha.com<\/a><\/em><\/p>\n","protected":false},"excerpt":{"rendered":"<p><span style=\"color: #005497;\"><strong>\u00c1ngel Soriano<\/strong><\/span><\/p>\n","protected":false},"author":3,"featured_media":0,"comment_status":"open","ping_status":"open","sticky":false,"template":"","format":"standard","meta":{"_monsterinsights_skip_tracking":false,"_monsterinsights_sitenote_active":false,"_monsterinsights_sitenote_note":"","_monsterinsights_sitenote_category":0,"footnotes":""},"categories":[135],"tags":[85,86,43674],"class_list":["post-423090","post","type-post","status-publish","format-standard","hentry","category-angel-soriano-opinion","tag-angel-soriano","tag-desde-el-portal","tag-opinion"],"_links":{"self":[{"href":"https:\/\/www.diarioimagen.net\/index.php?rest_route=\/wp\/v2\/posts\/423090","targetHints":{"allow":["GET"]}}],"collection":[{"href":"https:\/\/www.diarioimagen.net\/index.php?rest_route=\/wp\/v2\/posts"}],"about":[{"href":"https:\/\/www.diarioimagen.net\/index.php?rest_route=\/wp\/v2\/types\/post"}],"author":[{"embeddable":true,"href":"https:\/\/www.diarioimagen.net\/index.php?rest_route=\/wp\/v2\/users\/3"}],"replies":[{"embeddable":true,"href":"https:\/\/www.diarioimagen.net\/index.php?rest_route=%2Fwp%2Fv2%2Fcomments&post=423090"}],"version-history":[{"count":0,"href":"https:\/\/www.diarioimagen.net\/index.php?rest_route=\/wp\/v2\/posts\/423090\/revisions"}],"wp:attachment":[{"href":"https:\/\/www.diarioimagen.net\/index.php?rest_route=%2Fwp%2Fv2%2Fmedia&parent=423090"}],"wp:term":[{"taxonomy":"category","embeddable":true,"href":"https:\/\/www.diarioimagen.net\/index.php?rest_route=%2Fwp%2Fv2%2Fcategories&post=423090"},{"taxonomy":"post_tag","embeddable":true,"href":"https:\/\/www.diarioimagen.net\/index.php?rest_route=%2Fwp%2Fv2%2Ftags&post=423090"}],"curies":[{"name":"wp","href":"https:\/\/api.w.org\/{rel}","templated":true}]}}