{"id":423102,"date":"2019-04-10T00:11:13","date_gmt":"2019-04-10T05:11:13","guid":{"rendered":"https:\/\/www.diarioimagen.net\/?p=423102"},"modified":"2019-04-10T07:52:16","modified_gmt":"2019-04-10T12:52:16","slug":"amlo-se-vacuna-contra-el-golpismo-con-bachelet","status":"publish","type":"post","link":"https:\/\/www.diarioimagen.net\/?p=423102","title":{"rendered":"\u00bfAMLO se vacuna contra el golpismo con Bachelet?"},"content":{"rendered":"<h2>Tras la puerta del poder<\/h2>\n<h5>Roberto Vizca\u00edno<\/h5>\n<p>&nbsp;<\/p>\n<div id=\"attachment_423156\" style=\"width: 470px\" class=\"wp-caption aligncenter\"><a href=\"https:\/\/www.diarioimagen.net\/?attachment_id=423156\" rel=\"attachment wp-att-423156\"><img loading=\"lazy\" decoding=\"async\" aria-describedby=\"caption-attachment-423156\" class=\"size-large wp-image-423156\" src=\"https:\/\/www.diarioimagen.net\/wp-content\/uploads\/2019\/04\/la-gota-que-no-cae-LUIS-XAVIER-460x363.jpg\" alt=\"\" width=\"460\" height=\"363\" srcset=\"https:\/\/www.diarioimagen.net\/wp-content\/uploads\/2019\/04\/la-gota-que-no-cae-LUIS-XAVIER-460x363.jpg 460w, https:\/\/www.diarioimagen.net\/wp-content\/uploads\/2019\/04\/la-gota-que-no-cae-LUIS-XAVIER-240x189.jpg 240w, https:\/\/www.diarioimagen.net\/wp-content\/uploads\/2019\/04\/la-gota-que-no-cae-LUIS-XAVIER-768x606.jpg 768w, https:\/\/www.diarioimagen.net\/wp-content\/uploads\/2019\/04\/la-gota-que-no-cae-LUIS-XAVIER.jpg 1200w\" sizes=\"auto, (max-width: 460px) 100vw, 460px\" \/><\/a><p id=\"caption-attachment-423156\" class=\"wp-caption-text\">La gota que no cae&#8230; | Luis Xavier<\/p><\/div>\n<p>&nbsp;<\/p>\n<p>Echar a andar una fuerza armada de casi 330 mil elementos con ra\u00edces militares le enchina la piel a much\u00edsimos.<\/p>\n<p>M\u00e1s all\u00e1 de la posible violaci\u00f3n de derechos humanos lo que les preocupa a quienes se opusieron infructuosamente a la creaci\u00f3n de la Guardia Nacional es c\u00f3mo esta fuerza actuar\u00e1 dentro de la d\u00e9bil e inconsistente democracia mexicana.<\/p>\n<p>\u00bfTemen esos opositores un golpe de Estado?, \u00bfhar\u00eda falta un asalto armado al poder para que tomaran el control?<\/p>\n<p>Con instalaciones, presencia de poder, control armado y social y de la seguridad en 266 coordinaciones territoriales que se empalman con los 300 distritos electorales del sistema pol\u00edtico nacional, s\u00f3lo faltar\u00eda una semillita de ambici\u00f3n para desatar todo un asalto al gobierno.<\/p>\n<p>En este r\u00e1pido y superficial esbozo del contexto en que surgir\u00e1 la Guardia Nacional y actuar\u00e1 como la mayor fuerza de seguridad creo en Am\u00e9rica Latina, nunca antes vivida en M\u00e9xico, cobra relevancia el acuerdo firmado ayer por el gobierno de <strong>Andr\u00e9s Manuel L\u00f3pez Obrador<\/strong> y <strong>Michelle Bachelet,<\/strong> Alta Comisionada de Naciones Unidas para los Derechos Humanos.<\/p>\n<p>\u00bfC\u00f3mo vigilar y mantener bajo control a una fuerza como la que integrar\u00e1 a la Guardia Nacional?<\/p>\n<p>Pues con una fuerza mayor. Y esa es justamente el \u00e1rea de <strong>Bachelet<\/strong> en la <strong>ONU<\/strong>.<\/p>\n<p>De ah\u00ed que esa firma de convenio sea tan importante. Y de que AMLO haya hecho tanto \u00e9nfasis en el car\u00e1cter popular del Ej\u00e9rcito que dijo cuenta ya con 240 mil elementos y de la Marina con 40 mil a los que se va a sumar 50 mil nuevas contrataciones para ser capacitados por los militares.<\/p>\n<p>Un p\u00e1rrafo llam\u00f3 la atenci\u00f3n en el discurso de <strong>Bachelet:\u00a0 <\/strong><\/p>\n<p>\u201cEl acuerdo firmado es amplio, va m\u00e1s all\u00e1 de la capacitaci\u00f3n e incorpora elementos que reforzar\u00e1n el car\u00e1cter civil que debe tener un cuerpo de seguridad, entre mecanismos de participaci\u00f3n ciudadana, construcci\u00f3n de indicadores, mayor transparencia, rendici\u00f3n de cuentas y dignificaci\u00f3n y profesionalizaci\u00f3n de la funci\u00f3n policial\u201d.<\/p>\n<p>Es decir, no s\u00f3lo ayudar\u00e1 a capacitar al nuevo cuerpo en cuanto al respeto a los derechos humanos, sino que va a una vigilancia estrecha de sus acciones y pol\u00edticas.<\/p>\n<p>Interesante. Una jugada habilidosa de <strong>AMLO<\/strong> y de <strong>Marcelo Ebrard.<\/strong> Y buena disposici\u00f3n de Bachelet ex presidenta de Chile y con larga experiencia respecto de lo que significan los reg\u00edmenes militares.<\/p>\n<p style=\"text-align: center;\"><strong>Segundo desmentido a Herrera<\/strong><\/p>\n<p>El subsecretario de Hacienda, Arturo Herrera, tiene tres enormes fallas: le encantan los medios, es mentiroso o acelerado y tiene como Jefe supremo a uno peor que \u00e9l en cuanto a atracci\u00f3n de medios y para <strong>fakear<\/strong> informaciones.<\/p>\n<p>Y ese jefe le asest\u00f3 ayer el segundo desmentido en su propia cara, cuando en la ma\u00f1anera de Palacio Nacional sali\u00f3 a negar que se vaya a reinstaurar el cobro de tenencia federal.<\/p>\n<p>\u201c\u2026 ayer sali\u00f3 la noticia de que se iba a restablecer el impuesto de la tenencia. <em>Eso no es cierto, eso es lo que quisieran nuestros adversarios, <\/em>que nosotros incumpli\u00e9ramos nuestros compromisos, se van a quedar con las ganas.<\/p>\n<p>\u201cVamos a cumplir todos los compromisos y no hay aumentos de impuestos, ni impuestos nuevos\u201d.<\/p>\n<p><strong>\u00bfHerrera<\/strong> es entonces adversario interno?<\/p>\n<p><strong>Herrera<\/strong> hab\u00eda afirmado un d\u00eda antes que ese impuesto ser\u00eda rescatado para fortalecer la recaudaci\u00f3n y las finanzas tan asediadas por los programas de reparto de dinero de AMLO a grandes sectores.<\/p>\n<p>El primer desmentido de <strong>L\u00f3pez Obrador<\/strong> a <strong>Herrera<\/strong> fue el 13 de marzo anterior cuando el subsecretario dijo a inversionistas ingleses que se parar\u00eda la construcci\u00f3n de la refiner\u00eda de 2 Bocas en Tabasco, porque no hab\u00eda lana suficiente para iniciarla.<\/p>\n<p>El mandatario afirm\u00f3 que eso no era cierto -es decir que <strong>Herrera<\/strong> es un mentiroso-, y que se cansaba ganso que se construir\u00eda la refiner\u00eda como \u00e9l lo hab\u00eda anunciado y prometido.<\/p>\n<p>Yo me pregunto: el subsecretario se va a esperar al tercer desmentido o a que de plano <strong>AMLO<\/strong> lo corra por andarle poniendo piedras a su gobierno.<\/p>\n<p style=\"text-align: center;\"><strong>Ni de milagro M\u00e9xico crecer\u00e1 al 4% del PIB: FMI<\/strong><\/p>\n<p>Y ya que andamos en eso de los desmentidos, as\u00ed como <strong>AMLO<\/strong> ha exhibido a <strong>Herrera<\/strong> como un mentiroso, ahora le toc\u00f3 a la se\u00f1ora <strong>Christine Lagarde<\/strong> presidenta del FMI exhibir como iluso o abierto mentiroso al mandatario mexicano quien asegura hasta dormido que con \u00e9l a la cabeza M\u00e9xico terminar\u00e1 creciendo en 2024 a un 4% del PIB.<\/p>\n<p>Ayer el FMI indic\u00f3 que en sus pron\u00f3sticos al cierre de la administraci\u00f3n de <strong>L\u00f3pez Obrador<\/strong> en 2024 apenas llegar\u00e1, si bien nos va, con un 2.7% aunque eso tambi\u00e9n est\u00e1 en dudas.<\/p>\n<p>Muy lejos de la meta tantas veces prometida \u201cporque nosotros no somos lo mismo\u201d que <strong>Enrique Pe\u00f1a Nieto <\/strong>y los anteriores presidentes, repite como ganso.<\/p>\n<p>El reporte <strong><em>Expectativas Econ\u00f3micas Mundiales<\/em><\/strong> dice que <strong>AMLO <\/strong>no debe posponer las reformas estructurales, reducir m\u00e1s el d\u00e9ficit en las finanzas, estabilizar la deuda para generar confianza y prepararse para cualquier choque externo y adaptarse a las necesidades de gasto.<\/p>\n<p>El entorno global, afirma el FMI es delicado y M\u00e9xico no lograr\u00e1 crecer sobre el 2% en 2019 y 2020.<\/p>\n<p style=\"text-align: center;\"><strong>Monreal conf\u00eda en AMLO no en el FMI<\/strong><\/p>\n<p>El coordinador de la mayor\u00eda de Morena en el Senado y presidente de la Junta de Coordinaci\u00f3n Pol\u00edtica, dice confiar en que las medidas anticorrupci\u00f3n ser\u00e1n un elemento que disparar\u00e1 el crecimiento.<\/p>\n<p>Adem\u00e1s, agreg\u00f3, \u201cno habr\u00e1 de ninguna manera un subejercicio en las dependencias del gobierno federal\u201d.<\/p>\n<p>No niega que en el inicio de esta administraci\u00f3n se dio una curva compleja que ha generado dudas.<\/p>\n<p>\u201cEl inversionista en general tiene confianza. Conforme vaya avanzando el gobierno y que se est\u00e1n cumpliendo las decisiones que se trazaron desde un principio, va a generar mayor entendimiento, mayor cercan\u00eda y mayor confianza con el sector empresarial, ya lo ver\u00e1n\u201d.<\/p>\n<p>Monreal aprovech\u00f3 para explicar que en el Senado y la C\u00e1mara de Diputados hay pendientes cuatro temas para los cuales, dijo, \u201cno sabemos si nos vaya a alcanzar para lograr los consensos\u201d.<\/p>\n<p>Estos son: reforma educativa, la laboral &#8211;para la cual hay mucha presi\u00f3n del Congreso Norteamericano por el T-MEC&#8211;; Consulta Popular y la Revocaci\u00f3n de Mandato.<\/p>\n<p>\u201cSon los cuatro temas pendientes que tenemos aqu\u00ed, en la C\u00e1mara de Diputados, adem\u00e1s de leyes reglamentarias y nombramientos. Vamos a ver hasta d\u00f3nde agotamos, hasta d\u00f3nde podemos lograr el consenso y la mayor\u00eda calificada, en la mayor parte se necesita, en reformas constitucionales y en nombramientos\u201d, indic\u00f3.<\/p>\n<p style=\"text-align: center;\"><strong>Un desahuciado apellidado Charrez<\/strong><\/p>\n<p>El cuate es el cl\u00e1sico pol\u00edtico de pueblo chico echador y cobard\u00f3n, que apenas acababa de llegar a una curul en San L\u00e1zaro se fue de farra a su localidad y termin\u00f3 chocando con otro auto donde pereci\u00f3 un joven en medio de un incendio.<\/p>\n<p>Este sujeto responde al nombre de <strong>Cipriano Charrez<\/strong> (vaya apellido), a quien ayer la Comisi\u00f3n Instructora en San L\u00e1zaro le retir\u00f3 el fuero para que pueda ser juzgado por aquel hecho.<\/p>\n<p>La diputada <strong>Patricia Ram\u00edrez<\/strong>, presidenta de la Secci\u00f3n Instructora indic\u00f3 que la resoluci\u00f3n fue simple y dice: ha lugar a proceder en contra del diputado federal <strong>Cipriano Charrez Pedraza.<\/strong><\/p>\n<p>Ahora s\u00f3lo falta que el juez le diga: <strong><em>\u00a1Que pase el desgraciado!!!<\/em><\/strong><\/p>\n<p><em><a href=\"http:\/\/endirecto.mx\" target=\"_blank\" rel=\"noopener noreferrer\">www.endirecto.mx<\/a><\/em><br \/>\n<em><a href=\"https:\/\/twitter.com\/_rvizcaino\" target=\"_blank\" rel=\"noopener noreferrer\">@_RVizcaino<\/a><\/em><br \/>\n<a href=\"https:\/\/www.facebook.com\/rvizcainoa\" target=\"_blank\" rel=\"noopener noreferrer\">f<em>acebook.com\/rvizcainoa<\/em><\/a><\/p>\n","protected":false},"excerpt":{"rendered":"<p><span style=\"color: #005497;\"><strong>Roberto Vizca\u00edno<\/strong><\/span><br \/>\n<br \/>\nEchar a andar una fuerza armada de casi 330 mil elementos con ra\u00edces militares le enchina la piel a much\u00edsimos.<\/p>\n","protected":false},"author":3,"featured_media":423156,"comment_status":"open","ping_status":"open","sticky":false,"template":"","format":"standard","meta":{"_monsterinsights_skip_tracking":false,"_monsterinsights_sitenote_active":false,"_monsterinsights_sitenote_note":"","_monsterinsights_sitenote_category":0,"footnotes":""},"categories":[136],"tags":[43674,93,94],"class_list":["post-423102","post","type-post","status-publish","format-standard","has-post-thumbnail","hentry","category-roberto-vizcaino-opinion","tag-opinion","tag-roberto-vizcaino","tag-tras-la-puerta-del-poder"],"_links":{"self":[{"href":"https:\/\/www.diarioimagen.net\/index.php?rest_route=\/wp\/v2\/posts\/423102","targetHints":{"allow":["GET"]}}],"collection":[{"href":"https:\/\/www.diarioimagen.net\/index.php?rest_route=\/wp\/v2\/posts"}],"about":[{"href":"https:\/\/www.diarioimagen.net\/index.php?rest_route=\/wp\/v2\/types\/post"}],"author":[{"embeddable":true,"href":"https:\/\/www.diarioimagen.net\/index.php?rest_route=\/wp\/v2\/users\/3"}],"replies":[{"embeddable":true,"href":"https:\/\/www.diarioimagen.net\/index.php?rest_route=%2Fwp%2Fv2%2Fcomments&post=423102"}],"version-history":[{"count":0,"href":"https:\/\/www.diarioimagen.net\/index.php?rest_route=\/wp\/v2\/posts\/423102\/revisions"}],"wp:featuredmedia":[{"embeddable":true,"href":"https:\/\/www.diarioimagen.net\/index.php?rest_route=\/wp\/v2\/media\/423156"}],"wp:attachment":[{"href":"https:\/\/www.diarioimagen.net\/index.php?rest_route=%2Fwp%2Fv2%2Fmedia&parent=423102"}],"wp:term":[{"taxonomy":"category","embeddable":true,"href":"https:\/\/www.diarioimagen.net\/index.php?rest_route=%2Fwp%2Fv2%2Fcategories&post=423102"},{"taxonomy":"post_tag","embeddable":true,"href":"https:\/\/www.diarioimagen.net\/index.php?rest_route=%2Fwp%2Fv2%2Ftags&post=423102"}],"curies":[{"name":"wp","href":"https:\/\/api.w.org\/{rel}","templated":true}]}}