{"id":423242,"date":"2019-04-11T00:08:40","date_gmt":"2019-04-11T05:08:40","guid":{"rendered":"https:\/\/www.diarioimagen.net\/?p=423242"},"modified":"2019-04-11T07:38:02","modified_gmt":"2019-04-11T12:38:02","slug":"esfuerzos-para-generar-mayor-movilidad-en-nicolas-romero","status":"publish","type":"post","link":"https:\/\/www.diarioimagen.net\/?p=423242","title":{"rendered":"Esfuerzos para generar mayor movilidad en Nicol\u00e1s Romero"},"content":{"rendered":"<ul>\n<li><strong><em>Para tener mejores condiciones de vida<\/em><\/strong><\/li>\n<\/ul>\n<p>&nbsp;<\/p>\n<div id=\"attachment_423330\" style=\"width: 470px\" class=\"wp-caption aligncenter\"><a href=\"https:\/\/www.diarioimagen.net\/?attachment_id=423330\" rel=\"attachment wp-att-423330\"><img loading=\"lazy\" decoding=\"async\" aria-describedby=\"caption-attachment-423330\" class=\"size-large wp-image-423330\" src=\"https:\/\/www.diarioimagen.net\/wp-content\/uploads\/2019\/04\/NICOLAS-11-460x259.jpg\" alt=\"\" width=\"460\" height=\"259\" srcset=\"https:\/\/www.diarioimagen.net\/wp-content\/uploads\/2019\/04\/NICOLAS-11-460x259.jpg 460w, https:\/\/www.diarioimagen.net\/wp-content\/uploads\/2019\/04\/NICOLAS-11-240x135.jpg 240w, https:\/\/www.diarioimagen.net\/wp-content\/uploads\/2019\/04\/NICOLAS-11-235x132.jpg 235w, https:\/\/www.diarioimagen.net\/wp-content\/uploads\/2019\/04\/NICOLAS-11-202x114.jpg 202w, https:\/\/www.diarioimagen.net\/wp-content\/uploads\/2019\/04\/NICOLAS-11-350x196.jpg 350w, https:\/\/www.diarioimagen.net\/wp-content\/uploads\/2019\/04\/NICOLAS-11-220x123.jpg 220w, https:\/\/www.diarioimagen.net\/wp-content\/uploads\/2019\/04\/NICOLAS-11-237x132.jpg 237w, https:\/\/www.diarioimagen.net\/wp-content\/uploads\/2019\/04\/NICOLAS-11.jpg 480w\" sizes=\"auto, (max-width: 460px) 100vw, 460px\" \/><\/a><p id=\"caption-attachment-423330\" class=\"wp-caption-text\">El presidente municipal, Armando Navarrete, considera que el tema en esta demarcaci\u00f3n ya se aborda desde distintas vertientes, como son legal, pol\u00edtica y social.<\/p><\/div>\n<p>&nbsp;<\/p>\n<p><strong>Nicolas Romero, Estado de M\u00e9xico<\/strong>.- Con el fin de iniciar un proceso que lleve a Nicol\u00e1s Romero a tener en poco tiempo un impacto muy fuerte y positivo en su movilidad, autoridades estatales y municipales participaron en una reuni\u00f3n plenaria en la que coordinaron esfuerzos.<\/p>\n<p>De acuerdo con el presidente municipal, Armando Navarrete, el tema en esta demarcaci\u00f3n ya se aborda desde distintas vertientes, como son legal, pol\u00edtica y social, creando siempre un espacio de di\u00e1logo con todos los involucrados.<\/p>\n<p>\u201cUna ciudad sin movilidad es una ciudad sin futuro, por eso es que nos importa much\u00edsimo que Nicol\u00e1s Romero pueda pasar de la situaci\u00f3n que prevalece hoy a una ciudad que pueda tener una mejor movilidad que le permita generar mejores oportunidades y condiciones de vida para ustedes y para todos los ciudadanos\u201c, consider\u00f3 el alcalde.<\/p>\n<p>En la mesa tambi\u00e9n particip\u00f3 Pedro Bas\u00e1\u00f1ez, director general Zona 2 de la Secretar\u00eda de Movilidad del Gobierno del Estado de M\u00e9xico, quien detall\u00f3 que el tema de la movilidad no es un asunto que le corresponda solamente a una instancia, sino que se tienen que cumplir acuerdos que re\u00fanan la participaci\u00f3n de todos.<\/p>\n<p>Adem\u00e1s, dijo que para lograr orden y evitar congestionamiento en las vialidades,\u00a0 se buscar\u00e1 que todas las unidades irregulares de transporte tanto de taxi como en la modalidad de colectivo sean retiradas del parque vehicular.<\/p>\n<p>\u201cVamos tambi\u00e9n a sumar en esto al campus de la UAEM (Universidad Aut\u00f3noma del Estado de M\u00e9xico), ellos ya nos ofrecieron tambi\u00e9n participar en los estudios para tambi\u00e9n validarlo desde una \u00f3ptica acad\u00e9mica y tendremos tambi\u00e9n que ir validando los servicios que cada quien presta, garantizar que quien presta el servicio tenga las autorizaciones correspondientes, que tengan sus autorizaciones de ruta y sus autorizaciones de base\u201c, se\u00f1al\u00f3 Bas\u00e1\u00f1ez.<\/p>\n<p>En tanto, Rodolfo L\u00f3pez Olvera, Director de Movilidad y Vialidad municipal, destac\u00f3 que este gobierno bajo los ejes rectores de seguridad, movilidad y servicios p\u00fablicos da una expectativa de calidad de vida de sus habitantes y bajo estos principios se requiere la participaci\u00f3n del sector transporte, gobierno y la sociedad.<\/p>\n<p>A la reuni\u00f3n tambi\u00e9n acudieron transportistas, adem\u00e1s de Juan Manuel Sarabia, Delegado Zona 2 Tlalnepantla de la Secretar\u00eda de Movilidad del Gobierno del Estado de M\u00e9xico; V\u00edctor Roa, Director General de Gobierno Regi\u00f3n 5; Roberto Bustamante, Comisario de Seguridad P\u00fablica municipal, y Artemio Hern\u00e1ndez, Coordinador de Transporte de la Direcci\u00f3n de Movilidad de Nicol\u00e1s Romero.<\/p>\n","protected":false},"excerpt":{"rendered":"<p>Con el fin de iniciar un proceso que lleve a Nicol\u00e1s Romero a tener en poco tiempo un impacto muy fuerte y positivo en su movilidad, autoridades estatales y municipales participaron en una reuni\u00f3n plenaria en la que coordinaron esfuerzos.<\/p>\n","protected":false},"author":3,"featured_media":423330,"comment_status":"open","ping_status":"open","sticky":false,"template":"","format":"standard","meta":{"_monsterinsights_skip_tracking":false,"_monsterinsights_sitenote_active":false,"_monsterinsights_sitenote_note":"","_monsterinsights_sitenote_category":0,"footnotes":""},"categories":[35155],"tags":[41048,43675,26421,752],"class_list":["post-423242","post","type-post","status-publish","format-standard","has-post-thumbnail","hentry","category-estado-de-mexico-estado-de-mexico","tag-esfuerzo","tag-estado-de-mexico","tag-movilidad","tag-nicolas-romero"],"_links":{"self":[{"href":"https:\/\/www.diarioimagen.net\/index.php?rest_route=\/wp\/v2\/posts\/423242","targetHints":{"allow":["GET"]}}],"collection":[{"href":"https:\/\/www.diarioimagen.net\/index.php?rest_route=\/wp\/v2\/posts"}],"about":[{"href":"https:\/\/www.diarioimagen.net\/index.php?rest_route=\/wp\/v2\/types\/post"}],"author":[{"embeddable":true,"href":"https:\/\/www.diarioimagen.net\/index.php?rest_route=\/wp\/v2\/users\/3"}],"replies":[{"embeddable":true,"href":"https:\/\/www.diarioimagen.net\/index.php?rest_route=%2Fwp%2Fv2%2Fcomments&post=423242"}],"version-history":[{"count":0,"href":"https:\/\/www.diarioimagen.net\/index.php?rest_route=\/wp\/v2\/posts\/423242\/revisions"}],"wp:featuredmedia":[{"embeddable":true,"href":"https:\/\/www.diarioimagen.net\/index.php?rest_route=\/wp\/v2\/media\/423330"}],"wp:attachment":[{"href":"https:\/\/www.diarioimagen.net\/index.php?rest_route=%2Fwp%2Fv2%2Fmedia&parent=423242"}],"wp:term":[{"taxonomy":"category","embeddable":true,"href":"https:\/\/www.diarioimagen.net\/index.php?rest_route=%2Fwp%2Fv2%2Fcategories&post=423242"},{"taxonomy":"post_tag","embeddable":true,"href":"https:\/\/www.diarioimagen.net\/index.php?rest_route=%2Fwp%2Fv2%2Ftags&post=423242"}],"curies":[{"name":"wp","href":"https:\/\/api.w.org\/{rel}","templated":true}]}}