{"id":423244,"date":"2019-04-11T00:07:59","date_gmt":"2019-04-11T05:07:59","guid":{"rendered":"https:\/\/www.diarioimagen.net\/?p=423244"},"modified":"2019-04-11T07:38:57","modified_gmt":"2019-04-11T12:38:57","slug":"asume-paty-duran-la-presidencia-del-consejo-intermunicipal-de-seguridad","status":"publish","type":"post","link":"https:\/\/www.diarioimagen.net\/?p=423244","title":{"rendered":"Asume Paty Dur\u00e1n la presidencia del Consejo Intermunicipal de Seguridad"},"content":{"rendered":"<p><a href=\"https:\/\/www.diarioimagen.net\/?attachment_id=423333\" rel=\"attachment wp-att-423333\"><img loading=\"lazy\" decoding=\"async\" class=\"aligncenter size-large wp-image-423333\" src=\"https:\/\/www.diarioimagen.net\/wp-content\/uploads\/2019\/04\/NAUCALPAN-11-460x259.jpg\" alt=\"\" width=\"460\" height=\"259\" srcset=\"https:\/\/www.diarioimagen.net\/wp-content\/uploads\/2019\/04\/NAUCALPAN-11-460x259.jpg 460w, https:\/\/www.diarioimagen.net\/wp-content\/uploads\/2019\/04\/NAUCALPAN-11-240x135.jpg 240w, https:\/\/www.diarioimagen.net\/wp-content\/uploads\/2019\/04\/NAUCALPAN-11-235x132.jpg 235w, https:\/\/www.diarioimagen.net\/wp-content\/uploads\/2019\/04\/NAUCALPAN-11-202x114.jpg 202w, https:\/\/www.diarioimagen.net\/wp-content\/uploads\/2019\/04\/NAUCALPAN-11-350x196.jpg 350w, https:\/\/www.diarioimagen.net\/wp-content\/uploads\/2019\/04\/NAUCALPAN-11-220x123.jpg 220w, https:\/\/www.diarioimagen.net\/wp-content\/uploads\/2019\/04\/NAUCALPAN-11-237x132.jpg 237w, https:\/\/www.diarioimagen.net\/wp-content\/uploads\/2019\/04\/NAUCALPAN-11.jpg 480w\" sizes=\"auto, (max-width: 460px) 100vw, 460px\" \/><\/a><\/p>\n<p>&nbsp;<\/p>\n<p><strong>Naucalpan, Estado de M\u00e9xico.-<\/strong> La alcaldesa de Naucalpan, Patricia Dur\u00e1n Reveles, rindi\u00f3 protesta como presidenta del Consejo Intermunicipal de Seguridad, que est\u00e1 integrado por autoridades federales, estatales y municipales para tener una mayor coordinaci\u00f3n en materia de seguridad.<\/p>\n<p>Durante un a\u00f1o, la edil estar\u00e1 al frente del cargo y representar\u00e1 a los municipios de Naucalpan, Huixquilucan, Jilotzingo, Isidro Fabela y Xonacatl\u00e1n ante el Consejo Estatal de Seguridad P\u00fablica.<\/p>\n<p>El nombramiento se dio en el marco de la D\u00e9cima Primera Sesi\u00f3n Ordinaria del Consejo Estatal de Seguridad P\u00fablica, que se realiz\u00f3 en la capital mexiquense, donde otros 17 alcaldes rindieron protesta como integrantes de este cuerpo colegiado.<\/p>\n","protected":false},"excerpt":{"rendered":"<p>La alcaldesa de Naucalpan, Patricia Dur\u00e1n Reveles, rindi\u00f3 protesta como presidenta del Consejo Intermunicipal de Seguridad, que est\u00e1 integrado por autoridades federales, estatales y municipales para tener una mayor coordinaci\u00f3n en materia de seguridad.<\/p>\n","protected":false},"author":3,"featured_media":423333,"comment_status":"open","ping_status":"open","sticky":false,"template":"","format":"standard","meta":{"_monsterinsights_skip_tracking":false,"_monsterinsights_sitenote_active":false,"_monsterinsights_sitenote_note":"","_monsterinsights_sitenote_category":0,"footnotes":""},"categories":[35155],"tags":[84434,43675,970],"class_list":["post-423244","post","type-post","status-publish","format-standard","has-post-thumbnail","hentry","category-estado-de-mexico-estado-de-mexico","tag-consejo-intermunicipal-de-seguridad","tag-estado-de-mexico","tag-naucalpan"],"_links":{"self":[{"href":"https:\/\/www.diarioimagen.net\/index.php?rest_route=\/wp\/v2\/posts\/423244","targetHints":{"allow":["GET"]}}],"collection":[{"href":"https:\/\/www.diarioimagen.net\/index.php?rest_route=\/wp\/v2\/posts"}],"about":[{"href":"https:\/\/www.diarioimagen.net\/index.php?rest_route=\/wp\/v2\/types\/post"}],"author":[{"embeddable":true,"href":"https:\/\/www.diarioimagen.net\/index.php?rest_route=\/wp\/v2\/users\/3"}],"replies":[{"embeddable":true,"href":"https:\/\/www.diarioimagen.net\/index.php?rest_route=%2Fwp%2Fv2%2Fcomments&post=423244"}],"version-history":[{"count":0,"href":"https:\/\/www.diarioimagen.net\/index.php?rest_route=\/wp\/v2\/posts\/423244\/revisions"}],"wp:featuredmedia":[{"embeddable":true,"href":"https:\/\/www.diarioimagen.net\/index.php?rest_route=\/wp\/v2\/media\/423333"}],"wp:attachment":[{"href":"https:\/\/www.diarioimagen.net\/index.php?rest_route=%2Fwp%2Fv2%2Fmedia&parent=423244"}],"wp:term":[{"taxonomy":"category","embeddable":true,"href":"https:\/\/www.diarioimagen.net\/index.php?rest_route=%2Fwp%2Fv2%2Fcategories&post=423244"},{"taxonomy":"post_tag","embeddable":true,"href":"https:\/\/www.diarioimagen.net\/index.php?rest_route=%2Fwp%2Fv2%2Ftags&post=423244"}],"curies":[{"name":"wp","href":"https:\/\/api.w.org\/{rel}","templated":true}]}}