{"id":423267,"date":"2019-04-11T00:04:08","date_gmt":"2019-04-11T05:04:08","guid":{"rendered":"https:\/\/www.diarioimagen.net\/?p=423267"},"modified":"2019-04-11T01:54:37","modified_gmt":"2019-04-11T06:54:37","slug":"emiliano-zapata-uaem","status":"publish","type":"post","link":"https:\/\/www.diarioimagen.net\/?p=423267","title":{"rendered":"Emiliano Zapata-UAEM"},"content":{"rendered":"<h2>Espacio Electoral<\/h2>\n<h5>Eleazar Flores<\/h5>\n<p><strong>\u00a0<\/strong><\/p>\n<p><strong>\u00bfCosa menor?.-<\/strong> Por precauci\u00f3n o como\u00a0 quiera llamarle pero el presidente Andr\u00e9s Manuel L\u00f3pez Obrador se abstuvo de acudir a Cuautla y s\u00f3lo lleg\u00f3 a Cuernavaca para encabezar el acto central por el centenario de la muerte del general Emiliano Zapata Salazar.<\/p>\n<p>Un nieto del caudillo del sur le record\u00f3 al mandatario que no lo acompa\u00f1ar\u00edan por incumplir sus promesas de candidato, la principal, la ejecuci\u00f3n de la termoel\u00e9ctrica \u201cnos dijo una cosa y hoy hace otra, no hay congruencia\u201d.<\/p>\n<p>Por el pronunciamiento el equipo presidencial busc\u00f3 pretextos para no ir a Cuautla, qued\u00e1ndose s\u00f3lo en Cuernavaca, con el gobernador Cuauht\u00e9moc Blanco.<\/p>\n<p>Como ver\u00e1, las inconformidades en contra de acciones del mandatario obedecen en Morelos y otras partes del pa\u00eds, a que hace todo lo contrario de lo anunciado en campa\u00f1a.<\/p>\n<p>Ejemplos sobran pero adem\u00e1s del asunto de la termoel\u00e9ctrica duele nacionalmente la suspensi\u00f3n del apoyo a las guarder\u00edas, por m\u00e1s que se quiera justificar de distintas formas la medida.<\/p>\n<p>Incumplimientos y contradicciones est\u00e1n a la orden del d\u00eda en el equipo de la Cuarta Transformaci\u00f3n, como las rectificaciones presidenciales a funcionarios de Hacienda por lo de la odiada tenencia vehicular o bien lo del aeropuerto que la SCT dijo que la cancelaci\u00f3n de la obra no fue por corrupci\u00f3n sino por errores t\u00e9cnicos, lo que el mandatario corrigi\u00f3 en la ma\u00f1anera.<\/p>\n<p><strong>UAEM.-<\/strong> En el Estado de M\u00e9xico y contra lo que se pensaba, la comunidad universitaria despert\u00f3, reaccion\u00f3 y ayer mismo entreg\u00f3 a la Legislatura Local su iniciativa de ley, la avalada por el grueso de la comunidad estudiantil.<\/p>\n<p>La entrega la hizo el rector Alfredo Barrera y el director jur\u00eddico del gobierno Rodrigo Espelta Aladro, con el respaldo de unos cuatro mil estudiantes y maestros.<\/p>\n<p>Este contingente parti\u00f3 de ciudad universitaria hasta la sede de la C\u00e1mara de Diputados, advirtiendo que esta iniciativa s\u00ed tiene el sentir de los universitarios, de lo que carece la presentada el pasado fin de semana por acad\u00e9micos y legisladores simpatizantes de Morena, a la cual advirtieron que no aceptar\u00e1n por ning\u00fan motivo.<\/p>\n<p>El despertar de la comunidad universitaria fue bien visto por la opini\u00f3n p\u00fablica, misma que hab\u00eda condenado la intromisi\u00f3n de legisladores y acad\u00e9micos \u201cmorenos\u201d, quienes incluso propon\u00edan en su iniciativa la creaci\u00f3n de un Consejo Electoral Universitario, instancia con la cual relegaban a \u00faltimo t\u00e9rmino al Consejo Universitario. Podr\u00edan reencauzarse las cosas si hay abstenci\u00f3n morena.<\/p>\n<p><strong>Tener\u00eda.-<\/strong>Asunto pendiente es el de la Normal de Tener\u00eda de Tenancingo que ayer volvi\u00f3 a secuestrar autobuses ante la incompetencia de la Secretar\u00eda General de Gobierno, que no ha logrado meter orden, y la entendible molestia de permisionarios que registran cuantiosas p\u00e9rdidas.<\/p>\n<p><a href=\"mailto:elefa44@gmail.com\" target=\"_blank\" rel=\"noopener noreferrer\"><em>elefa44@gmail.com<\/em><\/a><\/p>\n","protected":false},"excerpt":{"rendered":"<p><span style=\"color: #005497;\"><strong>Eleazar Flores<\/strong><\/span><\/p>\n","protected":false},"author":3,"featured_media":0,"comment_status":"open","ping_status":"open","sticky":false,"template":"","format":"standard","meta":{"_monsterinsights_skip_tracking":false,"_monsterinsights_sitenote_active":false,"_monsterinsights_sitenote_note":"","_monsterinsights_sitenote_category":0,"footnotes":""},"categories":[81743],"tags":[81744,81776,43674],"class_list":["post-423267","post","type-post","status-publish","format-standard","hentry","category-eleazar-flores","tag-eleazar-flores","tag-espacio-electoral","tag-opinion"],"_links":{"self":[{"href":"https:\/\/www.diarioimagen.net\/index.php?rest_route=\/wp\/v2\/posts\/423267","targetHints":{"allow":["GET"]}}],"collection":[{"href":"https:\/\/www.diarioimagen.net\/index.php?rest_route=\/wp\/v2\/posts"}],"about":[{"href":"https:\/\/www.diarioimagen.net\/index.php?rest_route=\/wp\/v2\/types\/post"}],"author":[{"embeddable":true,"href":"https:\/\/www.diarioimagen.net\/index.php?rest_route=\/wp\/v2\/users\/3"}],"replies":[{"embeddable":true,"href":"https:\/\/www.diarioimagen.net\/index.php?rest_route=%2Fwp%2Fv2%2Fcomments&post=423267"}],"version-history":[{"count":0,"href":"https:\/\/www.diarioimagen.net\/index.php?rest_route=\/wp\/v2\/posts\/423267\/revisions"}],"wp:attachment":[{"href":"https:\/\/www.diarioimagen.net\/index.php?rest_route=%2Fwp%2Fv2%2Fmedia&parent=423267"}],"wp:term":[{"taxonomy":"category","embeddable":true,"href":"https:\/\/www.diarioimagen.net\/index.php?rest_route=%2Fwp%2Fv2%2Fcategories&post=423267"},{"taxonomy":"post_tag","embeddable":true,"href":"https:\/\/www.diarioimagen.net\/index.php?rest_route=%2Fwp%2Fv2%2Ftags&post=423267"}],"curies":[{"name":"wp","href":"https:\/\/api.w.org\/{rel}","templated":true}]}}