{"id":423481,"date":"2019-04-12T00:00:15","date_gmt":"2019-04-12T05:00:15","guid":{"rendered":"https:\/\/www.diarioimagen.net\/?p=423481"},"modified":"2019-04-12T01:59:40","modified_gmt":"2019-04-12T06:59:40","slug":"guardia-nacional-a-punto-de-iniciar-actividades-en-quintana-roo","status":"publish","type":"post","link":"https:\/\/www.diarioimagen.net\/?p=423481","title":{"rendered":"Guardia Nacional, a punto de iniciar actividades en Quintana Roo"},"content":{"rendered":"<h2>Derecho de r\u00e9plica<\/h2>\n<p>&nbsp;<\/p>\n<ul>\n<li><strong><em>En un inicio, estar\u00e1 conformada por elementos de las polic\u00edas Militar, Naval y Federal<\/em><\/strong><\/li>\n<\/ul>\n<p>&nbsp;<\/p>\n<p>&nbsp;<\/p>\n<p>&nbsp;<\/p>\n<p>La Guardia Nacional iniciar\u00e1 sus actividades con la creaci\u00f3n de 150 delegaciones de un total de 266 con las que contar\u00e1 al final del sexenio, una de las primeras ser\u00e1 la de Canc\u00fan, pues ya existen las instalaciones para ello. En un inicio, la Guardia Nacional\u00a0 estar\u00e1 conformada por elementos de la Polic\u00eda Militar, la Polic\u00eda Naval y la Polic\u00eda Federal, que ser\u00e1n comisionados por cinco a\u00f1os.<\/p>\n<p>Todos los recursos y elementos de la PM, PN y PF transitar\u00e1n hacia el nuevo cuerpo, por lo que ya fueron equipadas con las herramientas y materiales necesarios, como es el caso de la 10\u00aa brigada de Polic\u00eda Militar, con base en Isla Mujeres y desde donde se desplegar\u00e1n los nuevos gendarmes a los estados de la pen\u00ednsula, incluso hasta Tabasco y Chiapas.<\/p>\n<p>Le comentamos esto porque, ayer, el presidente Andr\u00e9s Manuel L\u00f3pez Obrador, nombr\u00f3 al general, casi en retiro<strong>,\u00a0<\/strong>Luis Rodr\u00edguez Bucio,\u00a0que comandar\u00e1 la nueva fuerza de seguridad, que ha creado grandes expectativas, pues el pa\u00eds entero se encuentra en un torbellino de violencia que amenaza con arrasar con la inversi\u00f3n privada y las fuentes de empleo de polos tur\u00edsticos como Canc\u00fan.<\/p>\n<p style=\"text-align: center;\"><strong>La GN, en QR<\/strong><\/p>\n<p>Sin lugar a duda, el que la 10\u00aa brigada de la Polic\u00eda Militar, que se encuentra en la zona continental de Isla Mujeres, ser\u00e1 clave para regresar a la tranquilidad en el polo tur\u00edstico m\u00e1s importante del pa\u00eds y de Latinoam\u00e9rica. Sus 3,200 elementos, comandados por el general Bernab\u00e9 Bernardo\u00a0Ch\u00e1vez\u00a0Lira, ser\u00e1n comisionados para, al menos, por cinco a\u00f1os, poner las bases de la Guardia Nacional.<\/p>\n<p>Se espera que el inicio de la operaci\u00f3n de la Guardia Nacional sea radical para lograr el descenso de los \u00edndices de violencia, pues a diferencia de la ahora Polic\u00eda Militar, Polic\u00eda Naval, la GN no servir\u00e1 de apoyo a las fuerzas policiales civiles, sino, se convertir\u00e1n en\u00a0\u00a0primeros respondientes y podr\u00e1n hacer detenciones, cateos, revisiones y dem\u00e1s actividades policiales sin la necesidad de que una polic\u00eda civil los respalde.<\/p>\n<p>Hoy por hoy, con la corrupci\u00f3n que existe en los cuerpos policiales, la efectividad del apoyo de las fuerzas castrenses queda restringida a intereses particulares, pero, como dice AMLO, eso se termin\u00f3\u2026aunque no les guste, e incluso, pese a existir un Mando \u00danico policial, la coordinaci\u00f3n con las fuerzas municipales y estatales, no impedir\u00e1 la actividad independiente de la Guardia Nacional.<\/p>\n<p style=\"text-align: center;\"><strong>Tendr\u00e1 Playa del Carmen 954 mdp para obra p\u00fablica<\/strong><\/p>\n<p>Adem\u00e1s de elegir a Quintana Roo como uno de los lugares donde de manera inmediata inciar\u00e1 la operaci\u00f3n de la Guardia Nacional, el Presidente de la Rep\u00fablica eligi\u00f3 a Playa del Carmen como una de las ciudades tur\u00edsticas entre las\u00a0\u00a015 ciudades prioritarias donde, el gobierno federal enfocar\u00e1 sus reflectores para mejorar los servicios p\u00fablicos y ofrecer mejor infraestructura a las colonias populares, donde viven los trabajadores de la industria tur\u00edstica y as\u00ed reducir las marcadas diferencias entre las zonas tur\u00edsticas y las populares.<\/p>\n<p>As\u00ed lo confirm\u00f3 la presidenta de Solidaridad, Laura Beristain Navarrete, quien durante la presentaci\u00f3n del Plan Municipal de Desarrollo 2018-2021, anunci\u00f3 una inversi\u00f3n hist\u00f3rica de 954 millones de pesos para\u00a0\u00a0este 2019, que con el apoyo del gobierno federal, dotar\u00e1 de obras de alto impacto social y abatir\u00e1 el rezago en que miles de familias viven.<\/p>\n<p>Aunado a lo que el gobierno federal tiene destinado para Solidaridad, el municipio increment\u00f3 m\u00e1s de 300 por ciento la inversi\u00f3n con recursos propios.<\/p>\n<p>Las diversas partidas presupuestales federales pondr\u00e1n en marcha 52 obras sociales de alto impacto, entre las que destacan\u00a0\u00a0un nuevo mercado municipal, espacios deportivos, la rehabilitaci\u00f3n del poliforum del Ejido, parques, domos, equipamiento deportivo, guarniciones y banquetas inclusivas, pasos peatonales, pavimentaci\u00f3n, comedores escolares, alumbrado p\u00fablico, un nuevo pante\u00f3n y el edificio para el Grupo Especializado de Atenci\u00f3n a la Violencia Familiar y de G\u00e9nero y la rehabilitaci\u00f3n de la emblem\u00e1tica Quinta Avenida.<\/p>\n<p style=\"text-align: center;\"><strong>IM <em>batea<\/em> a Uber<\/strong><\/p>\n<p>En el\u00a0Instituto de Movilidad parece que tomaron clases de bateo con AMLO, pues le dieron tremendo swing a la trasnacional Uber y no le dijo\u00a0<em>ni si, ni no<\/em> (sino todo lo contrario, jijijiji) a su permiso para iniciar operaciones.<\/p>\n<p>El IM, que encabeza\u00a0Jorge P\u00e9rez, le inform\u00f3 a Uber que, al ser un organismo de reciente creaci\u00f3n, en este momento no est\u00e1 facultado para expedir nuevas concesiones o autorizaciones, de modo que no puede operar en el estado, as\u00ed de f\u00e1cil.<\/p>\n<p>Jorge P\u00e9rez P\u00e9rez mand\u00f3 a Uber a\u2026julio, jijijiji, mes en el que, tal vez, ya tengan los reglamentos\u00a0para expedir nuevas concesiones o autorizaciones.<\/p>\n<p>Con ello, el IM le dio una atajada a la estratega de Uber, al alegar que ellos no necesitan concesi\u00f3n para operar, sino autorizaci\u00f3n, cosa que tampoco les quiso dar\u00a0P\u00e9rez P\u00e9rez.<\/p>\n<p>Por su parte, Uber amenaza con tener una suspensi\u00f3n definitiva, con la que se entrar\u00eda de lleno a la resoluci\u00f3n de un amparo que les permita operar por encima de las leyes estatales y bajo sus propios t\u00e9rminos, sin embargo,\u00a0P\u00e9rez P\u00e9rez, tambi\u00e9n tiene fildeo para esa recta, pues asegur\u00f3 que tampoco autorizar\u00e1 un permiso bajo esos t\u00e9rminos, pues est\u00e1n ampar\u00e1ndose contra una ley no contra las actividades del Instituto, de modo que la resoluci\u00f3n final est\u00e1 en el \u00e1mbito jur\u00eddico, en el \u00e1mbito legal de Uber y la Consejer\u00eda Jur\u00eddica del gobierno del estado.<\/p>\n<p>Dice el runr\u00fan que, antes de que Uber quiera operar, en el sindicato de taxistas quieren afianzar el servicio del <em>taxi naranja<\/em> y otras aplicaciones que ellos tienen, para ello trabajan en dar un servicio de calidad, para hacer un p\u00fablico cautivo, que los prefiera antes que Uber.<\/p>\n<p style=\"text-align: center;\"><strong>Morena ser\u00e1 lo mismo de siempre<\/strong><\/p>\n<p>Ricardo Velazco, dirigente de Morena en Quintana Roo, confirm\u00f3 que la ex pri\u00edsta y ex panalista Susana Hurtado es la candidata por el distrito 6, mientras que por el distrito 7 va Fernanda Trejo, eso pese a que Erika Castillo y Erick S\u00e1nchez C\u00f3rdova, quienes ocupaban esas candidaturas interpusieron recursos de impugnaci\u00f3n y el pleito puede terminar en la Sala Superior de Tribunal Electoral de Xalapa.<\/p>\n<p>Ya sea Erika Castillo o Susy Hurtado, la que ocupe la candidatura, eso no importa, pues ambas tienen tatuado al PRI, por lo que no habr\u00e1 diferencia. \u00a1Se ten\u00eda que decir y se dijo!<\/p>\n","protected":false},"excerpt":{"rendered":"<p><span style=\"color: #005497;\"><strong>Derecho de r\u00e9plica<\/strong><\/span><\/p>\n","protected":false},"author":3,"featured_media":0,"comment_status":"open","ping_status":"open","sticky":false,"template":"","format":"standard","meta":{"_monsterinsights_skip_tracking":false,"_monsterinsights_sitenote_active":false,"_monsterinsights_sitenote_note":"","_monsterinsights_sitenote_category":0,"footnotes":""},"categories":[62907],"tags":[47840,43674],"class_list":["post-423481","post","type-post","status-publish","format-standard","hentry","category-derecho-de-replica","tag-derecho-de-replica","tag-opinion"],"_links":{"self":[{"href":"https:\/\/www.diarioimagen.net\/index.php?rest_route=\/wp\/v2\/posts\/423481","targetHints":{"allow":["GET"]}}],"collection":[{"href":"https:\/\/www.diarioimagen.net\/index.php?rest_route=\/wp\/v2\/posts"}],"about":[{"href":"https:\/\/www.diarioimagen.net\/index.php?rest_route=\/wp\/v2\/types\/post"}],"author":[{"embeddable":true,"href":"https:\/\/www.diarioimagen.net\/index.php?rest_route=\/wp\/v2\/users\/3"}],"replies":[{"embeddable":true,"href":"https:\/\/www.diarioimagen.net\/index.php?rest_route=%2Fwp%2Fv2%2Fcomments&post=423481"}],"version-history":[{"count":0,"href":"https:\/\/www.diarioimagen.net\/index.php?rest_route=\/wp\/v2\/posts\/423481\/revisions"}],"wp:attachment":[{"href":"https:\/\/www.diarioimagen.net\/index.php?rest_route=%2Fwp%2Fv2%2Fmedia&parent=423481"}],"wp:term":[{"taxonomy":"category","embeddable":true,"href":"https:\/\/www.diarioimagen.net\/index.php?rest_route=%2Fwp%2Fv2%2Fcategories&post=423481"},{"taxonomy":"post_tag","embeddable":true,"href":"https:\/\/www.diarioimagen.net\/index.php?rest_route=%2Fwp%2Fv2%2Ftags&post=423481"}],"curies":[{"name":"wp","href":"https:\/\/api.w.org\/{rel}","templated":true}]}}