{"id":423578,"date":"2019-04-13T00:05:11","date_gmt":"2019-04-13T05:05:11","guid":{"rendered":"https:\/\/www.diarioimagen.net\/?p=423578"},"modified":"2019-04-13T05:31:43","modified_gmt":"2019-04-13T10:31:43","slug":"el-presidente-el-mando-civil","status":"publish","type":"post","link":"https:\/\/www.diarioimagen.net\/?p=423578","title":{"rendered":"El Presidente, el mando civil"},"content":{"rendered":"<h2>Desde el portal<\/h2>\n<h5>\u00c1ngel Soriano<\/h5>\n<p>&nbsp;<\/p>\n<div id=\"attachment_423616\" style=\"width: 470px\" class=\"wp-caption aligncenter\"><a href=\"https:\/\/www.diarioimagen.net\/wp-content\/uploads\/2019\/04\/rectores.jpg\"><img loading=\"lazy\" decoding=\"async\" aria-describedby=\"caption-attachment-423616\" class=\"size-large wp-image-423616\" src=\"https:\/\/www.diarioimagen.net\/wp-content\/uploads\/2019\/04\/rectores-460x259.jpg\" alt=\"\" width=\"460\" height=\"259\" srcset=\"https:\/\/www.diarioimagen.net\/wp-content\/uploads\/2019\/04\/rectores-460x259.jpg 460w, https:\/\/www.diarioimagen.net\/wp-content\/uploads\/2019\/04\/rectores-240x135.jpg 240w, https:\/\/www.diarioimagen.net\/wp-content\/uploads\/2019\/04\/rectores-235x132.jpg 235w, https:\/\/www.diarioimagen.net\/wp-content\/uploads\/2019\/04\/rectores-202x114.jpg 202w, https:\/\/www.diarioimagen.net\/wp-content\/uploads\/2019\/04\/rectores-350x196.jpg 350w, https:\/\/www.diarioimagen.net\/wp-content\/uploads\/2019\/04\/rectores-220x123.jpg 220w, https:\/\/www.diarioimagen.net\/wp-content\/uploads\/2019\/04\/rectores-237x132.jpg 237w, https:\/\/www.diarioimagen.net\/wp-content\/uploads\/2019\/04\/rectores.jpg 480w\" sizes=\"auto, (max-width: 460px) 100vw, 460px\" \/><\/a><p id=\"caption-attachment-423616\" class=\"wp-caption-text\">El rector de la UNAM, Enrique Graue Viechers y el de la UABJO, Enrique Bautista Mart\u00ednez renovaron un vasto convenio de colaboraci\u00f3n acad\u00e9mica<\/p><\/div>\n<p>&nbsp;<\/p>\n<p>El presidente Andr\u00e9s Manuel L\u00f3pez Obrador aclar\u00f3 que, como comandante supremo de las Fuerzas Armadas del pa\u00eds, es el responsable de la actuaci\u00f3n de la tropa y de las corporaciones policiacas federales. Sustenta su dicho que, en el 68, el que dio la orden de actuar en contra de los estudiantes fue el presidente de la Rep\u00fablica y el mismo mando orden\u00f3 la guerra al narcotr\u00e1fico.<\/p>\n<p>Habr\u00e1 que recordar que el mismo presidente Gustavo D\u00edaz Ordaz asumi\u00f3 la responsabilidad de los sucesos del 68 y de lo cual, seg\u00fan el tabasque\u00f1o, tiene testimonio de que el Estado Mayor Presidencial fue quien hizo los disparos seg\u00fan lo confes\u00f3 el entonces titular de la Sedena, el General Marcelino Garc\u00eda Barrag\u00e1n, al ex presidente L\u00e1zaro C\u00e1rdenas.<\/p>\n<p>Calder\u00f3n tambi\u00e9n fue quien dio la orden de desatar la guerra al narcotr\u00e1fico. Sin dar su nombre, dijo que en Apatzingan, se puso una chaqueta militar y azuz\u00f3 al ej\u00e9rcito. Dio un palo al avispero y desde entonces han quedado tendidos miles de muertos en el pa\u00eds. Eso ya no volver\u00e1 a ocurrir, o cuando menos en su administraci\u00f3n, ya que como responsable de las fuerzas armadas no dar\u00e1 una orden en contra del pueblo.<\/p>\n<p>Cifras m\u00e1s o cifras menos de muertos no es lo importante en un debate con el periodista mexicano-estadunidense Jorge Ramos, como tampoco es trascendente si el mando de la Guardia Nacional es militar. Lo importante es el compromiso del Jefe de la Naci\u00f3n de que hechos que han propiciado una carnicer\u00eda nacional, no volver\u00e1n a ocurrir. Y el mando civil es el Presidente de la Rep\u00fablica, ha quedado claro.<\/p>\n<p style=\"text-align: center;\"><strong>TURBULENCIAS<br \/>\nA debate el lugar de la prensa<\/strong><\/p>\n<p>Con Jorge Ramos tambi\u00e9n se ventil\u00f3 el tema de la revelaci\u00f3n de la fuente period\u00edstica, pero esto est\u00e1 superado. El Ejecutivo Federal argumenta que si se pide transparencia al sector oficial, \u00e9ste tambi\u00e9n tiene derecho a pedirlo de sus detractores. Este asunto ha sido debatido en el pasado y se estableci\u00f3 el derecho de los comunicadores a no revelar sus fuentes. En cambio, con Isabel Arvide, se toc\u00f3 otro asunto en la relaci\u00f3n de los medios con el poder: hay medios y periodistas consentidos que gozan todav\u00eda de los privilegios del poder y hay quienes siempre han estado al margen de los mismos por no ser gratos al sistema o no acercarse al poder, pero cuya honestidad y trayectoria profesional no est\u00e1 en duda. Entonces debe haber una relaci\u00f3n equitativa de los de arriba con los de abajo. Y el tema lo encomend\u00f3 el tabasque\u00f1o a Jes\u00fas Ram\u00edrez Cuevas, de encontrar una forma de equilibrar la relaci\u00f3n medios-sector p\u00fablico. En la IV Transformaci\u00f3n, tambi\u00e9n deben abordarse estos asuntos que mantienen al borde de la quiebra, o en plena quiebra, a empresas period\u00edsticas de todo el pa\u00eds\u2026 Miguel Barbosa no tendr\u00e1 ning\u00fan problema para que Morena de respuesta satisfactoria al TEPJF de la forma de c\u00f3mo decidi\u00f3 su candidatura a la gubernatura de Puebla, pues s\u00f3lo tendr\u00e1 que se\u00f1alar que las encuestas y la militancia lo favorecieron por encima de sus competidores. \u201cEstoy orgulloso de ser otra vez candidato de la coalici\u00f3n Morena-PT-PV\u201d, se\u00f1al\u00f3 el ex senador\u2026 Fue cancelado de manera unilateral el foro: \u201cEl Istmo de Tehuantepec, geopol\u00edtica y soberan\u00eda nacional\u201d que iba a realizarse en el Senado de la Rep\u00fablica y los organizadores exigen una explicaci\u00f3n al senador F\u00e9lix Salgado Macedonio, de la Comisi\u00f3n de la Defensa Nacional, pues se trata de un tema de inter\u00e9s nacional\u2026 El rector de la UNAM, Enrique Graue Viechers y el de la UABJO, Enrique Bautista Mart\u00ednez renovaron un vasto convenio de colaboraci\u00f3n acad\u00e9mica que da seguimiento a los anteriores y ampl\u00eda la oferta educativa en ense\u00f1anza de idiomas, bellas artes, educaci\u00f3n a distancia e investigaci\u00f3n intercultural, entre otros. \u201cCon la Universidad Aut\u00f3noma \u2018Benito Ju\u00e1rez\u2019 de Oaxaca a morir\u201d,\u00a0 dijo Graue en un encuentro ameno entre funcionarios de ambas instituciones en la Torre de la Rector\u00eda de CU\u2026<\/p>\n<p><em><a href=\"mailto:asorianocarrasco@yahoo.com\" target=\"_blank\" rel=\"noopener noreferrer\">asorianocarrasco@yahoo.com<\/a><br \/>\n<a href=\"https:\/\/twitter.com\/brecharevista\" target=\"_blank\" rel=\"noopener noreferrer\">@BrechaRevista<\/a><a href=\"mailto:asorianocarrasco@yahoo.com\" target=\"_blank\" rel=\"noopener noreferrer\"><br \/>\n<\/a><a href=\"https:\/\/revistabrecha.com\" target=\"_blank\" rel=\"noopener noreferrer\">www.revistabrecha.com<\/a><\/em><\/p>\n","protected":false},"excerpt":{"rendered":"<p><span style=\"color: #005497;\"><strong>\u00c1ngel Soriano<\/strong><\/span><br \/>\n<br \/>\nEl presidente Andr\u00e9s Manuel L\u00f3pez Obrador aclar\u00f3 que, como comandante supremo de las Fuerzas Armadas del pa\u00eds, es el responsable de la actuaci\u00f3n de la tropa y de las corporaciones policiacas federales. Sustenta su dicho que, en el 68, el que dio la orden de actuar en contra de los estudiantes fue el presidente de la Rep\u00fablica y el mismo mando orden\u00f3 la guerra al narcotr\u00e1fico.<\/p>\n","protected":false},"author":3,"featured_media":423616,"comment_status":"open","ping_status":"open","sticky":false,"template":"","format":"standard","meta":{"_monsterinsights_skip_tracking":false,"_monsterinsights_sitenote_active":false,"_monsterinsights_sitenote_note":"","_monsterinsights_sitenote_category":0,"footnotes":""},"categories":[135],"tags":[85,86,43674],"class_list":["post-423578","post","type-post","status-publish","format-standard","has-post-thumbnail","hentry","category-angel-soriano-opinion","tag-angel-soriano","tag-desde-el-portal","tag-opinion"],"_links":{"self":[{"href":"https:\/\/www.diarioimagen.net\/index.php?rest_route=\/wp\/v2\/posts\/423578","targetHints":{"allow":["GET"]}}],"collection":[{"href":"https:\/\/www.diarioimagen.net\/index.php?rest_route=\/wp\/v2\/posts"}],"about":[{"href":"https:\/\/www.diarioimagen.net\/index.php?rest_route=\/wp\/v2\/types\/post"}],"author":[{"embeddable":true,"href":"https:\/\/www.diarioimagen.net\/index.php?rest_route=\/wp\/v2\/users\/3"}],"replies":[{"embeddable":true,"href":"https:\/\/www.diarioimagen.net\/index.php?rest_route=%2Fwp%2Fv2%2Fcomments&post=423578"}],"version-history":[{"count":0,"href":"https:\/\/www.diarioimagen.net\/index.php?rest_route=\/wp\/v2\/posts\/423578\/revisions"}],"wp:featuredmedia":[{"embeddable":true,"href":"https:\/\/www.diarioimagen.net\/index.php?rest_route=\/wp\/v2\/media\/423616"}],"wp:attachment":[{"href":"https:\/\/www.diarioimagen.net\/index.php?rest_route=%2Fwp%2Fv2%2Fmedia&parent=423578"}],"wp:term":[{"taxonomy":"category","embeddable":true,"href":"https:\/\/www.diarioimagen.net\/index.php?rest_route=%2Fwp%2Fv2%2Fcategories&post=423578"},{"taxonomy":"post_tag","embeddable":true,"href":"https:\/\/www.diarioimagen.net\/index.php?rest_route=%2Fwp%2Fv2%2Ftags&post=423578"}],"curies":[{"name":"wp","href":"https:\/\/api.w.org\/{rel}","templated":true}]}}