{"id":423742,"date":"2019-04-15T00:11:35","date_gmt":"2019-04-15T05:11:35","guid":{"rendered":"https:\/\/www.diarioimagen.net\/?p=423742"},"modified":"2019-04-15T01:49:15","modified_gmt":"2019-04-15T06:49:15","slug":"el-ejercito-vigilara-selva-para-frenar-saqueo","status":"publish","type":"post","link":"https:\/\/www.diarioimagen.net\/?p=423742","title":{"rendered":"El Ej\u00e9rcito vigilar\u00e1 selva para frenar saqueo"},"content":{"rendered":"<p><a href=\"https:\/\/www.diarioimagen.net\/?attachment_id=423852\" rel=\"attachment wp-att-423852\"><img loading=\"lazy\" decoding=\"async\" class=\"aligncenter size-large wp-image-423852\" src=\"https:\/\/www.diarioimagen.net\/wp-content\/uploads\/2019\/04\/SELVA15-460x259.jpg\" alt=\"\" width=\"460\" height=\"259\" srcset=\"https:\/\/www.diarioimagen.net\/wp-content\/uploads\/2019\/04\/SELVA15-460x259.jpg 460w, https:\/\/www.diarioimagen.net\/wp-content\/uploads\/2019\/04\/SELVA15-240x135.jpg 240w, https:\/\/www.diarioimagen.net\/wp-content\/uploads\/2019\/04\/SELVA15-235x132.jpg 235w, https:\/\/www.diarioimagen.net\/wp-content\/uploads\/2019\/04\/SELVA15-202x114.jpg 202w, https:\/\/www.diarioimagen.net\/wp-content\/uploads\/2019\/04\/SELVA15-350x196.jpg 350w, https:\/\/www.diarioimagen.net\/wp-content\/uploads\/2019\/04\/SELVA15-220x123.jpg 220w, https:\/\/www.diarioimagen.net\/wp-content\/uploads\/2019\/04\/SELVA15-237x132.jpg 237w, https:\/\/www.diarioimagen.net\/wp-content\/uploads\/2019\/04\/SELVA15.jpg 480w\" sizes=\"auto, (max-width: 460px) 100vw, 460px\" \/><\/a><\/p>\n<p>&nbsp;<\/p>\n<p>El mandatario Andr\u00e9s Manuel L\u00f3pez Obrador anunci\u00f3 que se pondr\u00e1 en marcha un operativo militar para proteger la selva de Campeche de la explotaci\u00f3n, as\u00ed como de la pesca ilegal.<\/p>\n<p>Dijo que con su gobierno \u201cya acab\u00f3 la explotaci\u00f3n\u201d de la selva m\u00e1s extensa del pa\u00eds, ubicada en el sureste mexicano, por lo que se iniciar\u00e1 un operativo del Ej\u00e9rcito \u201cpara que no se siga saqueando la selva de Campeche\u201d.<\/p>\n<p>\u201cSon grandes y graves los problemas nacionales, hay much\u00edsimos problemas de gente que est\u00e1 en la c\u00e1rcel, de gente que est\u00e1 enferma y no tiene para curarse, de quienes no tienen permiso para la pesca, problemas de l\u00edmites en ejidos, problemas de devastaci\u00f3n de la selva en Calakmul.<\/p>\n<p>\u201cDe una vez aprovecho para decirle a los que est\u00e1n destruyendo la selva que ya va a llegar un grupo, vamos a mandar un operativo del Ej\u00e9rcito para que no sigan saqueando la selva de Campeche, se los adelanto. Tenemos que cuidar el patrimonio de nosotros y de las nuevas generaciones\u201d, dijo el Presidente durante la entrega de apoyos a beneficiarios de los Programas Integrales de Bienestar.<\/p>\n<p>Tambi\u00e9n pidi\u00f3 a los pescadores evitar la explotaci\u00f3n ilegal, porque \u201chay que cuidar al medio ambiente, sino ya ni el camaroncito va a haber y eso no es justo, que no se vaya a pescar ni siquiera una sardina\u201d. Acompa\u00f1ado por el gobernador de la entidad, Alejandro Moreno C\u00e1rdenas, sostuvo que su gobierno va a cuidar la naturaleza y va a \u201capoyar mucho a Campeche, y que haya inversi\u00f3n como nunca\u201d.<\/p>\n<p>En este acto, record\u00f3 que luego de tres campa\u00f1as, \u201cla tercera fue la vencida\u201d, que en su sexenio el voto ser\u00e1 libre y secreto, y que \u201cse va a acabar lo de la compra del voto, la entrega de despensa, el frijol con gorgojo, el tr\u00e1fico con la necesidad de la gente y la pobreza\u201d.<\/p>\n","protected":false},"excerpt":{"rendered":"<p>El mandatario Andr\u00e9s Manuel L\u00f3pez Obrador anunci\u00f3 que se pondr\u00e1 en marcha un operativo militar para proteger la selva de Campeche de la explotaci\u00f3n, as\u00ed como de la pesca ilegal.<\/p>\n","protected":false},"author":3,"featured_media":423852,"comment_status":"open","ping_status":"open","sticky":false,"template":"","format":"standard","meta":{"_monsterinsights_skip_tracking":false,"_monsterinsights_sitenote_active":false,"_monsterinsights_sitenote_note":"","_monsterinsights_sitenote_category":0,"footnotes":""},"categories":[3],"tags":[3573,43673,83966,84555,84554],"class_list":["post-423742","post","type-post","status-publish","format-standard","has-post-thumbnail","hentry","category-nacional","tag-ejercito-mexicano","tag-nacional","tag-saqueo","tag-selva","tag-viglancia"],"_links":{"self":[{"href":"https:\/\/www.diarioimagen.net\/index.php?rest_route=\/wp\/v2\/posts\/423742","targetHints":{"allow":["GET"]}}],"collection":[{"href":"https:\/\/www.diarioimagen.net\/index.php?rest_route=\/wp\/v2\/posts"}],"about":[{"href":"https:\/\/www.diarioimagen.net\/index.php?rest_route=\/wp\/v2\/types\/post"}],"author":[{"embeddable":true,"href":"https:\/\/www.diarioimagen.net\/index.php?rest_route=\/wp\/v2\/users\/3"}],"replies":[{"embeddable":true,"href":"https:\/\/www.diarioimagen.net\/index.php?rest_route=%2Fwp%2Fv2%2Fcomments&post=423742"}],"version-history":[{"count":0,"href":"https:\/\/www.diarioimagen.net\/index.php?rest_route=\/wp\/v2\/posts\/423742\/revisions"}],"wp:featuredmedia":[{"embeddable":true,"href":"https:\/\/www.diarioimagen.net\/index.php?rest_route=\/wp\/v2\/media\/423852"}],"wp:attachment":[{"href":"https:\/\/www.diarioimagen.net\/index.php?rest_route=%2Fwp%2Fv2%2Fmedia&parent=423742"}],"wp:term":[{"taxonomy":"category","embeddable":true,"href":"https:\/\/www.diarioimagen.net\/index.php?rest_route=%2Fwp%2Fv2%2Fcategories&post=423742"},{"taxonomy":"post_tag","embeddable":true,"href":"https:\/\/www.diarioimagen.net\/index.php?rest_route=%2Fwp%2Fv2%2Ftags&post=423742"}],"curies":[{"name":"wp","href":"https:\/\/api.w.org\/{rel}","templated":true}]}}