{"id":423744,"date":"2019-04-15T00:11:10","date_gmt":"2019-04-15T05:11:10","guid":{"rendered":"https:\/\/www.diarioimagen.net\/?p=423744"},"modified":"2019-04-15T01:12:29","modified_gmt":"2019-04-15T06:12:29","slug":"entrega-difem-apoyos-funcionales-a-invidentes","status":"publish","type":"post","link":"https:\/\/www.diarioimagen.net\/?p=423744","title":{"rendered":"Entrega DIFEM apoyos funcionales a invidentes"},"content":{"rendered":"<ul>\n<li><strong><em>Beneficiarios de la Fundaci\u00f3n \u201cVemos con el Coraz\u00f3n\u201d<\/em><\/strong><\/li>\n<\/ul>\n<p>&nbsp;<\/p>\n<div id=\"attachment_423796\" style=\"width: 470px\" class=\"wp-caption aligncenter\"><a href=\"https:\/\/www.diarioimagen.net\/?attachment_id=423796\" rel=\"attachment wp-att-423796\"><img loading=\"lazy\" decoding=\"async\" aria-describedby=\"caption-attachment-423796\" class=\"size-large wp-image-423796\" src=\"https:\/\/www.diarioimagen.net\/wp-content\/uploads\/2019\/04\/DIFEM15-460x259.jpg\" alt=\"\" width=\"460\" height=\"259\" srcset=\"https:\/\/www.diarioimagen.net\/wp-content\/uploads\/2019\/04\/DIFEM15-460x259.jpg 460w, https:\/\/www.diarioimagen.net\/wp-content\/uploads\/2019\/04\/DIFEM15-240x135.jpg 240w, https:\/\/www.diarioimagen.net\/wp-content\/uploads\/2019\/04\/DIFEM15-235x132.jpg 235w, https:\/\/www.diarioimagen.net\/wp-content\/uploads\/2019\/04\/DIFEM15-202x114.jpg 202w, https:\/\/www.diarioimagen.net\/wp-content\/uploads\/2019\/04\/DIFEM15-350x196.jpg 350w, https:\/\/www.diarioimagen.net\/wp-content\/uploads\/2019\/04\/DIFEM15-220x123.jpg 220w, https:\/\/www.diarioimagen.net\/wp-content\/uploads\/2019\/04\/DIFEM15-237x132.jpg 237w, https:\/\/www.diarioimagen.net\/wp-content\/uploads\/2019\/04\/DIFEM15.jpg 480w\" sizes=\"auto, (max-width: 460px) 100vw, 460px\" \/><\/a><p id=\"caption-attachment-423796\" class=\"wp-caption-text\">Reciben beneficiarios de la Fundaci\u00f3n \u201cVemos con el Coraz\u00f3n\u201d kits para ense\u00f1anza de Braille y bastones.<\/p><\/div>\n<p>&nbsp;<\/p>\n<p><strong>Toluca, Estado de M\u00e9xico<\/strong>.- Joselyn Alva tiene siete a\u00f1os de edad y desde su nacimiento fue diagnosticada con hipoplasia del nervio \u00f3ptico, lo cual le provoc\u00f3 ceguera en ambos ojos, al igual que ella, 42 personas m\u00e1s con debilidad visual o ceguera fueron beneficiadas con kits de Braille y bastones blancos que el DIF Estado de M\u00e9xico, entreg\u00f3 en la Fundaci\u00f3n \u201cVemos con el Coraz\u00f3n\u201d.<\/p>\n<p>Miguel \u00c1ngel Torres Cabello, director general del DIF mexiquense en presencia de Dom\u00e9nica Naime Atala, presidenta de \u201cVemos con el Coraz\u00f3n\u201d, y Adriana Ramos Vizca\u00edno, directora de Atenci\u00f3n a la Discapacidad de este organismo, se\u00f1al\u00f3 que estos apoyos, que consisten en 32 kits de braille y 10 bastones blancos, permiten fortalecer la integraci\u00f3n educativa desde ni\u00f1os hasta adultos mayores que padecen este tipo de discapacidad.<\/p>\n<p>\u201cMe siento muy contento de poder convivir con ustedes y entregarles a nombre de la se\u00f1ora Fernanda Castillo de Del Mazo, presidenta honoraria del DIFEM, estos materiales educativos con mucho cari\u00f1o y con el entusiasmo de que les sirvan de gu\u00eda para desplazarse, leer, escribir y hacer muchas actividades de la vida cotidiana\u201d, expres\u00f3 Torres Cabello.<\/p>\n<p>Al recorrer este\u00a0 centro, Miguel \u00c1ngel Torres refrend\u00f3 el compromiso de la presidenta de este organismo, Fernanda Castillo, para seguir trabajando en\u00a0 la inclusi\u00f3n, sensibilizaci\u00f3n e integraci\u00f3n de las personas con discapacidad, invit\u00e1ndolos a acercarse al DIF estatal en donde tendr\u00e1n las puertas abiertas para ayudarlos, guiarlos y orientarlos para que junto con sus familias puedan desarrollarse en un ambiente que les permita mejorar su calidad de vida.<\/p>\n<p>\u201cHoy el DIFEM estrecha un lazo m\u00e1s de uni\u00f3n con esta excelente instituci\u00f3n, sepan que cuentan con todo nuestro apoyo para que ustedes tengan la oportunidad de realizar una carrera profesional, integrarse a un trabajo y sobre todo cumplir sus metas\u201d, extern\u00f3 el funcionario estatal.<\/p>\n<p>Por su parte, Dom\u00e9nica Naime agradeci\u00f3 el apoyo del gobernador Alfredo Del Mazo y de su esposa, Fernanda Castillo, as\u00ed como del DIFEM, por este tipo de ayudas para atender de manera eficiente y con calidez a la poblaci\u00f3n vulnerable.<\/p>\n<p>Cada kit de Braille est\u00e1 compuesto por una calculadora parlante, una regleta con punz\u00f3n, \u00e1baco, un juego de letras, n\u00fameros y figuras con relieve, un juego de geometr\u00eda, un cubo y mil 100 hojas ledger para escritura Braille.<\/p>\n","protected":false},"excerpt":{"rendered":"<p>Joselyn Alva tiene siete a\u00f1os de edad y desde su nacimiento fue diagnosticada con hipoplasia del nervio \u00f3ptico, lo cual le provoc\u00f3 ceguera en ambos ojos, al igual que ella, 42 personas m\u00e1s con debilidad visual o ceguera fueron beneficiadas con kits de Braille y bastones blancos que el DIF Estado de M\u00e9xico, entreg\u00f3 en la Fundaci\u00f3n \u201cVemos con el Coraz\u00f3n\u201d.<\/p>\n","protected":false},"author":3,"featured_media":423796,"comment_status":"open","ping_status":"open","sticky":false,"template":"","format":"standard","meta":{"_monsterinsights_skip_tracking":false,"_monsterinsights_sitenote_active":false,"_monsterinsights_sitenote_note":"","_monsterinsights_sitenote_category":0,"footnotes":""},"categories":[5],"tags":[394,43675,84556,452],"class_list":["post-423744","post","type-post","status-publish","format-standard","has-post-thumbnail","hentry","category-estado-de-mexico","tag-difem","tag-estado-de-mexico","tag-invidentes","tag-toluca"],"_links":{"self":[{"href":"https:\/\/www.diarioimagen.net\/index.php?rest_route=\/wp\/v2\/posts\/423744","targetHints":{"allow":["GET"]}}],"collection":[{"href":"https:\/\/www.diarioimagen.net\/index.php?rest_route=\/wp\/v2\/posts"}],"about":[{"href":"https:\/\/www.diarioimagen.net\/index.php?rest_route=\/wp\/v2\/types\/post"}],"author":[{"embeddable":true,"href":"https:\/\/www.diarioimagen.net\/index.php?rest_route=\/wp\/v2\/users\/3"}],"replies":[{"embeddable":true,"href":"https:\/\/www.diarioimagen.net\/index.php?rest_route=%2Fwp%2Fv2%2Fcomments&post=423744"}],"version-history":[{"count":0,"href":"https:\/\/www.diarioimagen.net\/index.php?rest_route=\/wp\/v2\/posts\/423744\/revisions"}],"wp:featuredmedia":[{"embeddable":true,"href":"https:\/\/www.diarioimagen.net\/index.php?rest_route=\/wp\/v2\/media\/423796"}],"wp:attachment":[{"href":"https:\/\/www.diarioimagen.net\/index.php?rest_route=%2Fwp%2Fv2%2Fmedia&parent=423744"}],"wp:term":[{"taxonomy":"category","embeddable":true,"href":"https:\/\/www.diarioimagen.net\/index.php?rest_route=%2Fwp%2Fv2%2Fcategories&post=423744"},{"taxonomy":"post_tag","embeddable":true,"href":"https:\/\/www.diarioimagen.net\/index.php?rest_route=%2Fwp%2Fv2%2Ftags&post=423744"}],"curies":[{"name":"wp","href":"https:\/\/api.w.org\/{rel}","templated":true}]}}