{"id":423772,"date":"2019-04-15T00:07:55","date_gmt":"2019-04-15T05:07:55","guid":{"rendered":"https:\/\/www.diarioimagen.net\/?p=423772"},"modified":"2019-11-14T02:38:44","modified_gmt":"2019-11-14T08:38:44","slug":"toman-protesta-a-autoridades-auxiliares-de-huixquilucan","status":"publish","type":"post","link":"https:\/\/www.diarioimagen.net\/?p=423772","title":{"rendered":"Toman protesta a autoridades auxiliares de Huixquilucan"},"content":{"rendered":"<div id=\"attachment_423821\" style=\"width: 470px\" class=\"wp-caption aligncenter\"><a href=\"https:\/\/www.diarioimagen.net\/?attachment_id=423821\" rel=\"attachment wp-att-423821\"><img loading=\"lazy\" decoding=\"async\" aria-describedby=\"caption-attachment-423821\" class=\"size-large wp-image-423821\" src=\"https:\/\/www.diarioimagen.net\/wp-content\/uploads\/2019\/04\/HUIXQUILUCAN-15-460x259.jpg\" alt=\"\" width=\"460\" height=\"259\" srcset=\"https:\/\/www.diarioimagen.net\/wp-content\/uploads\/2019\/04\/HUIXQUILUCAN-15-460x259.jpg 460w, https:\/\/www.diarioimagen.net\/wp-content\/uploads\/2019\/04\/HUIXQUILUCAN-15-240x135.jpg 240w, https:\/\/www.diarioimagen.net\/wp-content\/uploads\/2019\/04\/HUIXQUILUCAN-15-235x132.jpg 235w, https:\/\/www.diarioimagen.net\/wp-content\/uploads\/2019\/04\/HUIXQUILUCAN-15-202x114.jpg 202w, https:\/\/www.diarioimagen.net\/wp-content\/uploads\/2019\/04\/HUIXQUILUCAN-15-350x196.jpg 350w, https:\/\/www.diarioimagen.net\/wp-content\/uploads\/2019\/04\/HUIXQUILUCAN-15-220x123.jpg 220w, https:\/\/www.diarioimagen.net\/wp-content\/uploads\/2019\/04\/HUIXQUILUCAN-15-237x132.jpg 237w, https:\/\/www.diarioimagen.net\/wp-content\/uploads\/2019\/04\/HUIXQUILUCAN-15.jpg 480w\" sizes=\"auto, (max-width: 460px) 100vw, 460px\" \/><\/a><p id=\"caption-attachment-423821\" class=\"wp-caption-text\">\u201cLos ciudadanos esperan mucho de ustedes y mucho de la presente administraci\u00f3n\u201d, les dijo el alcalde, Enrique Vargas del Villar.<\/p><\/div>\n<p>&nbsp;<\/p>\n<p><strong>Huixquilucan, Estado de M\u00e9xico<\/strong><strong>.-<\/strong> Durante la toma de protesta de ley a las autoridades auxiliares para el periodo 2019-2021, el presidente municipal de Huixquilucan, Enrique Vargas del Villar, asegur\u00f3 que a partir de ahora son un solo equipo para trabajar y darle resultados a la ciudadan\u00eda.<\/p>\n<p>\u201cCuentan con Enrique Vargas, primero como amigo y despu\u00e9s como un equipo, porque somos un solo equipo, aqu\u00ed ya no hay colores, ya no hay temas pol\u00edticos, aqu\u00ed hay trabajo\u201d, enfatiz\u00f3. Acompa\u00f1ado por la presidenta del sistema Municipal para el Desarrollo Integral de la Familia (DIF), Romina Contreras Carrasco; integrantes del cabildo, autoridades auxiliares salientes y vecinos, Vargas del Villar pidi\u00f3 reforzar el trabajo conjunto para seguir siendo el mejor municipio del Estado de M\u00e9xico.<\/p>\n<p>El alcalde, felicit\u00f3 a las autoridades auxiliares salientes por su labor en las comunidades, ya que fueron un puente importante de comunicaci\u00f3n con la poblaci\u00f3n.<\/p>\n<p>En tanto que a los Delegados, Subdelegados e integrantes de los Consejos de Participaci\u00f3n Ciudadana (Copaci), les record\u00f3 que son los representantes de sus colonias. \u201cLos ciudadanos esperan mucho de ustedes y mucho de la presente administraci\u00f3n.\u00a0 Estaremos trabajado de la mano para entregar apoyos a la gente e iniciar obras en las comunidades\u201d, apunt\u00f3.<\/p>\n<p>El secretario del ayuntamiento, Pablo Fern\u00e1ndez de Cevallos, se\u00f1al\u00f3 que los avances que se han realizado desde el 2016 no hubieran sido posibles sin el invaluable apoyo de las autoridades auxiliares.<\/p>\n<p>\u201cSu participaci\u00f3n, aportando el mejor de sus esfuerzos, prestando sus servicios a su comunidad y a su gente, es sin duda un ejemplo excelente de entrega, dedicaci\u00f3n al trabajo por el bien de su comunidad\u201d<\/p>\n<p>A las nuevas autoridades los invit\u00f3 a que despu\u00e9s del importante ejercicio democr\u00e1tico en el que fueron electos se comprometan a servir, atender, mantener el orden, la tranquilidad y la paz de sus comunidades, as\u00ed como acercar a las autoridades municipales con las necesidades de las personas que habitan en su comunidad.<\/p>\n<p>Durante este acto, el presidente municipal, Enrique Vargas del Villar entreg\u00f3 un reconocimiento a los integrantes de la Comisi\u00f3n Edilicia Transitoria para el Procedimiento de Elecci\u00f3n de Autoridades Auxiliares Municipales (Delegados y Subdelegados) e Integrantes de los Consejos de Participaci\u00f3n Ciudadana para el periodo 2019-2021.<\/p>\n","protected":false},"excerpt":{"rendered":"<p>Durante la toma de protesta de ley a las autoridades auxiliares para el periodo 2019-2021, el presidente municipal de Huixquilucan, Enrique Vargas del Villar, asegur\u00f3 que a partir de ahora son un solo equipo para trabajar y darle resultados a la ciudadan\u00eda.<\/p>\n","protected":false},"author":3,"featured_media":423821,"comment_status":"open","ping_status":"open","sticky":false,"template":"","format":"standard","meta":{"_monsterinsights_skip_tracking":false,"_monsterinsights_sitenote_active":false,"_monsterinsights_sitenote_note":"","_monsterinsights_sitenote_category":0,"footnotes":""},"categories":[5],"tags":[84560,2954,43675,1097,12784,65661],"class_list":["post-423772","post","type-post","status-publish","format-standard","has-post-thumbnail","hentry","category-estado-de-mexico","tag-auuxiliares","tag-dif","tag-estado-de-mexico","tag-huixquilucan","tag-protesta","tag-toma"],"_links":{"self":[{"href":"https:\/\/www.diarioimagen.net\/index.php?rest_route=\/wp\/v2\/posts\/423772","targetHints":{"allow":["GET"]}}],"collection":[{"href":"https:\/\/www.diarioimagen.net\/index.php?rest_route=\/wp\/v2\/posts"}],"about":[{"href":"https:\/\/www.diarioimagen.net\/index.php?rest_route=\/wp\/v2\/types\/post"}],"author":[{"embeddable":true,"href":"https:\/\/www.diarioimagen.net\/index.php?rest_route=\/wp\/v2\/users\/3"}],"replies":[{"embeddable":true,"href":"https:\/\/www.diarioimagen.net\/index.php?rest_route=%2Fwp%2Fv2%2Fcomments&post=423772"}],"version-history":[{"count":0,"href":"https:\/\/www.diarioimagen.net\/index.php?rest_route=\/wp\/v2\/posts\/423772\/revisions"}],"wp:featuredmedia":[{"embeddable":true,"href":"https:\/\/www.diarioimagen.net\/index.php?rest_route=\/wp\/v2\/media\/423821"}],"wp:attachment":[{"href":"https:\/\/www.diarioimagen.net\/index.php?rest_route=%2Fwp%2Fv2%2Fmedia&parent=423772"}],"wp:term":[{"taxonomy":"category","embeddable":true,"href":"https:\/\/www.diarioimagen.net\/index.php?rest_route=%2Fwp%2Fv2%2Fcategories&post=423772"},{"taxonomy":"post_tag","embeddable":true,"href":"https:\/\/www.diarioimagen.net\/index.php?rest_route=%2Fwp%2Fv2%2Ftags&post=423772"}],"curies":[{"name":"wp","href":"https:\/\/api.w.org\/{rel}","templated":true}]}}