{"id":423778,"date":"2019-04-15T00:11:45","date_gmt":"2019-04-15T05:11:45","guid":{"rendered":"https:\/\/www.diarioimagen.net\/?p=423778"},"modified":"2019-04-15T01:41:32","modified_gmt":"2019-04-15T06:41:32","slug":"y-entonces-ramos-ridiculizo-a-amlo","status":"publish","type":"post","link":"https:\/\/www.diarioimagen.net\/?p=423778","title":{"rendered":"Y entonces Ramos ridiculiz\u00f3 a AMLO"},"content":{"rendered":"<h2>Tras la puerta del poder<\/h2>\n<h5>Roberto Vizca\u00edno<\/h5>\n<p>&nbsp;<\/p>\n<div id=\"attachment_423833\" style=\"width: 470px\" class=\"wp-caption aligncenter\"><a href=\"https:\/\/www.diarioimagen.net\/?attachment_id=423833\" rel=\"attachment wp-att-423833\"><img loading=\"lazy\" decoding=\"async\" aria-describedby=\"caption-attachment-423833\" class=\"size-large wp-image-423833\" src=\"https:\/\/www.diarioimagen.net\/wp-content\/uploads\/2019\/04\/mas-vale-LUIS-XAVIER-460x353.jpg\" alt=\"\" width=\"460\" height=\"353\" srcset=\"https:\/\/www.diarioimagen.net\/wp-content\/uploads\/2019\/04\/mas-vale-LUIS-XAVIER-460x353.jpg 460w, https:\/\/www.diarioimagen.net\/wp-content\/uploads\/2019\/04\/mas-vale-LUIS-XAVIER-240x184.jpg 240w, https:\/\/www.diarioimagen.net\/wp-content\/uploads\/2019\/04\/mas-vale-LUIS-XAVIER-768x589.jpg 768w, https:\/\/www.diarioimagen.net\/wp-content\/uploads\/2019\/04\/mas-vale-LUIS-XAVIER.jpg 1200w\" sizes=\"auto, (max-width: 460px) 100vw, 460px\" \/><\/a><p id=\"caption-attachment-423833\" class=\"wp-caption-text\">\u00a1M\u00e1s vale..! | Luis Xavier<\/p><\/div>\n<p>&nbsp;<\/p>\n<p>Para nadie es una sorpresa que <strong>Jorge Ramos <\/strong>es un periodista que busca siempre ser \u201cla noticia\u201d.<\/p>\n<p>Y que casi siempre lo logra.<\/p>\n<p>Lo hizo cuando oblig\u00f3 a <strong>Donald Trump<\/strong> a que ordenara a sus guaruras que lo expulsaran a empujones de una conferencia.<\/p>\n<p>Y el 25 de febrero pasado lo logr\u00f3 cuando lleg\u00f3 a la oficina de <strong>Nicol\u00e1s Maduro <\/strong>y le pregunt\u00f3 c\u00f3mo lo deb\u00eda presentar, si como presidente o como dictador.<\/p>\n<p>Ese encuentro termin\u00f3 con la salida abrupta de <strong>Maduro <\/strong>y la retenci\u00f3n ilegal durante horas de <strong>Ramos<\/strong> y su equipo en el palacio presidencial de Miraflores en Caracas.<\/p>\n<p>C\u00e1maras y videos siguen sin ser entregados al periodista.<\/p>\n<p>Ese tipo de trabajos son los que busca <strong>Ramos.<\/strong><\/p>\n<p>Mexicano, radicado desde hace a\u00f1os en Estados Unidos, es el principal conductor de noticieros de Univisi\u00f3n.<\/p>\n<p>Dentro de su estilo, el viernes pasado <strong>Ramos <\/strong>desplaz\u00f3 a <strong>Andr\u00e9s Manuel L\u00f3pez Obrador<\/strong> de su conferencia ma\u00f1anera y lo someti\u00f3 a <em>talk-show<\/em> ante millones de televidentes e internautas que mostr\u00f3 a un mandatario err\u00e1tico, intolerante y emocionalmente incontrolado.<\/p>\n<p>Apenas unas cuantas preguntas despu\u00e9s del inicio de la conferencia, AMLO le dio la palabra mencion\u00e1ndolo por su nombre.<\/p>\n<p>Ramos le agradeci\u00f3 a su intervenci\u00f3n para que Maduro lo liberara de su retenci\u00f3n ilegal el 25 de febrero pasado y de inmediato inici\u00f3 su asedio period\u00edstico:<\/p>\n<p>&#8211; S\u00e9 que usted no quiere llamar dictadura a Venezuela, nosotros lo vivimos en carne propia. Pero estoy aqu\u00ed no para hablar de Venezuela, sino para hablar de M\u00e9xico y le tengo dos preguntas.<\/p>\n<p>&#8211; La primera es que, a nivel de criminalidad, las cosas (con Usted) no han cambiado en M\u00e9xico, se\u00f1or presidente.<\/p>\n<p>&#8211; Durante sus primeros tres meses asesinaron a ocho mil 524 mexicanos, si contin\u00faan las cifras igual, <em>2019 va a ser el a\u00f1o m\u00e1s sangriento y violento en la historia moderna de M\u00e9xico.<\/em><\/p>\n<p>&#8211; Qu\u00e9 bueno que trajo a miembros de la futura Guardia Nacional, <em>veo demasiados militares para una guardia civil, pero qu\u00e9 bueno que los trajo, porque para que ellos den resultados faltan muchos a\u00f1os.<\/em><\/p>\n<p>&#8211;\u00a0 As\u00ed que la pregunta es: \u00bfqu\u00e9 va a hacer a corto plazo para que no maten a tantos mexicanos y para que M\u00e9xico no siga siendo uno de los pa\u00edses m\u00e1s peligrosos del mundo para ejercer el periodismo?<\/p>\n<p>&#8211;\u00a0 Entre par\u00e9ntesis, no ayuda que usted desacredite a los periodistas, se\u00f1or presidente, o que pida que un medio revele sus fuentes. Eso es un ataque a la libertad de prensa.<\/p>\n<p>&#8211;\u00a0 Si usted hubiera dado a conocer la carta al rey de Espa\u00f1a, Reforma no hubiera tenido que filtrar o buscar fuentes confidenciales.<\/p>\n<p>&#8211;\u00a0 Pero la pregunta central es: \u00bfqu\u00e9 hacer para que ahora no maten a tantos mexicanos?<\/p>\n<p>En apenas menos de un minuto Ramos lo calific\u00f3 de incompetente al no poder bajar los \u00edndices de inseguridad y violencia; lo aline\u00f3 con Maduro y lo acus\u00f3 de ser el responsable de que Reforma &#8211;donde Ramos colabora desde hace a\u00f1os-, haya tenido que publicar una filtraci\u00f3n adem\u00e1s de encabezar un gobierno en el cual no han bajado las muertes de periodistas y de desacreditar a periodistas.<\/p>\n<p>Situado contra esa pared, <strong>AMLO <\/strong>s\u00f3lo acert\u00f3 a responder con un:<\/p>\n<p>\u201cEstamos trabajando todos los d\u00edas, Jorge, como nunca\u201d.<\/p>\n<p>Al mencionarlo por su nombre, <strong>L\u00f3pez Obrador <\/strong>convirti\u00f3 la conferencia de decenas de periodistas en una entrevista entre dos, entrevistador y entrevistado. Justo lo que<strong> Ramos <\/strong>quer\u00eda.<\/p>\n<p>Todo lo dem\u00e1s fue eso, una conversaci\u00f3n entre dos.<\/p>\n<p>AMLO le record\u00f3 que antes de \u00e9l ning\u00fan presidente se levant\u00f3 temprano para solucionar problemas de seguridad y menos para responder a la prensa.<\/p>\n<p>Y, para evitar que se le saliera del tema, vino la primera r\u00e9plica de <strong>Ramos,<\/strong> directa, sin matices:<\/p>\n<p>&#8211;\u00a0 \u2026 ha sido muy violento, se\u00f1or presidente, ese es el problema, que si sigue as\u00ed el 2019 va a ser terrible, el peor a\u00f1o que recordemos.<\/p>\n<p>\u201cHemos controlado la situaci\u00f3n seg\u00fan nuestros datos&#8230;\u201d, se defendi\u00f3 <strong>AMLO.<\/strong><\/p>\n<p>&#8211;\u00a0 Los que yo tengo, dicen otra cosa, no est\u00e1n controlando, al contrario, siguen muriendo muchos mexicanos, revir\u00f3 Ramos<\/p>\n<p>\u201c\u2026 s\u00ed, nos dejaron un pa\u00eds con mucha violencia porque hab\u00eda impunidad y mucha corrupci\u00f3n, que ya no hay. Aparte de atender el asunto\u2026\u201d, insisti\u00f3 el tabasque\u00f1o intentando recuperar el control del encuentro.<\/p>\n<p>Pero el due\u00f1o de todo, con el micr\u00f3fono abierto y en sus manos, Ramos atac\u00f3 de nuevo:<\/p>\n<p>&#8211; Impunidad sigue habiendo, los feminicidios, los asesinatos a seis periodistas durante su gobierno&#8230;<\/p>\n<p>\u201cEstamos nosotros atendiendo este tema, <strong>Jorge<\/strong>\u2026 no hab\u00eda ni siquiera elementos para garantizar la seguridad p\u00fablica, porque no pod\u00eda el Ej\u00e9rcito ni la Marina atender, por ley no estaban facultados para actuar en materia de seguridad p\u00fablica\u201d.<\/p>\n<p>El Presidente ya no le hablaba a su audiencia, ni a las decenas de reporteros mexicanos quienes sentados enfrente, silenciosos, quietos, s\u00f3lo miraban el desarrollo de la entrevista de <strong>Ramos <\/strong>a <strong>L\u00f3pez Obrador.<\/strong><\/p>\n<p>Lo que sigui\u00f3 fueron minutos en los que Ramos pas\u00f3 enfrente, al lado de L\u00f3pez Obrador a ver de cerca unas l\u00e1minas digitales llenas de n\u00fameros y porcentajes sobre el avance de la violencia y la muerte en M\u00e9xico.<\/p>\n<p>Pero sobre todo ver c\u00f3mo la experiencia de un conductor de noticias de TV, dedicado al<em> talk-show <\/em>m\u00e1s que a la noticia y a la informaci\u00f3n, somet\u00eda y hac\u00eda trastabillar al Presidente que se cre\u00eda invulnerable en eso de dar conferencias de prensa y de controlar y dirigir periodistas.<\/p>\n<p>Sus respuestas a los cuestionamientos de Ramos fueron siempre frases hechas, el mismo rollo de todos los d\u00edas, de que ahora s\u00ed se resolver\u00e1 lo de la inseguridad, de que con la Guardia Nacional ni le ver\u00e1n el polvo de la pacificaci\u00f3n del pa\u00eds y de que ya todo se ha detenido y va a la baja.<\/p>\n<p>Y el choro de que los culpables son los gobiernos del pasado, los de la etapa neoliberal, etc, etc.<\/p>\n<p>\u201cAhora se aprob\u00f3 una reforma constitucional\u2026\u201d, dijo AMLO.<\/p>\n<p>\u00a1Pero no ha resultado, se\u00f1or presidente!, estall\u00f3 <strong>Ramos.<\/strong><\/p>\n<p>\u201cClaro que s\u00ed hay resultados\u2026\u201d balbuceo L\u00f3pez Obrador.<\/p>\n<p>Las cifras indican que sigue aumentando el n\u00famero de asesinatos, ocho mil 524 en los tres meses primeros, refut\u00f3 el periodista.<\/p>\n<p>\u201cNo han aumentado\u2026\u201d, se defendi\u00f3 el tabasque\u00f1o.<\/p>\n<p>\u00a1Claro que han aumentado, por supuesto que s\u00ed!, lo enfrent\u00f3 Ramos.<\/p>\n<p>\u201c\u00a1No!&#8230; yo tengo otra informaci\u00f3n\u201d, dijo AMLO.<\/p>\n<p>Son cifras de su propia Secretar\u00eda de Seguridad, le revir\u00f3 el periodista\u2026<\/p>\n<p>\u201cS\u00ed, s\u00ed\u2026 pero yo te invito para que las revisemos\u201d, casi suplic\u00f3 el Presidente.<\/p>\n<p>\u00bfEsas no son ciertas, las cifras de la Secretar\u00eda de Seguridad?, interrog\u00f3 sin miramientos <strong>Ramos.<\/strong><\/p>\n<p>\u201c\u00a1Ah!, \u00bflas de nosotros no son ciertas?\u201d, intent\u00f3 recuperarse el tabasque\u00f1o.<\/p>\n<p>No, no, no, le pregunto que si las cifras de su Secretar\u00eda de Seguridad no son ciertas. Dicen que murieron ocho mil 524 mexicanos en los primeros tres meses, espet\u00f3 <strong>Ramos<\/strong> a sabiendas de que lo ten\u00eda en su corral.<\/p>\n<p>Y as\u00ed continuaron largos, angustiosos minutos m\u00e1s para AMLO. Acabada su entrevista, <strong>Ramos <\/strong>s\u00f3lo dijo: Gracias. Lo hab\u00eda sometido, expuesto, como a \u00e9l le gusta pues.<\/p>\n<p>Y entonces otros reporteros pudieron preguntarle al Presidente.<\/p>\n<p><em><a href=\"http:\/\/endirecto.mx\" target=\"_blank\" rel=\"noopener noreferrer\">www.endirecto.mx<\/a><\/em><br \/>\n<em><a href=\"https:\/\/twitter.com\/_rvizcaino\" target=\"_blank\" rel=\"noopener noreferrer\">@_RVizcaino<\/a><\/em><br \/>\n<a href=\"https:\/\/www.facebook.com\/rvizcainoa\" target=\"_blank\" rel=\"noopener noreferrer\">f<em>acebook.com\/rvizcainoa<\/em><\/a><\/p>\n","protected":false},"excerpt":{"rendered":"<p><span style=\"color: #005497;\"><strong>Roberto Vizca\u00edno<\/strong><\/span><br \/>\n<br \/>\nPara nadie es una sorpresa que <strong>Jorge Ramos <\/strong>es un periodista que busca siempre ser \u201cla noticia\u201d.<\/p>\n","protected":false},"author":3,"featured_media":423833,"comment_status":"open","ping_status":"open","sticky":false,"template":"","format":"standard","meta":{"_monsterinsights_skip_tracking":false,"_monsterinsights_sitenote_active":false,"_monsterinsights_sitenote_note":"","_monsterinsights_sitenote_category":0,"footnotes":""},"categories":[136],"tags":[43674,93,94],"class_list":["post-423778","post","type-post","status-publish","format-standard","has-post-thumbnail","hentry","category-roberto-vizcaino-opinion","tag-opinion","tag-roberto-vizcaino","tag-tras-la-puerta-del-poder"],"_links":{"self":[{"href":"https:\/\/www.diarioimagen.net\/index.php?rest_route=\/wp\/v2\/posts\/423778","targetHints":{"allow":["GET"]}}],"collection":[{"href":"https:\/\/www.diarioimagen.net\/index.php?rest_route=\/wp\/v2\/posts"}],"about":[{"href":"https:\/\/www.diarioimagen.net\/index.php?rest_route=\/wp\/v2\/types\/post"}],"author":[{"embeddable":true,"href":"https:\/\/www.diarioimagen.net\/index.php?rest_route=\/wp\/v2\/users\/3"}],"replies":[{"embeddable":true,"href":"https:\/\/www.diarioimagen.net\/index.php?rest_route=%2Fwp%2Fv2%2Fcomments&post=423778"}],"version-history":[{"count":0,"href":"https:\/\/www.diarioimagen.net\/index.php?rest_route=\/wp\/v2\/posts\/423778\/revisions"}],"wp:featuredmedia":[{"embeddable":true,"href":"https:\/\/www.diarioimagen.net\/index.php?rest_route=\/wp\/v2\/media\/423833"}],"wp:attachment":[{"href":"https:\/\/www.diarioimagen.net\/index.php?rest_route=%2Fwp%2Fv2%2Fmedia&parent=423778"}],"wp:term":[{"taxonomy":"category","embeddable":true,"href":"https:\/\/www.diarioimagen.net\/index.php?rest_route=%2Fwp%2Fv2%2Fcategories&post=423778"},{"taxonomy":"post_tag","embeddable":true,"href":"https:\/\/www.diarioimagen.net\/index.php?rest_route=%2Fwp%2Fv2%2Ftags&post=423778"}],"curies":[{"name":"wp","href":"https:\/\/api.w.org\/{rel}","templated":true}]}}