{"id":423884,"date":"2019-04-15T00:08:24","date_gmt":"2019-04-15T05:08:24","guid":{"rendered":"https:\/\/www.diarioimagen.net\/?p=423884"},"modified":"2019-04-15T02:09:48","modified_gmt":"2019-04-15T07:09:48","slug":"ya-vas-entrevista-con-enrique-beltranena","status":"publish","type":"post","link":"https:\/\/www.diarioimagen.net\/?p=423884","title":{"rendered":"Ya Vas, entrevista con Enrique Beltranena"},"content":{"rendered":"<h2>Detr\u00e1s del Poder<\/h2>\n<h5>Jos\u00e9 Antonio L\u00f3pez Sosa<\/h5>\n<p>&nbsp;<\/p>\n<p><strong>Acapulco, Guerrero<\/strong>.-\u00a0Dentro del Tianguis Tur\u00edstico n\u00famero 44 celebrado en Acapulco, una de las noticias que m\u00e1s destac\u00f3 en el rubro de la aviaci\u00f3n, fue el concepto http:\/\/www.yavas.com que lanz\u00f3 la aerol\u00ednea Volaris.<\/p>\n<p>Luego de la presentaci\u00f3n ante medios de comunicaci\u00f3n nacionales e intrenacionales, entrevistamos en exclusiva al CEO de la l\u00ednea a\u00e9rea, Enrique Beltranena, quien nos comparti\u00f3 m\u00e1s acerca de esta novedad.<\/p>\n<p>Jos\u00e9 Antonio L\u00f3pez.- Este anuncio viene a revolucionar lo que conocemos con relaci\u00f3n a Volaris, ya vend\u00edan paquetes antes, pero \u201cYa vas\u201d es una nueva forma de llegarle al cliente, \u00bfde d\u00f3nde surge esta idea y qu\u00e9 impacto esperan en sus clientes?<\/p>\n<p>Enrique Beltranena.-\u00a0 Yo creo que es especialmente de la lealtad de los clientes, si nosotros hemos ido desarrollando plataformas de bases de clientes, nuestro programa de descuentos tiene una plataforma de m\u00e1s de 800 mil afiliados.<\/p>\n<p>Nuestras tarjetas de cr\u00e9dito de marca compartida que tienen m\u00e1s de 250 mil tarjetahabientes y el a\u00f1o pasado, nos dimos cuenta que poco a poco, ibamos siendo la principal aerol\u00ednea del mercado. Creemos que ha llegado el momento en el que tenemos que comenzar a ver solo amigos, visitantes y parientes, sino tambi\u00e9n darle fuerza al tema de turismo, ah\u00ed surge la idea de comenzar a trabajar esta plataforma, que llevamos m\u00e1s de un a\u00f1o preparando.<\/p>\n<p>JAL.- Coment\u00f3 en la conferencia, que lleg\u00f3 el momento \u2014con Volaris\u2014 de democratizar la aviaci\u00f3n y, ahora supongo que buscan democratizar los viajes tambi\u00e9n, porque buscan que mucha gente tenga acceso a paquetes que en pasado, hubiese sido imposible pensar encontrar a un costo razonable, \u00bfes as\u00ed?<\/p>\n<p>EB.- Es correcto, mira yo lo que creo es que el toque importante de Volaris es la p\u00e1gina web, como lo expusimos, 4.5 millones de visitantes mensuales que es un m\u00fasculo de mercadotecnia y un m\u00fasculo de promoci\u00f3n, que le ayuda a los hoteles en un momento en que nos hemos quedado secos en promoci\u00f3n, sobre todo a los peque\u00f1os y medianos hoteles, que necesitan un esfuerzo y alguien que alapanque la promoci\u00f3n. Esto es muy positivo para M\u00e9xico.<\/p>\n<p>JAL.- Finalmente, esto es un crecimiento para Volaris como marca ya reconocida y, al mismo tiempo, una responsabilidad mayor. Ustedes ser\u00e1n la entrada a diversos servicios m\u00e1s all\u00e1 de un boleto de avi\u00f3n, \u00bfc\u00f3mo lo asumen?<\/p>\n<p>EB.- Efectivamente, como lo dije, vamos a comenzar un proceso de rating de nuestros servicios tambi\u00e9n en hoteles, tratando de consolidar lo m\u00e1s que podamos servicios en diferentes precios y en diferentes rangos para poder dar alernativas de hoteles a nuestros consumidores, dependiendo de su capacidad adquisitiva.<\/p>\n<p>JAL.- \u00bfCu\u00e1l ha sido la clave para tener finanzas sanas en un entorno donde las aerol\u00edneas pierden dinero?<\/p>\n<p>EB.- Bajo costo, ser el operador de m\u00e1s bajo costo en el pa\u00eds y en la regi\u00f3n Latinoamericana.<\/p>\n<p><em><a href=\"http:\/\/www.lopezsosa.com\" target=\"_blank\" rel=\"noopener noreferrer\">www.lopezsosa.com<\/a><\/em><br \/>\n<em><a href=\"mailto:joseantonio@lopezsosa.com\" target=\"_blank\" rel=\"noopener noreferrer\">joseantonio@lopezsosa.com<\/a><\/em><br \/>\n<em><a href=\"http:\/\/twitter.com\/joseantonio1977\" target=\"_blank\" rel=\"noopener noreferrer\">@joseantonio197<\/a><\/em><\/p>\n","protected":false},"excerpt":{"rendered":"<p><span style=\"color: #005497;\"><strong>Jos\u00e9 Antonio L\u00f3pez Sosa<\/strong><\/span><\/p>\n","protected":false},"author":3,"featured_media":0,"comment_status":"open","ping_status":"open","sticky":false,"template":"","format":"standard","meta":{"_monsterinsights_skip_tracking":false,"_monsterinsights_sitenote_active":false,"_monsterinsights_sitenote_note":"","_monsterinsights_sitenote_category":0,"footnotes":""},"categories":[637],"tags":[638,43690,43674],"class_list":["post-423884","post","type-post","status-publish","format-standard","hentry","category-jose-antonio-lopez-sosa","tag-detras-del-poder","tag-jose-antonio-lopez-sosa","tag-opinion"],"_links":{"self":[{"href":"https:\/\/www.diarioimagen.net\/index.php?rest_route=\/wp\/v2\/posts\/423884","targetHints":{"allow":["GET"]}}],"collection":[{"href":"https:\/\/www.diarioimagen.net\/index.php?rest_route=\/wp\/v2\/posts"}],"about":[{"href":"https:\/\/www.diarioimagen.net\/index.php?rest_route=\/wp\/v2\/types\/post"}],"author":[{"embeddable":true,"href":"https:\/\/www.diarioimagen.net\/index.php?rest_route=\/wp\/v2\/users\/3"}],"replies":[{"embeddable":true,"href":"https:\/\/www.diarioimagen.net\/index.php?rest_route=%2Fwp%2Fv2%2Fcomments&post=423884"}],"version-history":[{"count":0,"href":"https:\/\/www.diarioimagen.net\/index.php?rest_route=\/wp\/v2\/posts\/423884\/revisions"}],"wp:attachment":[{"href":"https:\/\/www.diarioimagen.net\/index.php?rest_route=%2Fwp%2Fv2%2Fmedia&parent=423884"}],"wp:term":[{"taxonomy":"category","embeddable":true,"href":"https:\/\/www.diarioimagen.net\/index.php?rest_route=%2Fwp%2Fv2%2Fcategories&post=423884"},{"taxonomy":"post_tag","embeddable":true,"href":"https:\/\/www.diarioimagen.net\/index.php?rest_route=%2Fwp%2Fv2%2Ftags&post=423884"}],"curies":[{"name":"wp","href":"https:\/\/api.w.org\/{rel}","templated":true}]}}