{"id":424000,"date":"2019-04-16T00:06:24","date_gmt":"2019-04-16T05:06:24","guid":{"rendered":"https:\/\/www.diarioimagen.net\/?p=424000"},"modified":"2019-04-16T05:45:26","modified_gmt":"2019-04-16T10:45:26","slug":"firma-convenio-la-anahuac-con-gobierno-de-huixquilucan-para-practicas-profesionales","status":"publish","type":"post","link":"https:\/\/www.diarioimagen.net\/?p=424000","title":{"rendered":"Firma convenio la An\u00e1huac con gobierno de Huixquilucan para pr\u00e1cticas profesionales"},"content":{"rendered":"<p><a href=\"https:\/\/www.diarioimagen.net\/?attachment_id=424043\" rel=\"attachment wp-att-424043\"><img loading=\"lazy\" decoding=\"async\" class=\"aligncenter size-large wp-image-424043\" src=\"https:\/\/www.diarioimagen.net\/wp-content\/uploads\/2019\/04\/HUIXQUILUCAN-16-460x259.jpg\" alt=\"\" width=\"460\" height=\"259\" srcset=\"https:\/\/www.diarioimagen.net\/wp-content\/uploads\/2019\/04\/HUIXQUILUCAN-16-460x259.jpg 460w, https:\/\/www.diarioimagen.net\/wp-content\/uploads\/2019\/04\/HUIXQUILUCAN-16-240x135.jpg 240w, https:\/\/www.diarioimagen.net\/wp-content\/uploads\/2019\/04\/HUIXQUILUCAN-16-235x132.jpg 235w, https:\/\/www.diarioimagen.net\/wp-content\/uploads\/2019\/04\/HUIXQUILUCAN-16-202x114.jpg 202w, https:\/\/www.diarioimagen.net\/wp-content\/uploads\/2019\/04\/HUIXQUILUCAN-16-350x196.jpg 350w, https:\/\/www.diarioimagen.net\/wp-content\/uploads\/2019\/04\/HUIXQUILUCAN-16-220x123.jpg 220w, https:\/\/www.diarioimagen.net\/wp-content\/uploads\/2019\/04\/HUIXQUILUCAN-16-237x132.jpg 237w, https:\/\/www.diarioimagen.net\/wp-content\/uploads\/2019\/04\/HUIXQUILUCAN-16.jpg 480w\" sizes=\"auto, (max-width: 460px) 100vw, 460px\" \/><\/a><\/p>\n<p>&nbsp;<\/p>\n<p><strong>Huixquilucan, Estado de M\u00e9xico<\/strong><strong>.-<\/strong> El gobierno de Huixquilucan y la Universidad An\u00e1huac M\u00e9xico Campus Norte, firmaron un convenio de colaboraci\u00f3n para que estudiantes y servidores p\u00fablicos, puedan realizar pr\u00e1cticas profesionales, obtener becas y acercar la vocaci\u00f3n de servicio a las comunidades m\u00e1s necesitadas.<\/p>\n<p>El rector de la universidad,\u00a0 Cipriano S\u00e1nchez Garc\u00eda, dijo que tanto las autoridades acad\u00e9micas como el gobierno municipal, se ocupan de la promoci\u00f3n del desarrollo social, por lo que se otorgar\u00e1n becas, asesor\u00edas y capacitaci\u00f3n para servidores p\u00fablicos y alumnos de esta escuela, que podr\u00e1n realizar su servicio social, pr\u00e1cticas profesionales y voluntariado a trav\u00e9s de las acciones de apoyo en Acci\u00f3n Social de la Universidad An\u00e1huac (ASUA).<\/p>\n","protected":false},"excerpt":{"rendered":"<p>El gobierno de Huixquilucan y la Universidad An\u00e1huac M\u00e9xico Campus Norte, firmaron un convenio de colaboraci\u00f3n para que estudiantes y servidores p\u00fablicos, puedan realizar pr\u00e1cticas profesionales, obtener becas y acercar la vocaci\u00f3n de servicio a las comunidades m\u00e1s necesitadas.<\/p>\n","protected":false},"author":3,"featured_media":424043,"comment_status":"open","ping_status":"open","sticky":false,"template":"","format":"standard","meta":{"_monsterinsights_skip_tracking":false,"_monsterinsights_sitenote_active":false,"_monsterinsights_sitenote_note":"","_monsterinsights_sitenote_category":0,"footnotes":""},"categories":[35155],"tags":[84617,43675,1097],"class_list":["post-424000","post","type-post","status-publish","format-standard","has-post-thumbnail","hentry","category-estado-de-mexico-estado-de-mexico","tag-accion-social-de-la-universidad-anahuac","tag-estado-de-mexico","tag-huixquilucan"],"_links":{"self":[{"href":"https:\/\/www.diarioimagen.net\/index.php?rest_route=\/wp\/v2\/posts\/424000","targetHints":{"allow":["GET"]}}],"collection":[{"href":"https:\/\/www.diarioimagen.net\/index.php?rest_route=\/wp\/v2\/posts"}],"about":[{"href":"https:\/\/www.diarioimagen.net\/index.php?rest_route=\/wp\/v2\/types\/post"}],"author":[{"embeddable":true,"href":"https:\/\/www.diarioimagen.net\/index.php?rest_route=\/wp\/v2\/users\/3"}],"replies":[{"embeddable":true,"href":"https:\/\/www.diarioimagen.net\/index.php?rest_route=%2Fwp%2Fv2%2Fcomments&post=424000"}],"version-history":[{"count":0,"href":"https:\/\/www.diarioimagen.net\/index.php?rest_route=\/wp\/v2\/posts\/424000\/revisions"}],"wp:featuredmedia":[{"embeddable":true,"href":"https:\/\/www.diarioimagen.net\/index.php?rest_route=\/wp\/v2\/media\/424043"}],"wp:attachment":[{"href":"https:\/\/www.diarioimagen.net\/index.php?rest_route=%2Fwp%2Fv2%2Fmedia&parent=424000"}],"wp:term":[{"taxonomy":"category","embeddable":true,"href":"https:\/\/www.diarioimagen.net\/index.php?rest_route=%2Fwp%2Fv2%2Fcategories&post=424000"},{"taxonomy":"post_tag","embeddable":true,"href":"https:\/\/www.diarioimagen.net\/index.php?rest_route=%2Fwp%2Fv2%2Ftags&post=424000"}],"curies":[{"name":"wp","href":"https:\/\/api.w.org\/{rel}","templated":true}]}}