{"id":424008,"date":"2019-04-16T00:11:20","date_gmt":"2019-04-16T05:11:20","guid":{"rendered":"https:\/\/www.diarioimagen.net\/?p=424008"},"modified":"2019-04-16T06:02:56","modified_gmt":"2019-04-16T11:02:56","slug":"puebla-y-bc-el-pretexto-morena-el-objetivo","status":"publish","type":"post","link":"https:\/\/www.diarioimagen.net\/?p=424008","title":{"rendered":"Puebla y BC, el pretexto; Morena, el objetivo"},"content":{"rendered":"<h2>Tras la puerta del poder<\/h2>\n<h5>Roberto Vizca\u00edno<\/h5>\n<p>&nbsp;<\/p>\n<div id=\"attachment_424062\" style=\"width: 470px\" class=\"wp-caption aligncenter\"><a href=\"https:\/\/www.diarioimagen.net\/?attachment_id=424062\" rel=\"attachment wp-att-424062\"><img loading=\"lazy\" decoding=\"async\" aria-describedby=\"caption-attachment-424062\" class=\"size-large wp-image-424062\" src=\"https:\/\/www.diarioimagen.net\/wp-content\/uploads\/2019\/04\/con-esos-precios-LUIS-XAVIER-460x361.jpg\" alt=\"\" width=\"460\" height=\"361\" srcset=\"https:\/\/www.diarioimagen.net\/wp-content\/uploads\/2019\/04\/con-esos-precios-LUIS-XAVIER-460x361.jpg 460w, https:\/\/www.diarioimagen.net\/wp-content\/uploads\/2019\/04\/con-esos-precios-LUIS-XAVIER-240x188.jpg 240w, https:\/\/www.diarioimagen.net\/wp-content\/uploads\/2019\/04\/con-esos-precios-LUIS-XAVIER-768x603.jpg 768w, https:\/\/www.diarioimagen.net\/wp-content\/uploads\/2019\/04\/con-esos-precios-LUIS-XAVIER.jpg 1200w\" sizes=\"auto, (max-width: 460px) 100vw, 460px\" \/><\/a><p id=\"caption-attachment-424062\" class=\"wp-caption-text\">Con esos precios&#8230; | Luis Xavier<\/p><\/div>\n<p>&nbsp;<\/p>\n<p>Los involucrados lo niegan, pero los hechos lo confirman: Morena vive la abierta disputa por el poder.<\/p>\n<p>Y el creador y due\u00f1o absoluto de este partido aplica la m\u00e1xima maquiav\u00e9lica de \u201cdivide y vencer\u00e1s\u201d.<\/p>\n<p>Interrogado sobre si con \u00e9l en Palacio Nacional, y ante la abierta disputa interna &#8211;en la que obviamente participan el l\u00edder de los senadores de Morena, <strong>Ricardo Monreal <\/strong>y su alfil <strong>Alejandro Rojas D\u00edaz Dur\u00e1n<\/strong> vs <strong>Yeidckol Polevnsky-<\/strong>-, habr\u00e1 \u201csana distancia o sana cercan\u00eda con Morena\u201d, <strong>Andr\u00e9s Manuel L\u00f3pez Obrador <\/strong>volvi\u00f3 a decir \u201csafo\u201d.<\/p>\n<p>Precis\u00f3:<\/p>\n<p>\u201cNo quiero ser jefe de grupo, jefe de pandilla, jefe de facci\u00f3n, jefe de partido; yo soy el representante del Estado mexicano y el presidente de M\u00e9xico. Entonces, no tengo por qu\u00e9 meterme en asuntos partidistas\u201d.<\/p>\n<p>Hoy el pretexto de la contienda por el control del partido gobernante son las candidaturas a gobernador en Puebla y Baja California, pero el objetivo real es el control de la direcci\u00f3n pol\u00edtica del partido en el gobierno.<\/p>\n<p>La prospectiva son las nominaciones ganadoras en las elecciones de 2020 y 2021, sobre todo para la renovaci\u00f3n de la C\u00e1mara de Diputados y un buen n\u00famero de gubernaturas.<\/p>\n<p>Nada m\u00e1s y nada menos que eso. Est\u00e1n abiertas las apuestas. Los involucrados saben que cualquier soluci\u00f3n deber\u00e1 pasar por la aprobaci\u00f3n de <strong>L\u00f3pez Obrador<\/strong> quien ahora juega a mantenerlos en pleito y divididos. As\u00ed no hay riesgo ni de traiciones ni de que se les salgan del carril.<\/p>\n<p style=\"text-align: center;\"><strong>\u00bfRespeto a periodistas y medios?, no<\/strong><\/p>\n<p>La decisi\u00f3n de <strong>Andr\u00e9s Manuel L\u00f3pez Obrador<\/strong> est\u00e1 tomada y no hay marcha atr\u00e1s: con periodistas y sus medios, ni concesiones ni olvido.<\/p>\n<p>El m\u00e1s que nadie sabe el peso de sus palabras.<\/p>\n<p>Fueron muchos a\u00f1os de agravios, de complicidad con el poder corrupto y de avalar el fraude de 2006 cuando afirma AMLO le robaron la Presidencia. Alcahuetes les dice cada que puede a periodistas y medios.<\/p>\n<p>En este contexto los llamados que le hacen para disminuir los reclamos a la prensa son letra muerta.<\/p>\n<p>\u201c\u2026 \u00bfqu\u00e9 digo? Pues que vamos a garantizar las libertades, <strong>di\u00e1logo circular,<\/strong> debate, cuestionamientos con respeto y <strong>mensajes de ida y vuelta<\/strong>, porque tambi\u00e9n eso es importante.<\/p>\n<p>\u201cDicen: \u2018Es que el presidente no debe desacreditar a los medios\u2019.<\/p>\n<p>\u00a1Ah!, los medios s\u00ed pueden desacreditar al presidente y el presidente no se debe defender, se tiene que quedar callado. Eso s\u00ed no. Voy a ejercer mi derecho de r\u00e9plica siempre, con respeto\u201d.<\/p>\n<p>Colocado en esta idea, de que su cr\u00edtica hacia periodistas y medios es del mismo nivel que la que recibe de ellos, el presidente <strong>Andr\u00e9s Manuel L\u00f3pez Obrador<\/strong> afirma que el \u201cdi\u00e1logo circular\u201d que \u00e9l ejerce ayuda y enriquece la vida p\u00fablica del pa\u00eds.<\/p>\n<p>Pide seguir as\u00ed, para que los periodistas se conviertan en un contrapeso a su Presidencia.<\/p>\n<p>Claro, c\u00f3mo no.<\/p>\n<p>\u201cNo hay que caer en la autocomplacencia. Ese es mi punto de vista, libertad en todos los casos. Y esa es la diferencia con las dictaduras. En una dictadura no se puede disentir, es muy dif\u00edcil, en una democracia tiene que haber pluralidad y apego a la verdad siempre\u201d.<\/p>\n<p>Un trato de igual a igual \u00bfno?<\/p>\n<p style=\"text-align: center;\"><strong>PUES\u2026<\/strong><\/p>\n<p>No pocos, especialmente personajes muy reconocidos en sus \u00e1reas profesionales y de influencia advierten que el presidente <strong>Andr\u00e9s Manuel L\u00f3pez Obrador<\/strong> promete cosas fantasiosas, programas sin sustento.<\/p>\n<p>Ayer dijo esto:<\/p>\n<p>\u201cYo creo que en tres a\u00f1os la atenci\u00f3n m\u00e9dica y los medicamentos van a ser gratuitos para todos los mexicanos y vamos a tener un servicio de salud igual que el de los pa\u00edses n\u00f3rdicos (es decir: Dinamarca, Finlandia, Islandia, Noruega y Suecia, considerados en el concierto de las naciones desarrolladas como los m\u00e1s avanzados en cuestiones sociales y salud), igual que el de Dinamarca, de Suecia, igual que el del Canad\u00e1. Ese es mi compromiso\u201d.<\/p>\n<p>No, pues s\u00ed.<\/p>\n<p>Le agrego los siguientes datos para que Usted y nadie m\u00e1s saque sus conclusiones: Dinamarca tiene 5 millones 749 mil habitantes con un PIB per c\u00e1pita de 56 mil 307 d\u00f3lares y un gasto en Salud del 8.7% de su PIB nacional: Suecia tiene 9 millones 995 mil habitantes con un PIB per c\u00e1pita de 53 mil 442 d\u00f3lares y un gasto en Salud del 9.13% de su PIB Nacional mientras que Canad\u00e1 cuenta con 37 millones de habitantes y un PIB per c\u00e1pita de 45 mil d\u00f3lares y un gasto en Salud de 7.3% de su PIB Nacional.<\/p>\n<p>M\u00e9xico tiene 129 millones de habitantes &#8211;m\u00e1s de 62 millones en pobreza&#8211;, con un PIB per c\u00e1pita de apenas 8 mil 902 d\u00f3lares y un gasto en Salud de apenas 2.8% de su PIB nacional.<\/p>\n<p>Adem\u00e1s, a un presupuesto m\u00e1s rasurado, <strong>AMLO<\/strong> ha sometido importantes programas a recortes a\u00fan m\u00e1s que draconianos y ha declarado desaparecido el Seguro Popular.<\/p>\n<p>\u00bfEn serio cree que creemos lo que dice?<\/p>\n<p style=\"text-align: center;\"><strong>Altruismo pol\u00edtico<\/strong><\/p>\n<p>El diputado<strong> Hugo Rafael Ruiz Lustre, <\/strong>presidente de la Comisi\u00f3n de Derechos Humanos en San L\u00e1zaro, presentar\u00e1 el pr\u00f3ximo martes un punto de acuerdo dentro del marco del 1\u00ba Foro legislativo:<em> Tus ojos y la diabetes, para que pacientes con Retinopat\u00eda Diab\u00e9tica \/Edema Macular Diab\u00e9tico.<\/em><\/p>\n<p>El legislador busca que pacientes con este diagn\u00f3stico reciban atenci\u00f3n prioritaria con los tratamientos espec\u00edficos, ya que estas enfermedades son las principales causas de ceguera en la poblaci\u00f3n mexicana con diabetes.<\/p>\n<p>\u00c9l mismo, revela, ha sufrido de debilidad visual, por lo que busca generar conciencia para que pacientes con problemas visuales derivados de diabetes, sean atendidos de manera adecuada y con ello evitar problemas subsecuentes.<\/p>\n<p>En el impulso de este punto de acuerdo lo acompa\u00f1an: la diputada <strong>Miroslava Carrillo Mart\u00ednez<\/strong>, presidenta de la Comisi\u00f3n de Salud; <strong>Juan Jos\u00e9 Iraz\u00e1bal,<\/strong> presidente de la Federaci\u00f3n Mexicana Diabetes; el doctor <strong>Sergio Hern\u00e1ndez De Mota<\/strong>, presidente de la Asociaci\u00f3n Mexicana de Retina y el doctor <strong>Abel Ram\u00edrez Estudillo,<\/strong> presidente de la Asociaci\u00f3n Mexicana de Retinopat\u00eda Diab\u00e9tica.<\/p>\n<p>Es importante se\u00f1alar que en M\u00e9xico m\u00e1s de 3 millones 600 mil pacientes con diabetes llegar\u00e1n a padecer retinopat\u00eda diab\u00e9tica, principal causa de ceguera en nuestro pa\u00eds.<\/p>\n<p><em><a href=\"http:\/\/endirecto.mx\" target=\"_blank\" rel=\"noopener noreferrer\">www.endirecto.mx<\/a><\/em><br \/>\n<em><a href=\"https:\/\/twitter.com\/_rvizcaino\" target=\"_blank\" rel=\"noopener noreferrer\">@_RVizcaino<\/a><\/em><br \/>\n<a href=\"https:\/\/www.facebook.com\/rvizcainoa\" target=\"_blank\" rel=\"noopener noreferrer\">f<em>acebook.com\/rvizcainoa<\/em><\/a><\/p>\n","protected":false},"excerpt":{"rendered":"<p><span style=\"color: #005497;\"><strong>Roberto Vizca\u00edno<\/strong><\/span><br \/>\n<br \/>\nLos involucrados lo niegan, pero los hechos lo confirman: Morena vive la abierta disputa por el poder.<\/p>\n","protected":false},"author":3,"featured_media":424062,"comment_status":"open","ping_status":"open","sticky":false,"template":"","format":"standard","meta":{"_monsterinsights_skip_tracking":false,"_monsterinsights_sitenote_active":false,"_monsterinsights_sitenote_note":"","_monsterinsights_sitenote_category":0,"footnotes":""},"categories":[136],"tags":[43674,93,94],"class_list":["post-424008","post","type-post","status-publish","format-standard","has-post-thumbnail","hentry","category-roberto-vizcaino-opinion","tag-opinion","tag-roberto-vizcaino","tag-tras-la-puerta-del-poder"],"_links":{"self":[{"href":"https:\/\/www.diarioimagen.net\/index.php?rest_route=\/wp\/v2\/posts\/424008","targetHints":{"allow":["GET"]}}],"collection":[{"href":"https:\/\/www.diarioimagen.net\/index.php?rest_route=\/wp\/v2\/posts"}],"about":[{"href":"https:\/\/www.diarioimagen.net\/index.php?rest_route=\/wp\/v2\/types\/post"}],"author":[{"embeddable":true,"href":"https:\/\/www.diarioimagen.net\/index.php?rest_route=\/wp\/v2\/users\/3"}],"replies":[{"embeddable":true,"href":"https:\/\/www.diarioimagen.net\/index.php?rest_route=%2Fwp%2Fv2%2Fcomments&post=424008"}],"version-history":[{"count":0,"href":"https:\/\/www.diarioimagen.net\/index.php?rest_route=\/wp\/v2\/posts\/424008\/revisions"}],"wp:featuredmedia":[{"embeddable":true,"href":"https:\/\/www.diarioimagen.net\/index.php?rest_route=\/wp\/v2\/media\/424062"}],"wp:attachment":[{"href":"https:\/\/www.diarioimagen.net\/index.php?rest_route=%2Fwp%2Fv2%2Fmedia&parent=424008"}],"wp:term":[{"taxonomy":"category","embeddable":true,"href":"https:\/\/www.diarioimagen.net\/index.php?rest_route=%2Fwp%2Fv2%2Fcategories&post=424008"},{"taxonomy":"post_tag","embeddable":true,"href":"https:\/\/www.diarioimagen.net\/index.php?rest_route=%2Fwp%2Fv2%2Ftags&post=424008"}],"curies":[{"name":"wp","href":"https:\/\/api.w.org\/{rel}","templated":true}]}}