{"id":424010,"date":"2019-04-16T00:10:31","date_gmt":"2019-04-16T05:10:31","guid":{"rendered":"https:\/\/www.diarioimagen.net\/?p=424010"},"modified":"2019-04-16T06:04:32","modified_gmt":"2019-04-16T11:04:32","slug":"amlo-suum-cuique-2","status":"publish","type":"post","link":"https:\/\/www.diarioimagen.net\/?p=424010","title":{"rendered":"AMLO: \u201cSuum cuique\u201d"},"content":{"rendered":"<h2>\u00cdndice pol\u00edtico<\/h2>\n<h5>Francisco Rodr\u00edguez<\/h5>\n<p>&nbsp;<\/p>\n<div id=\"attachment_424064\" style=\"width: 470px\" class=\"wp-caption aligncenter\"><a href=\"https:\/\/www.diarioimagen.net\/?attachment_id=424064\" rel=\"attachment wp-att-424064\"><img loading=\"lazy\" decoding=\"async\" aria-describedby=\"caption-attachment-424064\" class=\"size-large wp-image-424064\" src=\"https:\/\/www.diarioimagen.net\/wp-content\/uploads\/2019\/04\/amenaza-velada-MARAL-460x235.jpg\" alt=\"\" width=\"460\" height=\"235\" srcset=\"https:\/\/www.diarioimagen.net\/wp-content\/uploads\/2019\/04\/amenaza-velada-MARAL-460x235.jpg 460w, https:\/\/www.diarioimagen.net\/wp-content\/uploads\/2019\/04\/amenaza-velada-MARAL-240x123.jpg 240w, https:\/\/www.diarioimagen.net\/wp-content\/uploads\/2019\/04\/amenaza-velada-MARAL-768x393.jpg 768w, https:\/\/www.diarioimagen.net\/wp-content\/uploads\/2019\/04\/amenaza-velada-MARAL.jpg 1200w\" sizes=\"auto, (max-width: 460px) 100vw, 460px\" \/><\/a><p id=\"caption-attachment-424064\" class=\"wp-caption-text\">Amenaza velada&#8230; | Maral<\/p><\/div>\n<p>&nbsp;<\/p>\n<p>El asunto de la distribuci\u00f3n equitativa de la riqueza p\u00fablica ha acaparado la atenci\u00f3n de la sociedad internacional por lo menos durante los tres \u00faltimos siglos. El sustrato del debate se debe a que la sociedad democr\u00e1tica debe dar una libertad real, cuya base fundamental sea la igualdad y la protecci\u00f3n general contra los riesgos de la vida.<\/p>\n<p>Los trabajos tendientes a ordenar los sistemas de producci\u00f3n y distribuci\u00f3n de la riqueza se pierden en la oscuridad de los tiempos con conceptos diferentes a los de hoy, pues si bien no se utilizaban los t\u00e9rminos actuales para identificar a los factores que participaban en los procesos econ\u00f3micos, su significado siempre tuvo concordancia con el que hoy se les asigna.<\/p>\n<p>Una multiplicidad de ideas y conceptos dentro de los cuales ejercen una mayor atracci\u00f3n las referidas a la libertad, la prosperidad y la paz engranan todo sistema econ\u00f3mico con una t\u00e9cnica espec\u00edfica para producir y distribuir bienes y servicios, es decir, para lograr la verdadera justicia distributiva y conmutativa.<\/p>\n<p>In\u00fatil es destacar la importancia de la econom\u00eda en un mundo donde el fondo real de las actividades es econ\u00f3mico y los medios materiales ingredientes fundamentales para el desarrollo de la civilizaci\u00f3n.<\/p>\n<p>El origen del capital, considerado como\u00a0Bastiat,\u00a0Ricardo\u00a0o\u00a0Marx, existe para asignarlo a los fines del bienestar s\u00f3lo como una condici\u00f3n identificada con la democr\u00e1tica, que considera a la libertad y a la autoridad como un binomio de correspondencia biun\u00edvoca.<\/p>\n<p>Los fisi\u00f3cratas, por boca de\u00a0Turgot, consideraban que la circulaci\u00f3n de la riqueza era la verdadera vida de un ente pol\u00edtico.<\/p>\n<p>Quesnay\u00a0atribuye la m\u00e1xima importancia al propietario de la tierra. Adam Smith\u00a0incluye el factor de la plusval\u00eda.<\/p>\n<p>Say\u00a0introduce al empresario c\u00f3mo participante en el reparto.<\/p>\n<p>David Ricardo considera que el precio natural de trabajo alienta la acumulaci\u00f3n.<\/p>\n<p>Sismondi\u00a0se\u00f1ala que la desigual distribuci\u00f3n de los ingresos origina la superproducci\u00f3n de bienes necesarios y el incremento de los art\u00edculos de lujo.<\/p>\n<p>En los momentos de la transici\u00f3n ideol\u00f3gica del clasicismo a las concepciones sociales,\u00a0John Stuart Mill\u00a0recomend\u00f3 la inclusi\u00f3n de un plan de distribuci\u00f3n de ganancias, el control demogr\u00e1fico, los impuestos sucesorios y una pol\u00edtica fiscal que redujera las desigualdades econ\u00f3micas.<\/p>\n<p>Finalmente\u00a0Rodbertus\u00a0se\u00f1ala que debe procurarse la igualdad entre el valor de intercambio de un bien y la cantidad de trabajo que requer\u00eda producirlo.<\/p>\n<p>Marx propone el establecimiento de una comunidad socialista en la que los medios de producci\u00f3n sean del pueblo y s\u00f3lo se retribuya el trabajo. Owen incluye la democracia de las cooperativas. Marshall deriva las ganancias de la \u201cproductividad marginal\u201d, la que se desprende de la agregaci\u00f3n de un nuevo factor.<\/p>\n<p>Independientemente de las propuestas te\u00f3ricas que hemos repasado para lograr la redistribuci\u00f3n de los beneficios en una sociedad plural, es necesario insistir en que el sistema institucional requiere, para tener \u00e9xito, usar medidas imperativas y fiscales, planificar la econom\u00eda y orientarla a la realizaci\u00f3n de metas comunes, vigilar del equilibrio entre la empresa y el trabajador para impedir el abuso de cualquiera de ellos, controlar estatalmente los recursos naturales y las industrias b\u00e1sicas, que los l\u00edderes laborales genuinos participen tanto en el campo legislativo con el manejo de las empresas y en las funciones dirigentes.<\/p>\n<p>Debe separarse la esfera de acci\u00f3n del particular de la funci\u00f3n del Estado, reserv\u00e1ndose a este la facultad de control de los recursos naturales, las operaciones industriales y mercantiles e imponer al derecho de propiedad las modalidades y restricciones indispensables para la mejor utilizaci\u00f3n de los recursos y el reparto de los beneficios.<\/p>\n<p>La estructura social dentro del m\u00e1s absoluto respeto a las libertades de todo tipo, en especial de creencias, debe permitir al Estado exigir la cooperaci\u00f3n decidida de todos y cada uno de los s\u00fabditos para superar los m\u00faltiples problemas que se confrontan.<\/p>\n<p>La industrializaci\u00f3n debe ser el medio de superar la angustia econ\u00f3mica no el flagelo de las clases humildes. La protecci\u00f3n estatal debe significar la defensa de las empresas locales sobre los sistemas econ\u00f3micos extra\u00f1os m\u00e1s tecnificados y poderosos, no lo forma de crear un nuevo capitalismo.<\/p>\n<p>La orientaci\u00f3n de las acciones comunes debe atender en forma preferente a la satisfacci\u00f3n de las necesidades de las clases trabajadoras.<\/p>\n<p>El poder del Estado debe impedir la incesante concentraci\u00f3n de la riqueza, recurriendo a sistemas de todo tipo, en especial de car\u00e1cter fiscal, que moderen las desigualdades, redistribuyan la riqueza y regulen la circulaci\u00f3n.<\/p>\n<p>La paz social, indispensable para el progreso, debe conseguirse por el convencimiento popular de que las metas buscadas llevan al ideal com\u00fan y que no se permitir\u00e1 a ning\u00fan grupo o clase sacar ventajas que en estricta justicia no les corresponde.<\/p>\n<p>Sin embargo, en el fondo del debate aparece, contrario a lo que suced\u00eda en el siglo XIX y principios del XX, donde primaba en el an\u00e1lisis la superestructura econ\u00f3mica, la necesaria adopci\u00f3n de un modelo pol\u00edtico que asegura estabilidad y gobernabilidad a los sistemas para poder, como dec\u00eda la sentencia romana, dar a cada quien lo que le corresponde.<\/p>\n<p>En Morelia, apenas, el Presidente de la Rep\u00fablica, Andr\u00e9s Manuel L\u00f3pez Obrador dijo que le da mucho gusto que se est\u00e9n levantando los censos \u201cporque la gente no s\u00f3lo se apunta para recibir un apoyo que por derecho le corresponde, sino lo que quiere es: \u2018dame un cr\u00e9dito, porque lo que quiero es salir adelante\u2019, es decir, aqu\u00ed se aplica aquello de \u2018no me des el pescado, ens\u00e9\u00f1ame a pescar\u2019, dame la manera de que yo pueda salir adelante. Esto va a ayudar mucho.<\/p>\n<p>\u201cNada m\u00e1s les digo que todos estos apoyos van a llegar de manera directa, ya no se van a entregar estos apoyos a trav\u00e9s de intermediarios, nada de qu\u00e9 \u2018soy de la sociedad civil, de la fundaci\u00f3n, del Movimiento Campesino Independiente Emiliano Zapata o de la Antorcha Mundial, dame a m\u00ed el dinero y yo lo voy a entregar a la gente\u2019. No, primo hermano, eso ya se acab\u00f3.<\/p>\n<p>\u201cPor eso, se est\u00e1 haciendo el censo, va a ser ayuda dirigida, personalizada, cada quien va a recibir lo que le corresponde, porque si se entrega con intermediarios no llega o llega con moche, con piquete de ojo.<\/p>\n<p>\u201cEso me lo dice la misma gente. Me dicen: \u2018licenciado, no vaya a mandarnos el apoyo, el dinero a trav\u00e9s del gobierno, porque se lo clavan\u2019. \u201cPero lo mismo con las organizaciones. Ya no. Va a ser de la Tesorer\u00eda de la Federaci\u00f3n al beneficiario con una tarjeta. Nos va a costar un poco de trabajo, porque no en todos los municipios hay sucursales de bancos, pero ya estamos creando una infraestructura.<\/p>\n<p>Nos dejaron un banquito que se llamaba Bansefi, ahora se llama Banco de Bienestar, va a ser un bancote, porque va a tener sucursales en todo el pa\u00eds, para que as\u00ed llegue el apoyo por el censo.\u201d<\/p>\n<p>Dar a cada quien lo que le corresponde.\u00a0\u201cSuum cuique\u201d<\/p>\n<p><strong><em>\u00cdndice Flam\u00edgero: <\/em><\/strong>\u00a0Quien de plano\u00a0 aparenta una decadencia que empata con los restos del partido que aspira encabezar es Jos\u00e9 Narro Robles. El ex rector de la UNAM y ex secretario de Salud es un personaje que re\u00fane todos los requisitos para cualquier puesto, excepto para presidir el Comit\u00e9 Ejecutivo Nacional\u00a0PRI. Quienes lo conocen se burlan diciendo que ni siquiera sabe en d\u00f3nde est\u00e1 el edificio del tricolor, y que nunca se ha desempe\u00f1ado ni como abre puertas en un comit\u00e9 seccional. Es un aut\u00e9ntico dinosaurio apoyado por varios dinosaurios. + + + Que los panistas Vicente Fox y Felipe Calder\u00f3n tengan una mini-escolta pagada por nosotros los contribuyentes es mejor a que carezcan de ella. Si Fox se tropieza con las pantuflas o si Calder\u00f3n vuelve a \u201ccaerse de la bicicleta\u201d \u2014\u00a1salud!\u2014 inculpar\u00edan a AMLO de inmediato. Ya ve usted, ciertos sectores poblanos lo se\u00f1alaron ante la ca\u00edda del helic\u00f3ptero de los Moreno Valle, como si \u00e9l hubiera aflojado un tornillo de los propulsores.<\/p>\n<p><em><u><a href=\"http:\/\/www.indicepolitico.com\" target=\"_blank\" rel=\"noopener noreferrer\">www.indicepolitico.com<\/a><br \/>\n<a href=\"mailto:pacorodriguez@journalist.com\" target=\"_blank\" rel=\"noopener noreferrer\">pacorodriguez@journalist.com<\/a><br \/>\n<a href=\"https:\/\/twitter.com\/pacorodriguez\" target=\"_blank\" rel=\"noopener noreferrer\">@pacorodriguez<\/a><\/u><\/em><\/p>\n","protected":false},"excerpt":{"rendered":"<p><span style=\"color: #005497;\"><strong>Francisco Rodr\u00edguez<\/strong><\/span><br \/>\n<br \/>\nEl asunto de la distribuci\u00f3n equitativa de la riqueza p\u00fablica ha acaparado la atenci\u00f3n de la sociedad internacional por lo menos durante los tres \u00faltimos siglos. El sustrato del debate se debe a que la sociedad democr\u00e1tica debe dar una libertad real, cuya base fundamental sea la igualdad y la protecci\u00f3n general contra los riesgos de la vida.<\/p>\n","protected":false},"author":3,"featured_media":424064,"comment_status":"open","ping_status":"open","sticky":false,"template":"","format":"standard","meta":{"_monsterinsights_skip_tracking":false,"_monsterinsights_sitenote_active":false,"_monsterinsights_sitenote_note":"","_monsterinsights_sitenote_category":0,"footnotes":""},"categories":[549],"tags":[43689,550,43674],"class_list":["post-424010","post","type-post","status-publish","format-standard","has-post-thumbnail","hentry","category-francisco-rodriguez","tag-francisco-rodriguez","tag-indice-politico","tag-opinion"],"_links":{"self":[{"href":"https:\/\/www.diarioimagen.net\/index.php?rest_route=\/wp\/v2\/posts\/424010","targetHints":{"allow":["GET"]}}],"collection":[{"href":"https:\/\/www.diarioimagen.net\/index.php?rest_route=\/wp\/v2\/posts"}],"about":[{"href":"https:\/\/www.diarioimagen.net\/index.php?rest_route=\/wp\/v2\/types\/post"}],"author":[{"embeddable":true,"href":"https:\/\/www.diarioimagen.net\/index.php?rest_route=\/wp\/v2\/users\/3"}],"replies":[{"embeddable":true,"href":"https:\/\/www.diarioimagen.net\/index.php?rest_route=%2Fwp%2Fv2%2Fcomments&post=424010"}],"version-history":[{"count":0,"href":"https:\/\/www.diarioimagen.net\/index.php?rest_route=\/wp\/v2\/posts\/424010\/revisions"}],"wp:featuredmedia":[{"embeddable":true,"href":"https:\/\/www.diarioimagen.net\/index.php?rest_route=\/wp\/v2\/media\/424064"}],"wp:attachment":[{"href":"https:\/\/www.diarioimagen.net\/index.php?rest_route=%2Fwp%2Fv2%2Fmedia&parent=424010"}],"wp:term":[{"taxonomy":"category","embeddable":true,"href":"https:\/\/www.diarioimagen.net\/index.php?rest_route=%2Fwp%2Fv2%2Fcategories&post=424010"},{"taxonomy":"post_tag","embeddable":true,"href":"https:\/\/www.diarioimagen.net\/index.php?rest_route=%2Fwp%2Fv2%2Ftags&post=424010"}],"curies":[{"name":"wp","href":"https:\/\/api.w.org\/{rel}","templated":true}]}}