{"id":424078,"date":"2019-04-16T00:13:29","date_gmt":"2019-04-16T05:13:29","guid":{"rendered":"https:\/\/www.diarioimagen.net\/?p=424078"},"modified":"2019-04-17T01:50:20","modified_gmt":"2019-04-17T06:50:20","slug":"aumentos-y-recortes","status":"publish","type":"post","link":"https:\/\/www.diarioimagen.net\/?p=424078","title":{"rendered":"Aumentos y recortes"},"content":{"rendered":"<h2>Folclor urbano<\/h2>\n<h5>Salvador Estrada<\/h5>\n<p>&nbsp;<\/p>\n<p>Empleados y acad\u00e9micos de la Universidad Aut\u00f3noma Metrolopitana por m\u00e1s que insistan en que su aumento a los salarios debe ser del 20 por ciento, las autoridades de la instituci\u00f3n acad\u00e9mica dicen una y otra vez\u00a0 que no tienen presupuesto y que solamente haciendo un esfuerzo podr\u00edan aumentar del 3.5 por ciento al 6.45 por ciento.<\/p>\n<p>Y despu\u00e9s de 74 d\u00edas de estira y afloja no hay acuerdo y casi 59 mil alumnos est\u00e1n en lista de espera cruzando los dedos para que ya se pongan de acuerdo las partes y firmen el documento que los pone en paz.<\/p>\n<p>Los empleados no tienen conciencia y no piensan en la p\u00e9rdida de clases del alumnado y del mal que hacen con su necedad del 20 por ciento y para reforzar su petici\u00f3n alegan que hay \u201cclase dorada\u201d en la UAM y que directivos, los que mandan en el plantel, tienen salarios que pasan de los cien mil pesos, 20 mil m\u00e1s de los 108 mil pesos que\u00a0\u00a0 gana el presidente Andr\u00e9s Manuel L\u00f3pez Obrador.<\/p>\n<p>Para los trabajadores, lo ideal es que los directivos se bajen el salario y de ese sueldazo se encuentren las partidas para el aumento que demandan.<\/p>\n<p>Por otra parte, los maestros de la Universidad de Chapingo tambi\u00e9n est\u00e1n pidiendo aumento salarial y tampoco llegan a un acuerdo con los directivos y hacen votos porque se arreglen pronto por los ensayos\u00a0 que tienen para el mejoramiento de la agricultura y que est\u00e1n detenidos por el conflicto.<\/p>\n<p>Y siguiendo con el magisterio los m\u00e1s belicosos son los del CNTE\u00a0 cuyos directivos insisten en que no quieren la reforma educativa como est\u00e1 sino como la que ellos quieren.<\/p>\n<p>Lo oscuro del asunto por lo cual no aceptan\u00a0 la reforma es que la CNTE quiere el manejo de la plazas, como era antes, y que los dirigentes de la Coordinadora las manejen a su antojo y no la Secretar\u00eda de\u00a0 Educaci\u00f3n.<\/p>\n<p>Adem\u00e1s, no quieren evaluaci\u00f3n como se dio en el gobierno de Enrique Pe\u00f1a Nieto, porque ello llevaba castigo y los maestros de la CNTE s\u00ed aceptan la prueba, pero sin complicaciones punitivas.<\/p>\n<p>Para continuar con el\u00a0 magisterio y para no desparecer en los medios de comunicaci\u00f3n los maestros de la Universidad Obrera, ya echaron al buz\u00f3n una carta para el presidente L\u00f3pez Obrador\u00a0 en donde le explican que esa instituci\u00f3n universitaria que tiene ochenta a\u00f1os de servicio y que los maestros ahora han sido objeto de un reducci\u00f3n en sus sueldos y condiciones laborales, debido\u00a0 \u201cal recorte de subsidio federal a que ha sido sujeta la instituci\u00f3n\u201d. Dicen en su misiva que desde 2006 les han reducido el subsidio que en ese a\u00f1o era de 18 millones de pesos, baj\u00f3 en 2017 a 17 millones y para 2018 lleg\u00f3 a 16.<\/p>\n<p>Pero para este a\u00f1o, 2019, la Secretar\u00eda de\u00a0 Educaci\u00f3n les otorg\u00f3 4.7 millones de pesos, \u201clo cual representa apenas un 29 por ciento del ya disminuido subsidio recibido el a\u00f1o pasado\u201d.<\/p>\n<p>La carta firmada por todos los maestros de la Universidad\u00a0 Obrera lleva copia para los secretarios de Educaci\u00f3n y de Hacienda y otros\u00a0 funcionarios del gabinete.<\/p>\n<p>Dicen en su documento que \u201ccomo se podr\u00e1 imaginar, dadas las circunstancias antes mencionadas, los directivos de la UOM han tenido que tomar acciones dr\u00e1sticas; para evitar un despido masivo se redujo a la mitad nuestra jornada laboral y con ello nuestro sueldo en igual proporci\u00f3n.<\/p>\n<p>Asimismo, todas las prestaciones han sido recortadas al m\u00ednimo y el monto de pago por hora a los profesores ha sido reducido un 33 por ciento.<\/p>\n<p>Ante tanto conflicto del magisterio universitario lo ideal ser\u00eda que\u00a0 se homologar\u00e1n los salarios de empleados y acad\u00e9micos de las universidades que, como dice\u00a0 la Ley Federal del Trabajo, a igual trabajo salario igual.<\/p>\n<p><em><a href=\"mailto:chavasec@yahoo.com.mx\" target=\"_blank\" rel=\"noopener noreferrer\">chavasec@yahoo.com.mx<\/a><\/em><\/p>\n","protected":false},"excerpt":{"rendered":"<p><span style=\"color: #005497;\"><strong>Salvador Estrada<\/strong><\/span><\/p>\n","protected":false},"author":3,"featured_media":0,"comment_status":"open","ping_status":"open","sticky":false,"template":"","format":"standard","meta":{"_monsterinsights_skip_tracking":false,"_monsterinsights_sitenote_active":false,"_monsterinsights_sitenote_note":"","_monsterinsights_sitenote_category":0,"footnotes":""},"categories":[41601],"tags":[41599,43674,41600],"class_list":["post-424078","post","type-post","status-publish","format-standard","hentry","category-salvador-estrada-opinion","tag-folclor-urbano","tag-opinion","tag-salvador-estrada"],"_links":{"self":[{"href":"https:\/\/www.diarioimagen.net\/index.php?rest_route=\/wp\/v2\/posts\/424078","targetHints":{"allow":["GET"]}}],"collection":[{"href":"https:\/\/www.diarioimagen.net\/index.php?rest_route=\/wp\/v2\/posts"}],"about":[{"href":"https:\/\/www.diarioimagen.net\/index.php?rest_route=\/wp\/v2\/types\/post"}],"author":[{"embeddable":true,"href":"https:\/\/www.diarioimagen.net\/index.php?rest_route=\/wp\/v2\/users\/3"}],"replies":[{"embeddable":true,"href":"https:\/\/www.diarioimagen.net\/index.php?rest_route=%2Fwp%2Fv2%2Fcomments&post=424078"}],"version-history":[{"count":0,"href":"https:\/\/www.diarioimagen.net\/index.php?rest_route=\/wp\/v2\/posts\/424078\/revisions"}],"wp:attachment":[{"href":"https:\/\/www.diarioimagen.net\/index.php?rest_route=%2Fwp%2Fv2%2Fmedia&parent=424078"}],"wp:term":[{"taxonomy":"category","embeddable":true,"href":"https:\/\/www.diarioimagen.net\/index.php?rest_route=%2Fwp%2Fv2%2Fcategories&post=424078"},{"taxonomy":"post_tag","embeddable":true,"href":"https:\/\/www.diarioimagen.net\/index.php?rest_route=%2Fwp%2Fv2%2Ftags&post=424078"}],"curies":[{"name":"wp","href":"https:\/\/api.w.org\/{rel}","templated":true}]}}