{"id":424082,"date":"2019-04-16T00:05:18","date_gmt":"2019-04-16T05:05:18","guid":{"rendered":"https:\/\/www.diarioimagen.net\/?p=424082"},"modified":"2019-04-16T06:21:43","modified_gmt":"2019-04-16T11:21:43","slug":"notre-dame-y-semana-santa","status":"publish","type":"post","link":"https:\/\/www.diarioimagen.net\/?p=424082","title":{"rendered":"Notre Dame y Semana Santa"},"content":{"rendered":"<h2>Desde el portal<\/h2>\n<h5>\u00c1ngel Soriano<\/h5>\n<p>&nbsp;<\/p>\n<p>Cualesquiera que hayan sido las causas de la destrucci\u00f3n de la Catedral de Notre Dame, en Paris, es un descuido y una enorme irresponsabilidad de las autoridades a cargo de la vigilancia y conservaci\u00f3n del s\u00edmbolo m\u00e1s importante de la cultura universal en todos los \u00f3rdenes.<\/p>\n<p>Si fue atentado por fan\u00e1ticos religiosos, falla el\u00e9ctrica, u otros, es condenable a todas luces.<\/p>\n<p>De la misma manera se destruyen otros s\u00edmbolos de la humanidad y aun cuando se convoque a los mejores talentos \u2014como lo hace el presidente franc\u00e9s Emmanuel Macron-, la restauraci\u00f3n tardar\u00e1 a\u00f1os y pese a que se utilicen todos los recursos tecnol\u00f3gicos y financieros, la construcci\u00f3n original de 1345 no ser\u00e1 lo mismo.<\/p>\n<p>Los partidarios de la modernizaci\u00f3n seguramente dar\u00e1n por descontado que todo se conserve igual por siglos y hay que cambiar, pero el talento contempor\u00e1neo no es el mismo que a inicios de la civilizaci\u00f3n.<\/p>\n<p>Se han destruido 900 a\u00f1os de historia, puntualiz\u00f3 Macron, en tanto los bomberos informaban que la estructura de la grandiosa Catedral quedar\u00e1 a salvo, al igual que la fachada.<\/p>\n<p>Seguramente se rescatar\u00e1 parte de las valiosas reliquias que guardaba en su seno la magn\u00edfica obra construida en honor de la Virgen Mar\u00eda, madre de Jes\u00fas, y destruida en plena Semana Santa.<\/p>\n<p>No basta se\u00f1alar que este hecho es un duro atentado contra la humanidad ni es preciso se\u00f1alar que debe castigarse a los responsables o ejercer mayor vigilancia.<\/p>\n<p>El da\u00f1o est\u00e1 hecho como demostraci\u00f3n de que el mundo contempor\u00e1neo es ajeno a las obras de arte que nos legaron nuestros antepasados.<\/p>\n<p>Si no hay capacidad para generar obras superiores \u2013en 900 a\u00f1os no ha ocurrido- cuando menos lo que tenemos deber\u00eda conserv\u00e1rsele en respeto a quienes s\u00ed amaron la cultura en todas sus manifestaciones.<\/p>\n<p style=\"text-align: center;\"><strong>TURBULENCIAS<br \/>\nPreocupa al gremio <\/strong><strong>advertencia de AMLO<\/strong><\/p>\n<p>Aunque el presidente L\u00f3pez Obrador advirti\u00f3 que \u201csi se pasan ya saben lo que sucede\u201d en referencia a que es \u201cel pueblo sabio\u201d el que censura a los comunicadores, no deja de ser preocupante tal advertencia, toda vez que los cr\u00edticos a su administraci\u00f3n han sido virtualmente linchados en las redes sociales y con otras medidas coercitivas, lo que implica una falta de respeto a la Libertad de Expresi\u00f3n.<\/p>\n<p>La presencia del periodista mexicano estadunidense Jorge Ramos el fin se semana pasada aviv\u00f3 la crisis prensa-gobierno y puso en alerta al gremio entre \u201clos prudentes y los que se pasan\u201d.<\/p>\n<p>Por lo dem\u00e1s, el presidente se ir\u00e1 de vacaciones en Semana Santa, quiz\u00e1 a reflexionar sobre sus pr\u00f3ximos combates\u2026Las 17 playas que se ubican en el\u00a0 territorio oaxaque\u00f1o est\u00e1n aptas para su uso recreativo durante la presente temporada vacacional de Semana Santa, inform\u00f3 el titular de los\u00a0 Servicios de Salud de Oaxaca (SSO), Donato Augusto Casas Escamilla e indic\u00f3 que para proteger la salud de los visitantes locales, nacionales y extranjeros, de manera preventiva la Direcci\u00f3n de Regulaci\u00f3n y Fomento Sanitario realiz\u00f3 el monitoreo con personal verificador de la jurisdicci\u00f3n sanitaria n\u00famero 4 ubicada en la regi\u00f3n de la Costa, en las playas de Puerto \u00c1ngel como Playa Principal, Pante\u00f3n, Zipolite I y Zipolite II,\u00a0 en\u00a0 Santa Mar\u00eda Huatulco como es Maguey, Bah\u00eda de Santa Cruz, La Entrega, Chahu\u00e9, La Bocana y Tangolunda, y Puerto Escondido como Puerto Angelito, Carrizalillo, Zicatela I , Zicatela II, Marinero y Bacocho.<\/p>\n<p>\u201cLos vacacionistas locales, nacionales y extranjeros, pueden estar tranquilos y disfrutar de las playas oaxaque\u00f1as, toda vez que se encuentran dentro de los l\u00edmites permisibles que establece la norma NMX\u20131AA\u2013120SSI-2016\u201d, dijo.<\/p>\n<p><em><a href=\"mailto:asorianocarrasco@yahoo.com\" target=\"_blank\" rel=\"noopener noreferrer\">asorianocarrasco@yahoo.com<\/a><br \/>\n<a href=\"https:\/\/twitter.com\/brecharevista\" target=\"_blank\" rel=\"noopener noreferrer\">@BrechaRevista<\/a><a href=\"mailto:asorianocarrasco@yahoo.com\" target=\"_blank\" rel=\"noopener noreferrer\"><br \/>\n<\/a><a href=\"https:\/\/revistabrecha.com\" target=\"_blank\" rel=\"noopener noreferrer\">www.revistabrecha.com<\/a><\/em><\/p>\n","protected":false},"excerpt":{"rendered":"<p><span style=\"color: #005497;\"><strong>\u00c1ngel Soriano<\/strong><\/span><\/p>\n","protected":false},"author":3,"featured_media":0,"comment_status":"open","ping_status":"open","sticky":false,"template":"","format":"standard","meta":{"_monsterinsights_skip_tracking":false,"_monsterinsights_sitenote_active":false,"_monsterinsights_sitenote_note":"","_monsterinsights_sitenote_category":0,"footnotes":""},"categories":[135],"tags":[85,86,43674],"class_list":["post-424082","post","type-post","status-publish","format-standard","hentry","category-angel-soriano-opinion","tag-angel-soriano","tag-desde-el-portal","tag-opinion"],"_links":{"self":[{"href":"https:\/\/www.diarioimagen.net\/index.php?rest_route=\/wp\/v2\/posts\/424082","targetHints":{"allow":["GET"]}}],"collection":[{"href":"https:\/\/www.diarioimagen.net\/index.php?rest_route=\/wp\/v2\/posts"}],"about":[{"href":"https:\/\/www.diarioimagen.net\/index.php?rest_route=\/wp\/v2\/types\/post"}],"author":[{"embeddable":true,"href":"https:\/\/www.diarioimagen.net\/index.php?rest_route=\/wp\/v2\/users\/3"}],"replies":[{"embeddable":true,"href":"https:\/\/www.diarioimagen.net\/index.php?rest_route=%2Fwp%2Fv2%2Fcomments&post=424082"}],"version-history":[{"count":0,"href":"https:\/\/www.diarioimagen.net\/index.php?rest_route=\/wp\/v2\/posts\/424082\/revisions"}],"wp:attachment":[{"href":"https:\/\/www.diarioimagen.net\/index.php?rest_route=%2Fwp%2Fv2%2Fmedia&parent=424082"}],"wp:term":[{"taxonomy":"category","embeddable":true,"href":"https:\/\/www.diarioimagen.net\/index.php?rest_route=%2Fwp%2Fv2%2Fcategories&post=424082"},{"taxonomy":"post_tag","embeddable":true,"href":"https:\/\/www.diarioimagen.net\/index.php?rest_route=%2Fwp%2Fv2%2Ftags&post=424082"}],"curies":[{"name":"wp","href":"https:\/\/api.w.org\/{rel}","templated":true}]}}