{"id":424156,"date":"2019-04-17T00:11:10","date_gmt":"2019-04-17T05:11:10","guid":{"rendered":"https:\/\/www.diarioimagen.net\/?p=424156"},"modified":"2019-04-17T02:28:36","modified_gmt":"2019-04-17T07:28:36","slug":"destacan-la-prevencion-para-evitar-accidentes-en-menores","status":"publish","type":"post","link":"https:\/\/www.diarioimagen.net\/?p=424156","title":{"rendered":"Destacan la prevenci\u00f3n para evitar accidentes en menores"},"content":{"rendered":"<h2>Arco Norte<\/h2>\n<h5>Jos\u00e9 Luis Monta\u00f1ez Aguilar<\/h5>\n<p>&nbsp;<\/p>\n<p><a href=\"https:\/\/www.diarioimagen.net\/?attachment_id=424217\" rel=\"attachment wp-att-424217\"><img loading=\"lazy\" decoding=\"async\" class=\"aligncenter size-large wp-image-424217\" src=\"https:\/\/www.diarioimagen.net\/wp-content\/uploads\/2019\/04\/arco-4-460x259.jpg\" alt=\"\" width=\"460\" height=\"259\" srcset=\"https:\/\/www.diarioimagen.net\/wp-content\/uploads\/2019\/04\/arco-4-460x259.jpg 460w, https:\/\/www.diarioimagen.net\/wp-content\/uploads\/2019\/04\/arco-4-240x135.jpg 240w, https:\/\/www.diarioimagen.net\/wp-content\/uploads\/2019\/04\/arco-4-235x132.jpg 235w, https:\/\/www.diarioimagen.net\/wp-content\/uploads\/2019\/04\/arco-4-202x114.jpg 202w, https:\/\/www.diarioimagen.net\/wp-content\/uploads\/2019\/04\/arco-4-350x196.jpg 350w, https:\/\/www.diarioimagen.net\/wp-content\/uploads\/2019\/04\/arco-4-220x123.jpg 220w, https:\/\/www.diarioimagen.net\/wp-content\/uploads\/2019\/04\/arco-4-237x132.jpg 237w, https:\/\/www.diarioimagen.net\/wp-content\/uploads\/2019\/04\/arco-4.jpg 480w\" sizes=\"auto, (max-width: 460px) 100vw, 460px\" \/><\/a><\/p>\n<p>&nbsp;<\/p>\n<p>Para esta temporada vacacional es de suma importancia tomar medidas preventivas en menores para evitar accidentes, sobre todo quemaduras, de ah\u00ed la relevancia de que la familia vigile a los peque\u00f1os en todo momento, resalt\u00f3 Patricia Carre\u00f1o, representante de Fundaci\u00f3n Uriel, IAP, instituci\u00f3n altruista constituida ante la Junta de Asistencia Privada (JAPEM), organismo sectorizado a la Secretar\u00eda de Desarrollo Social de la entidad.<\/p>\n<p>Expres\u00f3 que esta Fundaci\u00f3n, ubicada en el municipio de Coacalco, apoya con la canalizaci\u00f3n de ni\u00f1as, ni\u00f1os y adolescentes que han sufrido quemaduras, a hospitales especializados, adem\u00e1s de ayudar con medicamentos y material de curaci\u00f3n para los pacientes.<\/p>\n<p>\u201cLa temporada vacacional supone relajaci\u00f3n y actividades familiares, sin embargo las d\u00edas de asueto podr\u00edan convertirse en el peor de los recuerdos cuando se sufre un accidente que implique quemaduras de segundo y tercer grado en un menor\u201d, agreg\u00f3.<\/p>\n<p>Dijo que una de las principales l\u00edneas de acci\u00f3n es la prevenci\u00f3n e informaci\u00f3n sobre los accidentes que provocan quemaduras de segundo y tercer grado y sus secuelas en la integridad f\u00edsica, emocional y social de los menores.<\/p>\n<p>\u201cDurante las vacaciones las familias buscan diferentes actividades de entretenimiento, \u00e9stas pueden ser campamentos al aire libre donde se encienden fogatas, reuniones donde se preparan carnes al carb\u00f3n o a fuego directo, pero incluso, una mala instalaci\u00f3n el\u00e9ctrica cerca de una alberca inflable, son factores que podr\u00edan derivar en un accidente, en el que un menor salga lesionado con quemaduras\u201d, detall\u00f3.<\/p>\n<p>Aunado a esto, Patricia Carre\u00f1o expres\u00f3 que algunos casos de quemaduras en casa, suceden en los momentos menos advertidos, como en el caso de To\u00f1ito, menor que sufri\u00f3 quemaduras con agua caliente cuando su mam\u00e1 se dispon\u00eda a ba\u00f1ar a su hermanita, una beb\u00e9 de meses de nacida, o el caso de Angie, una adolescente que se quem\u00f3 la cara con aceite caliente mientras intentaba hacer churros.<\/p>\n<p>Fundaci\u00f3n Uriel, IAP, ha canalizado a 21 pacientes para recibir atenci\u00f3n m\u00e9dica especializada en hospitales como Magdalena de las Salinas, del IMSS, al Centro Nacional de Investigaci\u00f3n y Atenci\u00f3n de Quemados, Shriners de M\u00e9xico y Estados Unidos para cirug\u00edas y rehabilitaci\u00f3n, adem\u00e1s de proporcionar apoyo econ\u00f3mico y\u00a0 medicamentos.<\/p>\n<p><em><a href=\"mailto:montanezaguilar@gmail.com\" target=\"_blank\" rel=\"noopener noreferrer\">montanezaguilar@gmail.com<\/a><\/em><\/p>\n","protected":false},"excerpt":{"rendered":"<p><span style=\"color: #005497;\">Jos\u00e9 Luis Monta\u00f1ez Aguilar<\/span><br \/>\n<br \/>\nPara esta temporada vacacional es de suma importancia tomar medidas preventivas en menores para evitar accidentes, sobre todo quemaduras, de ah\u00ed la relevancia de que la familia vigile a los peque\u00f1os en todo momento, resalt\u00f3 Patricia Carre\u00f1o, representante de Fundaci\u00f3n Uriel, IAP, instituci\u00f3n altruista constituida ante la Junta de Asistencia Privada (JAPEM), organismo sectorizado a la Secretar\u00eda de Desarrollo Social de la entidad.<\/p>\n","protected":false},"author":3,"featured_media":424217,"comment_status":"open","ping_status":"open","sticky":false,"template":"","format":"standard","meta":{"_monsterinsights_skip_tracking":false,"_monsterinsights_sitenote_active":false,"_monsterinsights_sitenote_note":"","_monsterinsights_sitenote_category":0,"footnotes":""},"categories":[5],"tags":[13284,43704,43674],"class_list":["post-424156","post","type-post","status-publish","format-standard","has-post-thumbnail","hentry","category-estado-de-mexico","tag-arco-norte","tag-jose-luis-montanez-aguilar","tag-opinion"],"_links":{"self":[{"href":"https:\/\/www.diarioimagen.net\/index.php?rest_route=\/wp\/v2\/posts\/424156","targetHints":{"allow":["GET"]}}],"collection":[{"href":"https:\/\/www.diarioimagen.net\/index.php?rest_route=\/wp\/v2\/posts"}],"about":[{"href":"https:\/\/www.diarioimagen.net\/index.php?rest_route=\/wp\/v2\/types\/post"}],"author":[{"embeddable":true,"href":"https:\/\/www.diarioimagen.net\/index.php?rest_route=\/wp\/v2\/users\/3"}],"replies":[{"embeddable":true,"href":"https:\/\/www.diarioimagen.net\/index.php?rest_route=%2Fwp%2Fv2%2Fcomments&post=424156"}],"version-history":[{"count":0,"href":"https:\/\/www.diarioimagen.net\/index.php?rest_route=\/wp\/v2\/posts\/424156\/revisions"}],"wp:featuredmedia":[{"embeddable":true,"href":"https:\/\/www.diarioimagen.net\/index.php?rest_route=\/wp\/v2\/media\/424217"}],"wp:attachment":[{"href":"https:\/\/www.diarioimagen.net\/index.php?rest_route=%2Fwp%2Fv2%2Fmedia&parent=424156"}],"wp:term":[{"taxonomy":"category","embeddable":true,"href":"https:\/\/www.diarioimagen.net\/index.php?rest_route=%2Fwp%2Fv2%2Fcategories&post=424156"},{"taxonomy":"post_tag","embeddable":true,"href":"https:\/\/www.diarioimagen.net\/index.php?rest_route=%2Fwp%2Fv2%2Ftags&post=424156"}],"curies":[{"name":"wp","href":"https:\/\/api.w.org\/{rel}","templated":true}]}}