{"id":424287,"date":"2019-04-22T00:11:15","date_gmt":"2019-04-22T05:11:15","guid":{"rendered":"https:\/\/www.diarioimagen.net\/?p=424287"},"modified":"2019-04-21T23:39:48","modified_gmt":"2019-04-22T04:39:48","slug":"promueven-habito-de-la-lectura-en-escuelas-del-edomex","status":"publish","type":"post","link":"https:\/\/www.diarioimagen.net\/?p=424287","title":{"rendered":"Promueven h\u00e1bito de la lectura en escuelas del Edomex"},"content":{"rendered":"<ul>\n<li><em><strong>Conocen estudiantes beneficios de esta pr\u00e1ctica<\/strong><\/em><\/li>\n<\/ul>\n<p>&nbsp;<\/p>\n<div id=\"attachment_424288\" style=\"width: 470px\" class=\"wp-caption aligncenter\"><img loading=\"lazy\" decoding=\"async\" aria-describedby=\"caption-attachment-424288\" class=\"wp-image-424288 size-large\" src=\"https:\/\/www.diarioimagen.net\/wp-content\/uploads\/2019\/04\/LECTURA22-portal-460x268.jpg\" alt=\"\" width=\"460\" height=\"268\" srcset=\"https:\/\/www.diarioimagen.net\/wp-content\/uploads\/2019\/04\/LECTURA22-portal-460x268.jpg 460w, https:\/\/www.diarioimagen.net\/wp-content\/uploads\/2019\/04\/LECTURA22-portal-240x140.jpg 240w, https:\/\/www.diarioimagen.net\/wp-content\/uploads\/2019\/04\/LECTURA22-portal.jpg 480w\" sizes=\"auto, (max-width: 460px) 100vw, 460px\" \/><p id=\"caption-attachment-424288\" class=\"wp-caption-text\">Alumnos de la primaria \u201cDr. Gustavo Baz Prada\u201d, de Jocotitl\u00e1n, leen 20 minutos diarios antes de empezar sus clases.<\/p><\/div>\n<p>&nbsp;<\/p>\n<p><strong>Jocotitl\u00e1n, Estado de M\u00e9xico<\/strong>.- Con la finalidad de promover la lectura, la industria editorial y la protecci\u00f3n de la propiedad intelectual, por medio del derecho de autor, as\u00ed como de generar una cultura donde los libros sean canales para alcanzar mejores niveles de vida, educaci\u00f3n y convivencia, desde 1996 la UNESCO instituy\u00f3 el 23 de abril como el D\u00eda Internacional del Libro.<\/p>\n<p>Una declaratoria mundial que fue tomada muy en serio en la Primaria \u201cDr. Gustavo Baz Prada\u201d, situada en la zona mazahua de San Juan Coajomulco, Jocotitl\u00e1n, donde autoridades pusieron en marcha el programa \u201cAmaneciendo con la lectura\u201d, que consiste en que los alumnos de los seis niveles educativos, lean 20 minutos diarios antes de empezar las clases.<\/p>\n<p>El director de la escuela, Ad\u00e1n \u00c9ric Bruno Monroy, explic\u00f3 que \u00e9sta es la primera actividad que se realiza todos los d\u00edas en la escuela, toda vez que se compraron libros con diferentes t\u00edtulos y los alumnos de cada sal\u00f3n tienen un ejemplar, es as\u00ed que en primer a\u00f1o comenzaron con la lectura \u201cLas aventuras de Tom Sawyer\u201d, en segundo con el \u201cEl principito\u201d, en tercero con \u201cCuentos de horror\u201d, en cuarto con \u201cLa Il\u00edada\u201d, en quinto con \u201cViaje al centro de la Tierra\u201d y en sexto con \u201cDr\u00e1cula\u201d.<\/p>\n<p>\u201cTenemos 12 t\u00edtulos diferentes, empiezan en la ma\u00f1ana a leer todos utilizando diferentes t\u00e9cnicas, por n\u00famero de lista, por un punto y coma, el maestro busca la estrategia que le llame la atenci\u00f3n al ni\u00f1o, pero todos van leyendo el mismo libro, leen 20 minutos diarios.<\/p>\n<p>\u201c\u00bfPor qu\u00e9 es la primera actividad que se realiza en la escuela?, porque queremos que se convierta en un h\u00e1bito y que el ni\u00f1o al venir a la escuela ya venga con esa idea, voy a llegar a leer, en qu\u00e9 se qued\u00f3 el libro el d\u00eda de ayer y que retomen, que adquieran ese inter\u00e9s\u201d, explic\u00f3 el directivo.<\/p>\n<p>Desde que se instaur\u00f3 el programa en el presente ciclo escolar, los alumnos de la Primaria han le\u00eddo entre cinco y seis libros cada uno, ya que los intercambian; adem\u00e1s, dijo, es notable el manejo del vocabulario y el mejoramiento de la redacci\u00f3n, sumado a la destacada participaci\u00f3n que han tenido en los concursos de zona escolar, en los que han sobresalido como en el deletreo en espa\u00f1ol e ingl\u00e9s y en oratoria.<\/p>\n<p>\u201cHubo un proyecto, alphabet body, en donde en equipo, los ni\u00f1os formaban la palabra, les daban la palabra y ten\u00edan cierto tiempo para formar esa palabra con ortograf\u00eda, entonces, todo eso son secuelas de este proyecto, porque si tienen una buena lectura, repercute en su ortograf\u00eda. En ese concurso, realizado en 2018, la Primaria \u201cDr. Gustavo Baz Prada obtuvo el primer lugar en la zona\u201d, concluy\u00f3.<\/p>\n<p>El Director se\u00f1al\u00f3 que a trav\u00e9s de la lectura busca que los alumnos tengan mayor conocimiento, acervo cultural, ampliaci\u00f3n del vocabulario, buena ortograf\u00eda, capacidad de an\u00e1lisis y que aprendan a debatir sus ideas.<\/p>\n<p>En este sentido, Adilene Espinosa Jim\u00e9nez, estudiante de quinto grado, refiri\u00f3 que a ella le gusta leer porque le ha ense\u00f1ado a escribir correctamente las palabras, saber c\u00f3mo se acent\u00faan, adem\u00e1s de mejorar su lectura.<\/p>\n<p>Por su parte, Antonio Constantino Melchor, igual de quinto a\u00f1o, se\u00f1al\u00f3 que a trav\u00e9s de este programa logr\u00f3 aumentar el n\u00famero de palabras le\u00eddas en un minuto y tambi\u00e9n a comprenderlas.<\/p>\n","protected":false},"excerpt":{"rendered":"<p>Con la finalidad de promover la lectura, la industria editorial y la protecci\u00f3n de la propiedad intelectual, por medio del derecho de autor, as\u00ed como de generar una cultura donde los libros sean canales para alcanzar mejores niveles de vida, educaci\u00f3n y convivencia, desde 1996 la UNESCO instituy\u00f3 el 23 de abril como el D\u00eda Internacional del Libro.<\/p>\n","protected":false},"author":5,"featured_media":424288,"comment_status":"open","ping_status":"open","sticky":false,"template":"","format":"standard","meta":{"_monsterinsights_skip_tracking":false,"_monsterinsights_sitenote_active":false,"_monsterinsights_sitenote_note":"","_monsterinsights_sitenote_category":0,"footnotes":""},"categories":[5],"tags":[84665,84666],"class_list":["post-424287","post","type-post","status-publish","format-standard","has-post-thumbnail","hentry","category-estado-de-mexico","tag-lectura-en-escuelas","tag-promueven-habito"],"_links":{"self":[{"href":"https:\/\/www.diarioimagen.net\/index.php?rest_route=\/wp\/v2\/posts\/424287","targetHints":{"allow":["GET"]}}],"collection":[{"href":"https:\/\/www.diarioimagen.net\/index.php?rest_route=\/wp\/v2\/posts"}],"about":[{"href":"https:\/\/www.diarioimagen.net\/index.php?rest_route=\/wp\/v2\/types\/post"}],"author":[{"embeddable":true,"href":"https:\/\/www.diarioimagen.net\/index.php?rest_route=\/wp\/v2\/users\/5"}],"replies":[{"embeddable":true,"href":"https:\/\/www.diarioimagen.net\/index.php?rest_route=%2Fwp%2Fv2%2Fcomments&post=424287"}],"version-history":[{"count":0,"href":"https:\/\/www.diarioimagen.net\/index.php?rest_route=\/wp\/v2\/posts\/424287\/revisions"}],"wp:featuredmedia":[{"embeddable":true,"href":"https:\/\/www.diarioimagen.net\/index.php?rest_route=\/wp\/v2\/media\/424288"}],"wp:attachment":[{"href":"https:\/\/www.diarioimagen.net\/index.php?rest_route=%2Fwp%2Fv2%2Fmedia&parent=424287"}],"wp:term":[{"taxonomy":"category","embeddable":true,"href":"https:\/\/www.diarioimagen.net\/index.php?rest_route=%2Fwp%2Fv2%2Fcategories&post=424287"},{"taxonomy":"post_tag","embeddable":true,"href":"https:\/\/www.diarioimagen.net\/index.php?rest_route=%2Fwp%2Fv2%2Ftags&post=424287"}],"curies":[{"name":"wp","href":"https:\/\/api.w.org\/{rel}","templated":true}]}}