{"id":424338,"date":"2019-04-22T00:01:19","date_gmt":"2019-04-22T05:01:19","guid":{"rendered":"https:\/\/www.diarioimagen.net\/?p=424338"},"modified":"2019-04-22T04:34:13","modified_gmt":"2019-04-22T09:34:13","slug":"el-tianguis-de-los-pueblos-magicos-de-mexico-sera-en-pachuca-hidalgo-del-25-al-27-de-octubre-proximo","status":"publish","type":"post","link":"https:\/\/www.diarioimagen.net\/?p=424338","title":{"rendered":"El Tianguis de los Pueblos M\u00e1gicos de M\u00e9xico ser\u00e1 en Pachuca, Hidalgo, del 25 al 27 de octubre pr\u00f3ximo"},"content":{"rendered":"<h2>De cinco estrellas<\/h2>\n<h5>Victoria Gonz\u00e1lez Prado<\/h5>\n<p>&nbsp;<\/p>\n<ul>\n<li><strong>American Airlines<em> deja de aceptar efectivo en el Aeropuerto Internacional de Guadalajara, a partir de hoy<\/em><\/strong><\/li>\n<li><strong><em>Campeche recibi\u00f3 el reconocimiento \u201cMejor Estado para Viajar 2019\u201d y \u201cMejor Platillo T\u00edpico 2019\u201d<\/em><\/strong><\/li>\n<li><strong>Copa Airlines <em>y <\/em>Air Europa<em> anuncian c\u00f3digo compartido, a partir del pr\u00f3ximo 3 de junio y conectar\u00e1n sus redes de destino<\/em><\/strong><\/li>\n<\/ul>\n<p>&nbsp;<\/p>\n<div id=\"attachment_424417\" style=\"width: 470px\" class=\"wp-caption aligncenter\"><a href=\"https:\/\/www.diarioimagen.net\/?attachment_id=424417\" rel=\"attachment wp-att-424417\"><img loading=\"lazy\" decoding=\"async\" aria-describedby=\"caption-attachment-424417\" class=\"size-large wp-image-424417\" src=\"https:\/\/www.diarioimagen.net\/wp-content\/uploads\/2019\/04\/1-3-460x259.jpg\" alt=\"\" width=\"460\" height=\"259\" srcset=\"https:\/\/www.diarioimagen.net\/wp-content\/uploads\/2019\/04\/1-3-460x259.jpg 460w, https:\/\/www.diarioimagen.net\/wp-content\/uploads\/2019\/04\/1-3-240x135.jpg 240w, https:\/\/www.diarioimagen.net\/wp-content\/uploads\/2019\/04\/1-3-235x132.jpg 235w, https:\/\/www.diarioimagen.net\/wp-content\/uploads\/2019\/04\/1-3-202x114.jpg 202w, https:\/\/www.diarioimagen.net\/wp-content\/uploads\/2019\/04\/1-3-350x196.jpg 350w, https:\/\/www.diarioimagen.net\/wp-content\/uploads\/2019\/04\/1-3-220x123.jpg 220w, https:\/\/www.diarioimagen.net\/wp-content\/uploads\/2019\/04\/1-3-237x132.jpg 237w, https:\/\/www.diarioimagen.net\/wp-content\/uploads\/2019\/04\/1-3.jpg 480w\" sizes=\"auto, (max-width: 460px) 100vw, 460px\" \/><\/a><p id=\"caption-attachment-424417\" class=\"wp-caption-text\">Ser\u00e1 sede del Tianguis de los Pueblos M\u00e1gicos.<\/p><\/div>\n<p>&nbsp;<\/p>\n<p>La Feria Nacional de Pueblos M\u00e1gicos, a partir de este a\u00f1o \u201cTianguis de Pueblos M\u00e1gicos de M\u00e9xico\u201d se realizar\u00e1 en Pachuca, Hidalgo, del 25 al 27 de octubre pr\u00f3ximo.<\/p>\n<p>El programa Pueblos M\u00e1gicos naci\u00f3 en 2001 como estrategia de innovaci\u00f3n y diversificaci\u00f3n del producto tur\u00edstico mexicano, con la finalidad de conservar la herencia hist\u00f3rica y cultural de los 121 pueblos que han recibido, hasta ahora, el nombramiento para convertirlos en sitios de inter\u00e9s tur\u00edstico.<\/p>\n<p>A la fecha, 31 entidades del pa\u00eds tienen Pueblo M\u00e1gico y recordemos que la primera feria tuvo lugar en Guadalajara en 2014; la segunda, en Puebla en 2015; la tercera, en Quer\u00e9taro en 2016; la cuarta feria de Pueblos M\u00e1gicos se realiz\u00f3 en Monterrey en 2017, y la quinta edici\u00f3n en Morelia, Michoac\u00e1n, el a\u00f1o pasado.<\/p>\n<p>Cabe destacar que Hidalgo cuenta con cinco Pueblos M\u00e1gicos: Huasca de Ocampo, Huichapan, Mineral del Chico, Mineral del Monte y Tecozautla.<\/p>\n<p>\u2730\u2730\u2730\u2730\u2730 <em>American Airlines<\/em> anunci\u00f3 que a partir de hoy, 22 de abril, no aceptar\u00e1 dinero en efectivo para las transacciones realizadas en el Aeropuerto Internacional de Guadalajara (GDL). Los pasajeros deber\u00e1n utilizar tarjetas de cr\u00e9dito o d\u00e9bito para realizar cualquier transacci\u00f3n, incluyendo la compra de boletos o el pago del equipaje facturado.<\/p>\n<p><strong>Carlos Padilla<\/strong>, gerente general de la compa\u00f1\u00eda a\u00e9rea en Guadalajara dijo: \u201cla l\u00ednea a\u00e9rea est\u00e1 en fase de transici\u00f3n a nivel global para que en cada uno de los aeropuertos donde operamos se realicen transacciones \u00fanicamente con tarjetas de cr\u00e9dito o d\u00e9bito, utilizando recursos m\u00e1s tecnol\u00f3gicos y seguros, a la vez que permitimos a nuestro equipo ayudar a los clientes de una manera m\u00e1s r\u00e1pida y eficiente\u201d.<\/p>\n<p>El Aeropuerto Internacional de Guadalajara se suma a los m\u00e1s de 70 destinos internacionales en los que <em>American<\/em> ya no realiza transacciones en efectivo.<\/p>\n<p>Actualmente la aerol\u00ednea ofrece servicio sin escalas entre Guadalajara y los centros de conexiones de le aerol\u00ednea en Dallas\/Fort Worth y Phoenix, adem\u00e1s de Charlotte, por temporada.<\/p>\n<p>\u2730\u2730\u2730\u2730\u2730 Chihuahua, el estado m\u00e1s grande del pa\u00eds particip\u00f3 en el Tianguis Tur\u00edstico M\u00e9xico 2019 en Acapulco, donde mostr\u00f3 atractivos del destino como el distintivo telef\u00e9rico que cruza suspendido las Barrancas del Cobre, esta vez se adapt\u00f3 como cuartel de citas para los administrativos representantes de la Secretar\u00eda de Innovaci\u00f3n y Desarrollo Econ\u00f3mico, as\u00ed como la Direcci\u00f3n de Turismo y el Fideicomiso de Promoci\u00f3n Tur\u00edstica Ah Chihuahua.<\/p>\n<p>Desde esta altura pudo verse panorama del movimiento en el \u00e1rea de <em>booths <\/em>atendidos por los operadores y prestadores de servicios chihuahuenses y al fondo rematando el pabell\u00f3n, dos peque\u00f1os vagones del <em>Chepe Express<\/em> que de la misma forma fungieron como oficinas para atender citas.<\/p>\n<p>Se cont\u00f3 con zona de degustaci\u00f3n y activaciones gastron\u00f3micas bajo el identificativo #SaboresChihuahua con el chef <strong>Uriel Hern\u00e1ndez<\/strong>, que sorprendi\u00f3 con canap\u00e9s maridados con bebidas representativas del estado<\/p>\n<p>Chihuahua destac\u00f3 tambi\u00e9n por su participaci\u00f3n coordinada en el evento denominado, \u201cLa Carnita Asada del Noreste\u201d, en el que los estados de Coahuila, Nuevo Le\u00f3n, Tamaulipas y Chihuahua, lograron reunir a m\u00e1s de tres mil asistentes compartiendo carne y sabor de la mejor calidad representativa del estado.<\/p>\n<p>El director del Fideicomiso de Promoci\u00f3n Tur\u00edstica Ah Chihuahua, <strong>Francisco Moreno Villafuerte<\/strong> al concluir el Tianguis Tur\u00edstico se\u00f1al\u00f3 que la comitiva de la entidad estuvo conformada por 36 operadores tur\u00edsticos, proveedores de servicios tur\u00edsticos como hoteler\u00eda, transporte y por supuesto representantes del Chepe, as\u00ed como funcionarios a cargo de la promoci\u00f3n tur\u00edstica del estado sumando a m\u00e1s de 50 chihuahuenses con el reto de seguir posicionando a la entidad como predilecto.<\/p>\n<p>De los n\u00fameros destac\u00f3: mil 250 citas atendidas con una derrama econ\u00f3mica superior a los 12 millones de pesos a corto plazo.<\/p>\n<p>50 encuentros con medios de comunicaci\u00f3n nacionales para difundir las bondades tur\u00edsticas. Dos mil porciones servidas durante el evento \u201cLa Carnita Asada del Noreste\u201d. Dos mil 430 canap\u00e9s servidos durante d\u00edas de exposici\u00f3n en Tianguis Tur\u00edstico en zona degustaci\u00f3n.<\/p>\n<p>60 botellas de vino de Hacienda Bustillos servidas en maridaje. 900 paletas de sotol, 900 <em>shots<\/em> de mixolog\u00eda a base de sotol y 12 botellas de sotol. 450 porciones de dulces t\u00edpicos chihuahuenses servido todo lo anterior durante el Tianguis Tur\u00edstico en zona degustaci\u00f3n.<\/p>\n<p>Conferencia de prensa sobre \u201cOrgullo Milenario\u201d por parte de <strong>Isela Mart\u00ednez<\/strong>, directora de Fodarch, quien explic\u00f3 la intenci\u00f3n de la renovaci\u00f3n que ha dado por resultado a Arte Popular Chihuahua para continuar promoviendo las artesan\u00edas que brindan identidad al estado.<\/p>\n<p>Acuerdo firmado con el estado de Yucat\u00e1n a fin de realizar intercambio e impulso mutuo para la promoci\u00f3n tur\u00edstica de las entidades en cada territorio.<\/p>\n<p>Tres premios obtenidos por parte de la publicaci\u00f3n M\u00e9xico Desconocido: Barrancas del Cobre, elegido como \u201cLo Mejor de M\u00e9xico\u201d en la categor\u00eda de mejor destino que representa a M\u00e9xico en el Mundo 2018. Experiencia Rar\u00e1muri por representar lo mejor de M\u00e9xico en la categor\u00eda de Mejor Experiencia Local 2018 y Lo Mejor de M\u00e9xico en la categor\u00eda de Mejor Museo, al Centro Cultural Paquim\u00e9.<\/p>\n<p>\u2730\u2730\u2730\u2730\u2730 El estado de Campeche obtuvo excelentes resultados en la 44\u00aa edici\u00f3n del Tianguis Tur\u00edstico 2019 en Acapulco, Guerrero. En esta ocasi\u00f3n, la entidad recibi\u00f3 el reconocimiento \u201cMejor Estado para Viajar 2019\u201d otorgado por M\u00e9xico Desconocido y \u201cMejor Platillo T\u00edpico 2019\u201d.<\/p>\n<p><strong>Jorge Manos Esparragoza<\/strong>, secretario de Turismo de Campeche, agradeci\u00f3 los reconocimientos y destac\u00f3 tambi\u00e9n la firma del convenio de coordinaci\u00f3n interinstitucional que celebr\u00f3 en su calidad de presidente de la Asociaci\u00f3n de Secretarios de Turismo de M\u00e9xico (Asetur) y el presidente de la C\u00e1mara Nacional de Autotransporte y Turismo (Canapat), <strong>Aurelio P\u00e9rez Alonso<\/strong>, cuyo objetivo es la colaboraci\u00f3n en materia de promoci\u00f3n tur\u00edstica a los 121 Pueblos M\u00e1gicos, as\u00ed como los destinos m\u00e1s importantes del pa\u00eds. Esta firma cont\u00f3 con la presencia del secretario de Turismo federal, <strong>Miguel Torruco Marqu\u00e9s<\/strong>.<\/p>\n<p>Asimismo, el titular de Turismo en Campeche se refiri\u00f3 al convenio con el Fondo Mixto de Promoci\u00f3n Tur\u00edstica de la Ciudad de M\u00e9xico, encabezado por su directora general, <strong>Paola F\u00e9lix D\u00edaz<\/strong>, con el prop\u00f3sito de fortalecer el flujo de turistas y visitantes nacionales e internacionales.<\/p>\n<p>\u2730\u2730\u2730\u2730\u2730 La aerol\u00ednea paname\u00f1a <em>Copa Airlines<\/em> y la espa\u00f1ola <em>Air Europa<\/em> implementar\u00e1n nuevo acuerdo de c\u00f3digo compartido, que conectar\u00e1 sus redes de destinos para la comodidad de sus pasajeros a partir del 3 de junio, d\u00eda en que la aerol\u00ednea espa\u00f1ola iniciar\u00e1 operaciones en Panam\u00e1.<\/p>\n<p>Con este acuerdo la espa\u00f1ola incluir\u00e1 su c\u00f3digo en los vuelos de la paname\u00f1a desde y hacia San Jos\u00e9, Costa Rica; Managua, Nicaragua; San Salvador, El Salvador y Ciudad de Guatemala, Guatemala, permitiendo a clientes de Europa conectar de manera r\u00e1pida y eficiente a trav\u00e9s del <em>Hub<\/em> de las Am\u00e9ricas en Ciudad de Panam\u00e1.<\/p>\n<p><strong>Imanol P\u00e9rez<\/strong>, director comercial de <em>Air Europa <\/em>dijo: \u201ceste acuerdo entre <em>Air Europa<\/em> y <em>Copa Airline<\/em>s es una excelente opci\u00f3n que ofrece beneficios para quien viaja a Espa\u00f1a desde Panam\u00e1 y el resto de la regi\u00f3n.<\/p>\n<p><strong>Dennis Cary<\/strong>, vicepresidente senior de Comercial y Planificaci\u00f3n de <em>Copa Airlines,<\/em> resalt\u00f3: \u201csiempre buscamos asociaciones para ofrecer la mejor experiencia de viaje y expandir nuestra red de rutas para el beneficio de nuestros pasajeros.<\/p>\n<p><em><a href=\"mailto:victoriagprado@gmail.com\" target=\"_blank\" rel=\"noopener noreferrer\">victoriagprado@gmail.com<\/a><\/em><br \/>\n<em>Twitter: <a href=\"https:\/\/twitter.com\/victoriagprado\" target=\"_blank\" rel=\"noopener noreferrer\">@victoriagprado<\/a><\/em><\/p>\n","protected":false},"excerpt":{"rendered":"<p>La Feria Nacional de Pueblos M\u00e1gicos, a partir de este a\u00f1o \u201cTianguis de Pueblos M\u00e1gicos de M\u00e9xico\u201d se realizar\u00e1 en Pachuca, Hidalgo, del 25 al 27 de octubre pr\u00f3ximo.\u00a0<\/p>\n","protected":false},"author":3,"featured_media":424417,"comment_status":"open","ping_status":"open","sticky":false,"template":"","format":"standard","meta":{"_monsterinsights_skip_tracking":false,"_monsterinsights_sitenote_active":false,"_monsterinsights_sitenote_note":"","_monsterinsights_sitenote_category":0,"footnotes":""},"categories":[11],"tags":[107,43674,106],"class_list":["post-424338","post","type-post","status-publish","format-standard","has-post-thumbnail","hentry","category-turismo","tag-de-cinco-estrellas","tag-opinion","tag-victoria-gonzalez-prado"],"_links":{"self":[{"href":"https:\/\/www.diarioimagen.net\/index.php?rest_route=\/wp\/v2\/posts\/424338","targetHints":{"allow":["GET"]}}],"collection":[{"href":"https:\/\/www.diarioimagen.net\/index.php?rest_route=\/wp\/v2\/posts"}],"about":[{"href":"https:\/\/www.diarioimagen.net\/index.php?rest_route=\/wp\/v2\/types\/post"}],"author":[{"embeddable":true,"href":"https:\/\/www.diarioimagen.net\/index.php?rest_route=\/wp\/v2\/users\/3"}],"replies":[{"embeddable":true,"href":"https:\/\/www.diarioimagen.net\/index.php?rest_route=%2Fwp%2Fv2%2Fcomments&post=424338"}],"version-history":[{"count":0,"href":"https:\/\/www.diarioimagen.net\/index.php?rest_route=\/wp\/v2\/posts\/424338\/revisions"}],"wp:featuredmedia":[{"embeddable":true,"href":"https:\/\/www.diarioimagen.net\/index.php?rest_route=\/wp\/v2\/media\/424417"}],"wp:attachment":[{"href":"https:\/\/www.diarioimagen.net\/index.php?rest_route=%2Fwp%2Fv2%2Fmedia&parent=424338"}],"wp:term":[{"taxonomy":"category","embeddable":true,"href":"https:\/\/www.diarioimagen.net\/index.php?rest_route=%2Fwp%2Fv2%2Fcategories&post=424338"},{"taxonomy":"post_tag","embeddable":true,"href":"https:\/\/www.diarioimagen.net\/index.php?rest_route=%2Fwp%2Fv2%2Ftags&post=424338"}],"curies":[{"name":"wp","href":"https:\/\/api.w.org\/{rel}","templated":true}]}}