{"id":424482,"date":"2019-04-23T00:08:44","date_gmt":"2019-04-23T05:08:44","guid":{"rendered":"https:\/\/www.diarioimagen.net\/?p=424482"},"modified":"2019-04-24T00:25:09","modified_gmt":"2019-04-24T05:25:09","slug":"mayor-impulso-al-deporte-en-edomex-alfredo-del-mazo","status":"publish","type":"post","link":"https:\/\/www.diarioimagen.net\/?p=424482","title":{"rendered":"Mayor impulso al deporte en Edomex: Del Mazo Maza"},"content":{"rendered":"<ul>\n<li><strong><em>Con el mejoramiento de instalaciones deportivas<\/em><\/strong><\/li>\n<li><strong><em>Abandera delegaci\u00f3n para Olimpiada Nacional y la Olimpiada Nacional Juvenil<\/em><\/strong><\/li>\n<\/ul>\n<p>&nbsp;<\/p>\n<div id=\"attachment_424483\" style=\"width: 470px\" class=\"wp-caption aligncenter\"><img loading=\"lazy\" decoding=\"async\" aria-describedby=\"caption-attachment-424483\" class=\"wp-image-424483 size-large\" src=\"https:\/\/www.diarioimagen.net\/wp-content\/uploads\/2019\/04\/DEL-MAZO23-portal-460x268.jpg\" alt=\"\" width=\"460\" height=\"268\" srcset=\"https:\/\/www.diarioimagen.net\/wp-content\/uploads\/2019\/04\/DEL-MAZO23-portal-460x268.jpg 460w, https:\/\/www.diarioimagen.net\/wp-content\/uploads\/2019\/04\/DEL-MAZO23-portal-240x140.jpg 240w, https:\/\/www.diarioimagen.net\/wp-content\/uploads\/2019\/04\/DEL-MAZO23-portal.jpg 480w\" sizes=\"auto, (max-width: 460px) 100vw, 460px\" \/><p id=\"caption-attachment-424483\" class=\"wp-caption-text\">Encabeza Alfredo Del Mazo la ceremonia de abanderamiento de la delegaci\u00f3n mexiquense que participar\u00e1 en la Olimpiada Nacional y la Olimpiada Nacional Juvenil.<\/p><\/div>\n<p>&nbsp;<\/p>\n<p><strong>Temoaya, Estado de M\u00e9xico<\/strong>.- Al abanderar a la delegaci\u00f3n deportiva mexiquense que participar\u00e1 en la Olimpiada Nacional y la Olimpiada Nacional Juvenil 2019, el gobernador Alfredo Del Mazo Maza se\u00f1al\u00f3 que en el Estado de M\u00e9xico se realizan obras y acciones para mejorar las instalaciones e infraestructura deportiva, con la finalidad de que los atletas de la entidad tengan las mejores condiciones para que realicen sus actividades.<\/p>\n<p>\u201cMientras m\u00e1s podamos promover el deporte a trav\u00e9s de competencias profesionales, como lo van a hacer ustedes, a trav\u00e9s de espacios recreativos, de recuperaci\u00f3n de espacios p\u00fablicos, de recuperaci\u00f3n y construcci\u00f3n de unidades deportivas, m\u00e1s estaremos contribuyendo a la disminuci\u00f3n de la violencia y la delincuencia.<\/p>\n<p>\u201cEl deporte debe ser visto como una actividad de integraci\u00f3n, de promoci\u00f3n de valores, de convivencia familiar, pero tambi\u00e9n como una actividad de prevenci\u00f3n y combate a la violencia y la delincuencia\u201d, refiri\u00f3 el mandatario mexiquense.<\/p>\n<p>\u201cEn el Estado de M\u00e9xico estamos convencidos de la importancia que se le debe de dar y por eso hoy expresamos a estas j\u00f3venes y estos j\u00f3venes que est\u00e1n aqu\u00ed presentes nuestro respaldo, nuestro apoyo, nuestro deseo de triunfo para sus pr\u00f3ximas competencias, y el compromiso con los deportistas mexiquense de seguir impulsando el deporte\u201d.<\/p>\n<p>En el Centro Ceremonial Otom\u00ed, Alfredo Del Mazo destac\u00f3 algunas de las acciones que la administraci\u00f3n estatal lleva a cabo para promover e impulsar el deporte, como el destinar m\u00e1s de 200 millones de pesos para respaldar el equipo multidisciplinario de detecci\u00f3n y desarrollo de talentos, adem\u00e1s de invertir en campamentos deportivos.<\/p>\n<p>Tambi\u00e9n, dijo, se impulsa la participaci\u00f3n de atletas en justas deportivas nacionales e internacionales, se dise\u00f1a un plan integral de formaci\u00f3n de talentos en desarrollo en donde la promoci\u00f3n de la cultura f\u00edsica, el impulso de torneos regionales, la creaci\u00f3n de centros de formaci\u00f3n deportiva, el apoyo al deporte adaptado y de alto rendimiento, son sus principales ejes.<\/p>\n<p>A nivel estatal, agreg\u00f3, se iniciar\u00e1 una campa\u00f1a para combatir la obesidad tanto en el Valle de M\u00e9xico, como de Toluca y la zona de Los Volcanes, mediante el impulso de actividades deportivas por medio de programas de activaci\u00f3n con unidades m\u00f3viles, adem\u00e1s de las Copas Edomex que fortalecen la pr\u00e1ctica de deportes en conjunto como el beisbol y futbol.<\/p>\n<p>En los Centros de Formaci\u00f3n Deportiva Edomex, se desarrollar\u00e1n nuevos talentos en disciplinas como box, ciclismo, taekwondo, atletismo, nataci\u00f3n y tenis de mesa, programa que ya funciona en la Ciudad Deportiva de Zinacantepec y en mayo entrar\u00e1 en operaci\u00f3n en el Centro Cultural Mexiquense Bicentenario, en Texcoco, y la Unidad Deportiva de Acolman.<\/p>\n<p>Del Mazo Maza puntualiz\u00f3 tambi\u00e9n que se trabaja en la apertura de una escuela de futbol para personas con s\u00edndrome de Down, adem\u00e1s de que se apoyar\u00e1 a 260 deportistas que buscan clasificar a los Juegos Panamericanos, y en 2018 se inauguraron espacios deportivos que fueron rehabilitados, ampliados y remodelados, como la Unidad Deportiva Zinacantepec y la construcci\u00f3n del Centro Regional del Deporte de Alto Rendimiento en Ecatepec, entre otros.<\/p>\n<p>A\u00f1adi\u00f3 que est\u00e1n en proceso tres obras adicionales, donde se invertir\u00e1n m\u00e1s de 40 millones de pesos, y son la rehabilitaci\u00f3n del Centro Mexiquense de Alto Rendimiento de Zinacantepec, la ampliaci\u00f3n del Centro Regional del Deporte de Alto Rendimiento del Deportivo Solidaridad de Chalco y la rehabilitaci\u00f3n de la pista de atletismo y el campo de futbol de la Unidad Cuauht\u00e9moc.<\/p>\n<p>El mandatario mexiquense dese\u00f3 \u00e9xito a los m\u00e1s de mil 250 atletas del Estado de M\u00e9xico que competir\u00e1n en estas justas deportivas, a quienes les dijo que aquellos que sean ganadores de alguna medalla obtendr\u00e1n como reconocimiento un est\u00edmulo econ\u00f3mico.<\/p>\n<p>Detall\u00f3 que quienes consigan medalla de oro tendr\u00e1n un est\u00edmulo de 12 mil pesos, los ganadores de preseas de plata 6 mil pesos y los que obtengan bronce 4 mil pesos.<\/p>\n<p>Asimismo, reconoci\u00f3 el esfuerzo que hacen los entrenadores y los padres de familia para que estos j\u00f3venes representen al Estado de M\u00e9xico, adem\u00e1s de ser un ejemplo para m\u00e1s mexiquenses que se dedican a practicar alguna disciplina deportiva.<\/p>\n<p>El gobernador del Estado de M\u00e9xico destac\u00f3 tambi\u00e9n que este a\u00f1o la delegaci\u00f3n mexiquense que participar\u00e1 en la Olimpiada Nacional y la Olimpiada Nacional Juvenil 2019, es la m\u00e1s grande de todo el pa\u00eds.<\/p>\n<p>Record\u00f3 tambi\u00e9n que el a\u00f1o pasado la entidad obtuvo el cuarto lugar en la Olimpiada Nacional Juvenil y el octavo lugar en la Olimpiada Nacional, con un total de 64 medallas de oro, 74 de plata y 65 de bronce, y expres\u00f3 su confianza para superar estos logros.<\/p>\n<p>En este evento, el Gobernador Alfredo Del Mazo entreg\u00f3 kits deportivos para los atletas que acudir\u00e1n a estas competencias deportivas, adem\u00e1s de que se les brindar\u00e1 apoyo para los gastos de transporte, tanto terrestre como a\u00e9rea.<\/p>\n<p>\u201cAqu\u00ed est\u00e1n las mejores y los mejores j\u00f3venes que van representan a nuestro Estado de M\u00e9xico en esta pr\u00f3xima Olimpiada Nacional y Olimpiada Nacional Juvenil 2019, y esto es gracias al esfuerzo de ellos, sin lugar a dudas; gracias al compromiso, al sacrificio, a la dedicaci\u00f3n, al trabajo, a la preparaci\u00f3n que cada una y cada uno de ustedes ha tenido a lo largo\u00a0 de mucho tiempo.<\/p>\n<p>\u201cPero tambi\u00e9n al respaldo de sus entrenadores, al respaldo de sus familias, que les han apoyado en todo momento a lo largo de esta carrera del deporte que han venido llevando a cabo, y el d\u00eda de hoy nos da much\u00edsimo gusto el poder apoyarles y estar cerca de ustedes para que llevemos en alto el nombre del Estado de M\u00e9xico en est\u00e1s competencia deportivas\u201d, afirm\u00f3.<\/p>\n<p>En su oportunidad, la Secretaria de Cultura estatal, Marcela Gonz\u00e1lez Salas, expres\u00f3 que el fuerte impulso que se da en la entidad al deporte y cultura, es parte de una pol\u00edtica p\u00fablica encabezada por el Gobernador Alfredo Del Mazo, la cual promueve el humanismo y busca transformar a los seres humanos, para que sean cada vez mejores.<\/p>\n<p>Coment\u00f3 que gracias a ello, la entidad mexiquense ha obtenido adem\u00e1s importantes logros deportivos, como es el hecho que el a\u00f1o pasado el 31 por ciento de las medallas de oro obtenidas en los Juegos Centroamericanos y del Caribe, realizados en Barranquilla, Colombia, fueron para mexiquenses.<\/p>\n","protected":false},"excerpt":{"rendered":"<p>Al abanderar a la delegaci\u00f3n deportiva mexiquense que participar\u00e1 en la Olimpiada Nacional y la Olimpiada Nacional Juvenil 2019, el gobernador Alfredo Del Mazo Maza se\u00f1al\u00f3 que en el Estado de M\u00e9xico se realizan obras y acciones para mejorar las instalaciones e infraestructura deportiva, con la finalidad de que los atletas de la entidad tengan las mejores condiciones para que realicen sus actividades.<\/p>\n","protected":false},"author":5,"featured_media":424483,"comment_status":"open","ping_status":"open","sticky":false,"template":"","format":"standard","meta":{"_monsterinsights_skip_tracking":false,"_monsterinsights_sitenote_active":false,"_monsterinsights_sitenote_note":"","_monsterinsights_sitenote_category":0,"footnotes":""},"categories":[5],"tags":[81909,43675,84699,84700,16431,6777],"class_list":["post-424482","post","type-post","status-publish","format-standard","has-post-thumbnail","hentry","category-estado-de-mexico","tag-alfredo-del-mazo","tag-estado-de-mexico","tag-impulso-al-deporte","tag-nacional-juvenil-2019","tag-olimpiada-nacional","tag-temoaya"],"_links":{"self":[{"href":"https:\/\/www.diarioimagen.net\/index.php?rest_route=\/wp\/v2\/posts\/424482","targetHints":{"allow":["GET"]}}],"collection":[{"href":"https:\/\/www.diarioimagen.net\/index.php?rest_route=\/wp\/v2\/posts"}],"about":[{"href":"https:\/\/www.diarioimagen.net\/index.php?rest_route=\/wp\/v2\/types\/post"}],"author":[{"embeddable":true,"href":"https:\/\/www.diarioimagen.net\/index.php?rest_route=\/wp\/v2\/users\/5"}],"replies":[{"embeddable":true,"href":"https:\/\/www.diarioimagen.net\/index.php?rest_route=%2Fwp%2Fv2%2Fcomments&post=424482"}],"version-history":[{"count":0,"href":"https:\/\/www.diarioimagen.net\/index.php?rest_route=\/wp\/v2\/posts\/424482\/revisions"}],"wp:featuredmedia":[{"embeddable":true,"href":"https:\/\/www.diarioimagen.net\/index.php?rest_route=\/wp\/v2\/media\/424483"}],"wp:attachment":[{"href":"https:\/\/www.diarioimagen.net\/index.php?rest_route=%2Fwp%2Fv2%2Fmedia&parent=424482"}],"wp:term":[{"taxonomy":"category","embeddable":true,"href":"https:\/\/www.diarioimagen.net\/index.php?rest_route=%2Fwp%2Fv2%2Fcategories&post=424482"},{"taxonomy":"post_tag","embeddable":true,"href":"https:\/\/www.diarioimagen.net\/index.php?rest_route=%2Fwp%2Fv2%2Ftags&post=424482"}],"curies":[{"name":"wp","href":"https:\/\/api.w.org\/{rel}","templated":true}]}}