{"id":424563,"date":"2019-04-23T00:11:29","date_gmt":"2019-04-23T05:11:29","guid":{"rendered":"https:\/\/www.diarioimagen.net\/?p=424563"},"modified":"2019-04-23T04:57:46","modified_gmt":"2019-04-23T09:57:46","slug":"concluyo-festival-del-libro-y-la-cultura-2019-de-uaem","status":"publish","type":"post","link":"https:\/\/www.diarioimagen.net\/?p=424563","title":{"rendered":"Concluy\u00f3 Festival del Libro y la Cultura 2019 de UAEM"},"content":{"rendered":"<ul>\n<li><strong><em>En el municipio de Acolman\u00a0<\/em><\/strong><\/li>\n<\/ul>\n<p>&nbsp;<\/p>\n<div id=\"attachment_424628\" style=\"width: 470px\" class=\"wp-caption aligncenter\"><a href=\"https:\/\/www.diarioimagen.net\/?attachment_id=424628\" rel=\"attachment wp-att-424628\"><img loading=\"lazy\" decoding=\"async\" aria-describedby=\"caption-attachment-424628\" class=\"size-large wp-image-424628\" src=\"https:\/\/www.diarioimagen.net\/wp-content\/uploads\/2019\/04\/UAEM-23-460x259.jpg\" alt=\"\" width=\"460\" height=\"259\" srcset=\"https:\/\/www.diarioimagen.net\/wp-content\/uploads\/2019\/04\/UAEM-23-460x259.jpg 460w, https:\/\/www.diarioimagen.net\/wp-content\/uploads\/2019\/04\/UAEM-23-240x135.jpg 240w, https:\/\/www.diarioimagen.net\/wp-content\/uploads\/2019\/04\/UAEM-23-235x132.jpg 235w, https:\/\/www.diarioimagen.net\/wp-content\/uploads\/2019\/04\/UAEM-23-202x114.jpg 202w, https:\/\/www.diarioimagen.net\/wp-content\/uploads\/2019\/04\/UAEM-23-350x196.jpg 350w, https:\/\/www.diarioimagen.net\/wp-content\/uploads\/2019\/04\/UAEM-23-220x123.jpg 220w, https:\/\/www.diarioimagen.net\/wp-content\/uploads\/2019\/04\/UAEM-23-237x132.jpg 237w, https:\/\/www.diarioimagen.net\/wp-content\/uploads\/2019\/04\/UAEM-23.jpg 480w\" sizes=\"auto, (max-width: 460px) 100vw, 460px\" \/><\/a><p id=\"caption-attachment-424628\" class=\"wp-caption-text\">Ranulfo P\u00e9rez Garc\u00e9s inform\u00f3 que se realizaron 13 presentaciones de libros, seis conferencias, tres exposiciones, cuatro obras de teatro, as\u00ed como una carrera atl\u00e9tica.<\/p><\/div>\n<p>&nbsp;<\/p>\n<p><strong>Acolman, Estado de M\u00e9xico<\/strong>.\u2013 Con la realizaci\u00f3n de un total de 50 actividades, concluy\u00f3 el Segundo Festival del Libro y la Cultura 2019 de la Unidad Acad\u00e9mica Profesional Acolman de la Universidad Aut\u00f3noma del Estado de M\u00e9xico, que tuvo como prop\u00f3sito conmemorar el 75 aniversario de la autonom\u00eda de esta casa de estudios.<\/p>\n<p>En esta actividad, que se llev\u00f3 a cabo en el marco del Programa \u201cAbril, mes de la lectura\u201d de la UAEM, participaron los centros universitarios Amecameca, Atlacomulco, Ecatepec, Valle de M\u00e9xico, Teotihuac\u00e1n y Zumpango, as\u00ed como las unidades acad\u00e9micas profesionales Nezahualc\u00f3yotl, Chimalhuac\u00e1n y Cuautitl\u00e1n Izcalli.<\/p>\n<p>El coordinador de la UAP Acolman, Ranulfo P\u00e9rez Garc\u00e9s, inform\u00f3 que como parte de estas actividades se realizaron 13 presentaciones de libros, seis conferencias, tres exposiciones, cuatro obras de teatro, as\u00ed como una carrera atl\u00e9tica de cinco kil\u00f3metros en las inmediaciones de este organismo acad\u00e9mico universitario.<\/p>\n<p>Durante la ceremonia de clausura, el universitario detall\u00f3 que m\u00e1s de seis mil personas asistieron a las diferentes actividades de la Feria del Libro y la Cultura 2019. Subray\u00f3 que el prop\u00f3sito del evento fue promover el h\u00e1bito de la lectura entre la comunidad universitaria y la sociedad en general.<\/p>\n<p>Ranulfo P\u00e9rez Garc\u00e9s enfatiz\u00f3 que en esta actividad acad\u00e9mica y cultural tambi\u00e9n participaron estudiantes de los niveles b\u00e1sico y medio superior de instituciones educativas de la regi\u00f3n noreste de la entidad.<\/p>\n<p>Cabe destacar que el magistrado y ex presidente del Tribunal Superior de Justicia de la Ciudad de M\u00e9xico, \u00c1lvaro Augusto P\u00e9rez Ju\u00e1rez, imparti\u00f3 la conferencia \u201cLa autonom\u00eda universitaria. Antecedentes, estado actual y perspectivas\u201d, marco en el que se\u00f1al\u00f3 que esta prerrogativa constitucional de las instituciones de educaci\u00f3n superior es uno de los pilares de las universidades p\u00fablicas mexicanas.<\/p>\n<p>P\u00e9rez Garc\u00e9s expres\u00f3 que es responsabilidad de los universitarios preservarla y mantenerla como uno de sus valores fundamentales para pensar, dialogar, investigar y contribuir desde un \u00e1mbito de libertad y responsabilidad al desarrollo de la entidad y el pa\u00eds.<\/p>\n","protected":false},"excerpt":{"rendered":"<p>Con la realizaci\u00f3n de un total de 50 actividades, concluy\u00f3 el Segundo Festival del Libro y la Cultura 2019 de la Unidad Acad\u00e9mica Profesional Acolman de la Universidad Aut\u00f3noma del Estado de M\u00e9xico, que tuvo como prop\u00f3sito<\/p>\n","protected":false},"author":3,"featured_media":424628,"comment_status":"open","ping_status":"open","sticky":false,"template":"","format":"standard","meta":{"_monsterinsights_skip_tracking":false,"_monsterinsights_sitenote_active":false,"_monsterinsights_sitenote_note":"","_monsterinsights_sitenote_category":0,"footnotes":""},"categories":[5],"tags":[47277,43675,84718,84717,1491],"class_list":["post-424563","post","type-post","status-publish","format-standard","has-post-thumbnail","hentry","category-estado-de-mexico","tag-acolman","tag-estado-de-mexico","tag-festival-del-libro-y-la-cultura","tag-ranulfoperez-garces","tag-uaem"],"_links":{"self":[{"href":"https:\/\/www.diarioimagen.net\/index.php?rest_route=\/wp\/v2\/posts\/424563","targetHints":{"allow":["GET"]}}],"collection":[{"href":"https:\/\/www.diarioimagen.net\/index.php?rest_route=\/wp\/v2\/posts"}],"about":[{"href":"https:\/\/www.diarioimagen.net\/index.php?rest_route=\/wp\/v2\/types\/post"}],"author":[{"embeddable":true,"href":"https:\/\/www.diarioimagen.net\/index.php?rest_route=\/wp\/v2\/users\/3"}],"replies":[{"embeddable":true,"href":"https:\/\/www.diarioimagen.net\/index.php?rest_route=%2Fwp%2Fv2%2Fcomments&post=424563"}],"version-history":[{"count":0,"href":"https:\/\/www.diarioimagen.net\/index.php?rest_route=\/wp\/v2\/posts\/424563\/revisions"}],"wp:featuredmedia":[{"embeddable":true,"href":"https:\/\/www.diarioimagen.net\/index.php?rest_route=\/wp\/v2\/media\/424628"}],"wp:attachment":[{"href":"https:\/\/www.diarioimagen.net\/index.php?rest_route=%2Fwp%2Fv2%2Fmedia&parent=424563"}],"wp:term":[{"taxonomy":"category","embeddable":true,"href":"https:\/\/www.diarioimagen.net\/index.php?rest_route=%2Fwp%2Fv2%2Fcategories&post=424563"},{"taxonomy":"post_tag","embeddable":true,"href":"https:\/\/www.diarioimagen.net\/index.php?rest_route=%2Fwp%2Fv2%2Ftags&post=424563"}],"curies":[{"name":"wp","href":"https:\/\/api.w.org\/{rel}","templated":true}]}}