{"id":424596,"date":"2019-04-23T00:08:15","date_gmt":"2019-04-23T05:08:15","guid":{"rendered":"https:\/\/www.diarioimagen.net\/?p=424596"},"modified":"2019-04-23T04:48:41","modified_gmt":"2019-04-23T09:48:41","slug":"ser-diferente-como-justificacion","status":"publish","type":"post","link":"https:\/\/www.diarioimagen.net\/?p=424596","title":{"rendered":"Ser diferente como justificaci\u00f3n"},"content":{"rendered":"<h2>Detr\u00e1s del Poder<\/h2>\n<h5>Jos\u00e9 Antonio L\u00f3pez Sosa<\/h5>\n<p>&nbsp;<\/p>\n<p>Estamos frente a los meses m\u00e1s violentos de la historia moderna de nuestro pa\u00eds, es evidente que la responsabilidad no es completamente de la administraci\u00f3n entrante, se trata de problemas heredados desde hace d\u00e9cadas, sin embargo, los ciudadanos requerimos mensajes claros de acciones precisas que se llevar\u00e1n a cabo para combatir la violencia y pacificar al pa\u00eds, tal como lo prometi\u00f3 el presidente en campa\u00f1a y lo ratific\u00f3 luego de tomar posesi\u00f3n.<\/p>\n<p>El discurso recurrente es que en la Cuarta Transformaci\u00f3n las cosas son diferentes, no hay corrupci\u00f3n y se est\u00e1 trabajando en serio a diferencia del neoliberalismo (como se definen a las administraciones anteriores).<\/p>\n<p>Tambi\u00e9n bajo esa premisa exigen la confianza en la ciudadan\u00eda con relaci\u00f3n a adjudicaciones directas, licitaciones y contrataciones gubernamentales.<\/p>\n<p><strong>Las cosas no son as\u00ed.<\/strong><\/p>\n<p>Los ciudadanos necesitamos acciones y resultados, independientemente del partido pol\u00edtico, corriente ideol\u00f3gica y honestidad personal, p\u00fablica o privada de los funcionarios.<\/p>\n<p>La violencia crece y no hay un pronunciamiento claro con relaci\u00f3n a acciones que se tomar\u00e1n y garantizar\u00e1n nuestra seguridad, a los ciudadanos no nos importa que nos repitan una y otra vez lo que ya sabemos: que los neoliberales dejaron el pa\u00eds hecho un desastre.<\/p>\n<p>El diagn\u00f3stico estaba ya desde antes de la elecci\u00f3n, necesitamos muestras de cambio, es un tema a largo plazo pero no puede seguir esperando en medio de los discursos.<\/p>\n<p>De nada nos sirve escuchar del presidente que le entregaron un pa\u00eds al borde del colapso, eso ya lo sab\u00edamos y por eso, hubo los resultados electorales que todos vimos.<\/p>\n<p>Necesitamos acciones tangibles que mitiguen el miedo en la sociedad que nos hagan creer de nueva cuenta en el gobierno y las fuerzas policiales.<\/p>\n<p>Los ciudadanos no somos en t\u00e9rminos reales, <em>chairos<\/em> ni <em>fif\u00eds,<\/em> somos mexicanos que exigimos resultados de la administraci\u00f3n en turno.<\/p>\n<p>En el r\u00edo revuelto surgen voces desde la terquedad, exigen la renuncia del presidente, insisten en que es un peligro para M\u00e9xico, en s\u00edntesis desean que nos vaya peor (aunque lo nieguen) para satisfacer ese odio contra el presidente en turno, esa tampoco es la soluci\u00f3n y mucha gente de buena fe, se deja llevar por esos mensajes incendiarios.<\/p>\n<p>S\u00ed, van arrancando, son s\u00f3lo meses frente a a\u00f1os de corrupci\u00f3n e impunidad. S\u00ed, como ciudadanos exigimos hechos tangibles para creer en el gobierno y en el cambio.<\/p>\n<p>Ser diferente no es una\u00a0justificaci\u00f3n para la inanici\u00f3n.<\/p>\n<p><em><a href=\"http:\/\/www.lopezsosa.com\" target=\"_blank\" rel=\"noopener noreferrer\">www.lopezsosa.com<\/a><\/em><br \/>\n<em><a href=\"mailto:joseantonio@lopezsosa.com\" target=\"_blank\" rel=\"noopener noreferrer\">joseantonio@lopezsosa.com<\/a><\/em><br \/>\n<em><a href=\"http:\/\/twitter.com\/joseantonio1977\" target=\"_blank\" rel=\"noopener noreferrer\">@joseantonio197<\/a><\/em><\/p>\n","protected":false},"excerpt":{"rendered":"<p><span style=\"color: #005497;\"><strong>Jos\u00e9 Antonio L\u00f3pez Sosa<\/strong><\/span><\/p>\n","protected":false},"author":3,"featured_media":0,"comment_status":"open","ping_status":"open","sticky":false,"template":"","format":"standard","meta":{"_monsterinsights_skip_tracking":false,"_monsterinsights_sitenote_active":false,"_monsterinsights_sitenote_note":"","_monsterinsights_sitenote_category":0,"footnotes":""},"categories":[637],"tags":[638,43690,43674],"class_list":["post-424596","post","type-post","status-publish","format-standard","hentry","category-jose-antonio-lopez-sosa","tag-detras-del-poder","tag-jose-antonio-lopez-sosa","tag-opinion"],"_links":{"self":[{"href":"https:\/\/www.diarioimagen.net\/index.php?rest_route=\/wp\/v2\/posts\/424596","targetHints":{"allow":["GET"]}}],"collection":[{"href":"https:\/\/www.diarioimagen.net\/index.php?rest_route=\/wp\/v2\/posts"}],"about":[{"href":"https:\/\/www.diarioimagen.net\/index.php?rest_route=\/wp\/v2\/types\/post"}],"author":[{"embeddable":true,"href":"https:\/\/www.diarioimagen.net\/index.php?rest_route=\/wp\/v2\/users\/3"}],"replies":[{"embeddable":true,"href":"https:\/\/www.diarioimagen.net\/index.php?rest_route=%2Fwp%2Fv2%2Fcomments&post=424596"}],"version-history":[{"count":0,"href":"https:\/\/www.diarioimagen.net\/index.php?rest_route=\/wp\/v2\/posts\/424596\/revisions"}],"wp:attachment":[{"href":"https:\/\/www.diarioimagen.net\/index.php?rest_route=%2Fwp%2Fv2%2Fmedia&parent=424596"}],"wp:term":[{"taxonomy":"category","embeddable":true,"href":"https:\/\/www.diarioimagen.net\/index.php?rest_route=%2Fwp%2Fv2%2Fcategories&post=424596"},{"taxonomy":"post_tag","embeddable":true,"href":"https:\/\/www.diarioimagen.net\/index.php?rest_route=%2Fwp%2Fv2%2Ftags&post=424596"}],"curies":[{"name":"wp","href":"https:\/\/api.w.org\/{rel}","templated":true}]}}