{"id":424610,"date":"2019-04-23T00:09:01","date_gmt":"2019-04-23T05:09:01","guid":{"rendered":"https:\/\/www.diarioimagen.net\/?p=424610"},"modified":"2019-04-23T04:00:54","modified_gmt":"2019-04-23T09:00:54","slug":"celebra-tlalnepantla-a-la-madre-tierra-con-acciones-ambientales","status":"publish","type":"post","link":"https:\/\/www.diarioimagen.net\/?p=424610","title":{"rendered":"Celebra Tlalnepantla a la Madre Tierra con acciones ambientales"},"content":{"rendered":"<ul>\n<li><strong><em>Inici\u00f3 el \u201cReto Huella Verde\u201d<\/em><\/strong><\/li>\n<\/ul>\n<p>&nbsp;<\/p>\n<div id=\"attachment_424646\" style=\"width: 470px\" class=\"wp-caption aligncenter\"><a href=\"https:\/\/www.diarioimagen.net\/?attachment_id=424646\" rel=\"attachment wp-att-424646\"><img loading=\"lazy\" decoding=\"async\" aria-describedby=\"caption-attachment-424646\" class=\"size-large wp-image-424646\" src=\"https:\/\/www.diarioimagen.net\/wp-content\/uploads\/2019\/04\/TLALNEPANTLA-23-460x259.jpg\" alt=\"\" width=\"460\" height=\"259\" srcset=\"https:\/\/www.diarioimagen.net\/wp-content\/uploads\/2019\/04\/TLALNEPANTLA-23-460x259.jpg 460w, https:\/\/www.diarioimagen.net\/wp-content\/uploads\/2019\/04\/TLALNEPANTLA-23-240x135.jpg 240w, https:\/\/www.diarioimagen.net\/wp-content\/uploads\/2019\/04\/TLALNEPANTLA-23-235x132.jpg 235w, https:\/\/www.diarioimagen.net\/wp-content\/uploads\/2019\/04\/TLALNEPANTLA-23-202x114.jpg 202w, https:\/\/www.diarioimagen.net\/wp-content\/uploads\/2019\/04\/TLALNEPANTLA-23-350x196.jpg 350w, https:\/\/www.diarioimagen.net\/wp-content\/uploads\/2019\/04\/TLALNEPANTLA-23-220x123.jpg 220w, https:\/\/www.diarioimagen.net\/wp-content\/uploads\/2019\/04\/TLALNEPANTLA-23-237x132.jpg 237w, https:\/\/www.diarioimagen.net\/wp-content\/uploads\/2019\/04\/TLALNEPANTLA-23.jpg 480w\" sizes=\"auto, (max-width: 460px) 100vw, 460px\" \/><\/a><p id=\"caption-attachment-424646\" class=\"wp-caption-text\">Trabajadores del ayuntamiento pintaron dos jardineras, una barda y entregaron 30 \u00e1rboles.<\/p><\/div>\n<p>&nbsp;<\/p>\n<p><strong>Tlalnepantla, Estado de M\u00e9xico<\/strong>.- En el marco del D\u00eda Mundial de la Madre Tierra, Tlalnepantla de Baz inici\u00f3 el \u201cReto Huella Verde\u201d, con una jornada de limpieza de espacios p\u00fablicos, donaci\u00f3n de \u00e1rboles y un curso de educaci\u00f3n ambiental en la Sierra de Guadalupe.<\/p>\n<p>La Direcci\u00f3n de Sustentabilidad Ambiental y Movilidad del Gobierno de Tlalnepantla, implement\u00f3 el \u201cReto Huella Verde\u201d, con el fin de promover un cambio de actitud entre los habitantes de nuestra ciudad para cuidar y proteger la naturaleza y sus recursos.<\/p>\n<p>Durante la jornada de limpieza, se recolectaron 2 mil 500 kilogramos de basura en el Parque L\u00e1zaro C\u00e1rdenas, ubicado en la colonia de mismo nombre, en Tlalnepantla Oriente; se instal\u00f3 un huerto urbano con 110 plantas, de las cuales 60 son malvones y 50 durantas.<\/p>\n<p>Se pintaron dos jardineras y una barda; se hizo la entrega de 30 \u00e1rboles en la zona residencial de Valle Dorado y 50 en el mercado San Agust\u00edn, en Tlalnepantla Oriente;\u00a0 OPDM realiz\u00f3 el riego de \u00e1reas verdes y repar\u00f3 fugas de agua.<\/p>\n<p>Sustentabilidad Ambiental y Movilidad indic\u00f3 que del 23 al 26 de abril, de 9 de la ma\u00f1ana a 2 de la tarde, se impartir\u00e1 el curso \u201cMadre Tierra\u201d en el Centro de Educaci\u00f3n Ambiental Integral \u201cSierra de Guadalupe\u201d; habr\u00e1 pl\u00e1ticas sobre el cuidado del agua, talleres de terrarios, huertos urbanos y composta; teatro gui\u00f1ol y matrogimnasia (ejercicios madre-hijo), as\u00ed como actividades f\u00edsicas.<\/p>\n<p>Tambi\u00e9n participar\u00e1n en este curso los institutos municipales de Educaci\u00f3n, para la Mujer y la Equidad de G\u00e9nero; Salud, de la Cultura y las Artes; Cultura F\u00edsica, Deporte y Juventud, as\u00ed como la Defensor\u00eda Municipal de los Derechos Humanos, la Comisar\u00eda General de Seguridad P\u00fablica, Protecci\u00f3n Civil, Bomberos y OPDM.<\/p>\n","protected":false},"excerpt":{"rendered":"<p>En el marco del D\u00eda Mundial de la Madre Tierra, Tlalnepantla de Baz inici\u00f3 el \u201cReto Huella Verde\u201d, con una jornada de limpieza de espacios p\u00fablicos, donaci\u00f3n de \u00e1rboles y un curso de educaci\u00f3n ambiental en la Sierra de Guadalupe.<\/p>\n","protected":false},"author":3,"featured_media":424646,"comment_status":"open","ping_status":"open","sticky":false,"template":"","format":"standard","meta":{"_monsterinsights_skip_tracking":false,"_monsterinsights_sitenote_active":false,"_monsterinsights_sitenote_note":"","_monsterinsights_sitenote_category":0,"footnotes":""},"categories":[35155],"tags":[46009,79069,43675,169],"class_list":["post-424610","post","type-post","status-publish","format-standard","has-post-thumbnail","hentry","category-estado-de-mexico-estado-de-mexico","tag-acciones","tag-ambientales","tag-estado-de-mexico","tag-tlalnepantla"],"_links":{"self":[{"href":"https:\/\/www.diarioimagen.net\/index.php?rest_route=\/wp\/v2\/posts\/424610","targetHints":{"allow":["GET"]}}],"collection":[{"href":"https:\/\/www.diarioimagen.net\/index.php?rest_route=\/wp\/v2\/posts"}],"about":[{"href":"https:\/\/www.diarioimagen.net\/index.php?rest_route=\/wp\/v2\/types\/post"}],"author":[{"embeddable":true,"href":"https:\/\/www.diarioimagen.net\/index.php?rest_route=\/wp\/v2\/users\/3"}],"replies":[{"embeddable":true,"href":"https:\/\/www.diarioimagen.net\/index.php?rest_route=%2Fwp%2Fv2%2Fcomments&post=424610"}],"version-history":[{"count":0,"href":"https:\/\/www.diarioimagen.net\/index.php?rest_route=\/wp\/v2\/posts\/424610\/revisions"}],"wp:featuredmedia":[{"embeddable":true,"href":"https:\/\/www.diarioimagen.net\/index.php?rest_route=\/wp\/v2\/media\/424646"}],"wp:attachment":[{"href":"https:\/\/www.diarioimagen.net\/index.php?rest_route=%2Fwp%2Fv2%2Fmedia&parent=424610"}],"wp:term":[{"taxonomy":"category","embeddable":true,"href":"https:\/\/www.diarioimagen.net\/index.php?rest_route=%2Fwp%2Fv2%2Fcategories&post=424610"},{"taxonomy":"post_tag","embeddable":true,"href":"https:\/\/www.diarioimagen.net\/index.php?rest_route=%2Fwp%2Fv2%2Ftags&post=424610"}],"curies":[{"name":"wp","href":"https:\/\/api.w.org\/{rel}","templated":true}]}}