{"id":424617,"date":"2019-04-23T00:08:13","date_gmt":"2019-04-23T05:08:13","guid":{"rendered":"https:\/\/www.diarioimagen.net\/?p=424617"},"modified":"2019-04-23T04:01:51","modified_gmt":"2019-04-23T09:01:51","slug":"entrega-el-gobierno-de-naucalpan-109-vehiculos-para-reforzar-servicios","status":"publish","type":"post","link":"https:\/\/www.diarioimagen.net\/?p=424617","title":{"rendered":"Entrega el gobierno de Naucalpan 109 veh\u00edculos para reforzar servicios"},"content":{"rendered":"<ul>\n<li><strong><em>A las diferentes \u00e1reas de la administraci\u00f3n<\/em><\/strong><\/li>\n<\/ul>\n<p>&nbsp;<\/p>\n<div id=\"attachment_424649\" style=\"width: 470px\" class=\"wp-caption aligncenter\"><a href=\"https:\/\/www.diarioimagen.net\/?attachment_id=424649\" rel=\"attachment wp-att-424649\"><img loading=\"lazy\" decoding=\"async\" aria-describedby=\"caption-attachment-424649\" class=\"size-large wp-image-424649\" src=\"https:\/\/www.diarioimagen.net\/wp-content\/uploads\/2019\/04\/NAUCALPAN-23-460x259.jpg\" alt=\"\" width=\"460\" height=\"259\" srcset=\"https:\/\/www.diarioimagen.net\/wp-content\/uploads\/2019\/04\/NAUCALPAN-23-460x259.jpg 460w, https:\/\/www.diarioimagen.net\/wp-content\/uploads\/2019\/04\/NAUCALPAN-23-240x135.jpg 240w, https:\/\/www.diarioimagen.net\/wp-content\/uploads\/2019\/04\/NAUCALPAN-23-235x132.jpg 235w, https:\/\/www.diarioimagen.net\/wp-content\/uploads\/2019\/04\/NAUCALPAN-23-202x114.jpg 202w, https:\/\/www.diarioimagen.net\/wp-content\/uploads\/2019\/04\/NAUCALPAN-23-350x196.jpg 350w, https:\/\/www.diarioimagen.net\/wp-content\/uploads\/2019\/04\/NAUCALPAN-23-220x123.jpg 220w, https:\/\/www.diarioimagen.net\/wp-content\/uploads\/2019\/04\/NAUCALPAN-23-237x132.jpg 237w, https:\/\/www.diarioimagen.net\/wp-content\/uploads\/2019\/04\/NAUCALPAN-23.jpg 480w\" sizes=\"auto, (max-width: 460px) 100vw, 460px\" \/><\/a><p id=\"caption-attachment-424649\" class=\"wp-caption-text\">Patricia Dur\u00e1n Reveles, alcaldesa de Naucalpan, destac\u00f3 que contar con nuevas herramientas de trabajo permitir\u00e1 brindar un mejor servicio a los ciudadanos.<\/p><\/div>\n<p>&nbsp;<\/p>\n<p><strong>Naucalpan, Estado de M\u00e9xico<\/strong>.- Para atender una de las necesidades m\u00e1s urgentes de Naucalpan, el gobierno municipal entreg\u00f3 ayer lunes 109 veh\u00edculos a las diferentes \u00e1reas de la administraci\u00f3n.<\/p>\n<p>Con las 135 unidades entregadas la semana pasada a la Direcci\u00f3n General de Seguridad Ciudadana y Tr\u00e1nsito Municipal dan un total de 244 veh\u00edculos adquiridos con recursos propios, con una inversi\u00f3n total de 121 millones 347 mil 719 pesos.<\/p>\n<p>Durante el banderazo de salida de los 109 veh\u00edculos: 45 autos sed\u00e1n, 30 camionetas tipo pick up de doble cabina, 12 camiones de carga con redilas y 22 camiones compactadores de basura, la Presidenta Municipal, Patricia Dur\u00e1n Reveles, destac\u00f3 que contar con estas herramientas de trabajo permitir\u00e1 brindar un mejor servicio a los naucalpenses.<\/p>\n<p>\u201cEstoy muy contenta con esta entrega ya que no se hac\u00eda en muchos a\u00f1os. Hay que recordar que gran parte de los veh\u00edculos que estuvieron en las Administraciones pasadas fueron arrendados, y en este momento nosotros estamos adquiriendo en beneficio de los naucalpenses m\u00e1s de 200 veh\u00edculos para Seguridad Ciudadana, y otras \u00e1reas como Servicios P\u00fablicos, Protecci\u00f3n Civil y Gobierno\u201d, expres\u00f3 Dur\u00e1n Reveles.<\/p>\n<p>El Secretario de Administraci\u00f3n, Domitilo P\u00e9rez Urquiza, destac\u00f3 que desde el inicio de la Administraci\u00f3n se dieron a la tarea de identificar las necesidades inmediatas de equipamiento vehicular con la finalidad de fortalecerlo y contar con las unidades necesarias para el cumplimiento de las responsabilidades de cada \u00e1rea.<\/p>\n<p>\u201cSobre todo considerando que la actual Administraci\u00f3n recibi\u00f3 un total de mil 489 veh\u00edculos de los cuales, al efectuar una revisi\u00f3n de cada uno, se determin\u00f3 que 506 se encontraban en condiciones de uso, 220 en malas condiciones y 763 materialmente inservibles\u201d, se\u00f1al\u00f3 el funcionario.<\/p>\n<p>En el acto estuvieron presentes integrantes del Cuerpo Edilicio, representantes del Sindicato \u00danico de Trabajadores del Estado y Municipios (SUTEyM), as\u00ed como Secretarios y Directores Generales de la Administraci\u00f3n municipal.<\/p>\n","protected":false},"excerpt":{"rendered":"<p>Para atender una de las necesidades m\u00e1s urgentes de Naucalpan, el gobierno municipal entreg\u00f3 ayer lunes 109 veh\u00edculos a las diferentes \u00e1reas de la administraci\u00f3n.<\/p>\n","protected":false},"author":3,"featured_media":424649,"comment_status":"open","ping_status":"open","sticky":false,"template":"","format":"standard","meta":{"_monsterinsights_skip_tracking":false,"_monsterinsights_sitenote_active":false,"_monsterinsights_sitenote_note":"","_monsterinsights_sitenote_category":0,"footnotes":""},"categories":[35155],"tags":[43675,970,69845,14506,13043],"class_list":["post-424617","post","type-post","status-publish","format-standard","has-post-thumbnail","hentry","category-estado-de-mexico-estado-de-mexico","tag-estado-de-mexico","tag-naucalpan","tag-reforzar","tag-servicios","tag-vehiculos"],"_links":{"self":[{"href":"https:\/\/www.diarioimagen.net\/index.php?rest_route=\/wp\/v2\/posts\/424617","targetHints":{"allow":["GET"]}}],"collection":[{"href":"https:\/\/www.diarioimagen.net\/index.php?rest_route=\/wp\/v2\/posts"}],"about":[{"href":"https:\/\/www.diarioimagen.net\/index.php?rest_route=\/wp\/v2\/types\/post"}],"author":[{"embeddable":true,"href":"https:\/\/www.diarioimagen.net\/index.php?rest_route=\/wp\/v2\/users\/3"}],"replies":[{"embeddable":true,"href":"https:\/\/www.diarioimagen.net\/index.php?rest_route=%2Fwp%2Fv2%2Fcomments&post=424617"}],"version-history":[{"count":0,"href":"https:\/\/www.diarioimagen.net\/index.php?rest_route=\/wp\/v2\/posts\/424617\/revisions"}],"wp:featuredmedia":[{"embeddable":true,"href":"https:\/\/www.diarioimagen.net\/index.php?rest_route=\/wp\/v2\/media\/424649"}],"wp:attachment":[{"href":"https:\/\/www.diarioimagen.net\/index.php?rest_route=%2Fwp%2Fv2%2Fmedia&parent=424617"}],"wp:term":[{"taxonomy":"category","embeddable":true,"href":"https:\/\/www.diarioimagen.net\/index.php?rest_route=%2Fwp%2Fv2%2Fcategories&post=424617"},{"taxonomy":"post_tag","embeddable":true,"href":"https:\/\/www.diarioimagen.net\/index.php?rest_route=%2Fwp%2Fv2%2Ftags&post=424617"}],"curies":[{"name":"wp","href":"https:\/\/api.w.org\/{rel}","templated":true}]}}