{"id":424627,"date":"2019-04-23T00:06:57","date_gmt":"2019-04-23T05:06:57","guid":{"rendered":"https:\/\/www.diarioimagen.net\/?p=424627"},"modified":"2019-04-23T05:58:30","modified_gmt":"2019-04-23T10:58:30","slug":"donan-cabello-en-beneficio-de-personas-con-cancer","status":"publish","type":"post","link":"https:\/\/www.diarioimagen.net\/?p=424627","title":{"rendered":"Donan cabello en beneficio de personas con c\u00e1ncer"},"content":{"rendered":"<div id=\"attachment_424656\" style=\"width: 470px\" class=\"wp-caption aligncenter\"><a href=\"https:\/\/www.diarioimagen.net\/?attachment_id=424656\" rel=\"attachment wp-att-424656\"><img loading=\"lazy\" decoding=\"async\" aria-describedby=\"caption-attachment-424656\" class=\"size-large wp-image-424656\" src=\"https:\/\/www.diarioimagen.net\/wp-content\/uploads\/2019\/04\/TLALNEPANTLA-23-BIS-460x259.jpg\" alt=\"\" width=\"460\" height=\"259\" srcset=\"https:\/\/www.diarioimagen.net\/wp-content\/uploads\/2019\/04\/TLALNEPANTLA-23-BIS-460x259.jpg 460w, https:\/\/www.diarioimagen.net\/wp-content\/uploads\/2019\/04\/TLALNEPANTLA-23-BIS-240x135.jpg 240w, https:\/\/www.diarioimagen.net\/wp-content\/uploads\/2019\/04\/TLALNEPANTLA-23-BIS-235x132.jpg 235w, https:\/\/www.diarioimagen.net\/wp-content\/uploads\/2019\/04\/TLALNEPANTLA-23-BIS-202x114.jpg 202w, https:\/\/www.diarioimagen.net\/wp-content\/uploads\/2019\/04\/TLALNEPANTLA-23-BIS-350x196.jpg 350w, https:\/\/www.diarioimagen.net\/wp-content\/uploads\/2019\/04\/TLALNEPANTLA-23-BIS-220x123.jpg 220w, https:\/\/www.diarioimagen.net\/wp-content\/uploads\/2019\/04\/TLALNEPANTLA-23-BIS-237x132.jpg 237w, https:\/\/www.diarioimagen.net\/wp-content\/uploads\/2019\/04\/TLALNEPANTLA-23-BIS.jpg 480w\" sizes=\"auto, (max-width: 460px) 100vw, 460px\" \/><\/a><p id=\"caption-attachment-424656\" class=\"wp-caption-text\">El presidente municipal, Ariel Ju\u00e1rez Rodr\u00edguez, visit\u00f3 la colonia L\u00e1zaro C\u00e1rdenas y San Jos\u00e9 Milla, donde se afrontan varios problemas.<\/p><\/div>\n<p>&nbsp;<\/p>\n<p><strong>Tlalnepantla, Estado de M\u00e9xico.- <\/strong>El DIF Tlalnepantla lleva a cabo una campa\u00f1a permanente para recibir donaciones de cabello, con el fin de elaborar pelucas que ser\u00e1n entregadas de manera gratuita a pacientes con c\u00e1ncer.<\/p>\n<p>La instituci\u00f3n explic\u00f3 que algunas personas que son sometidas a quimioterapia o radioterapia, pueden perder el cabello, por ello, para mejorar su autoestima y su bienestar, realizan esta campa\u00f1a con el apoyo de la ciudadan\u00eda.<\/p>\n<p>Precis\u00f3 que si una persona desea donar su cabello, requiere tener como m\u00ednimo 25 cent\u00edmetros de largo ya trenzado, traerlo limpio y seco; no debe estar te\u00f1ido, procesado o decolorado.<\/p>\n","protected":false},"excerpt":{"rendered":"<p>El DIF Tlalnepantla lleva a cabo una campa\u00f1a permanente para recibir donaciones de cabello, con el fin de elaborar pelucas que ser\u00e1n entregadas de manera gratuita a pacientes con c\u00e1ncer.<\/p>\n","protected":false},"author":3,"featured_media":424656,"comment_status":"open","ping_status":"open","sticky":false,"template":"","format":"standard","meta":{"_monsterinsights_skip_tracking":false,"_monsterinsights_sitenote_active":false,"_monsterinsights_sitenote_note":"","_monsterinsights_sitenote_category":0,"footnotes":""},"categories":[35155],"tags":[1466,2954,43675,169],"class_list":["post-424627","post","type-post","status-publish","format-standard","has-post-thumbnail","hentry","category-estado-de-mexico-estado-de-mexico","tag-cancer","tag-dif","tag-estado-de-mexico","tag-tlalnepantla"],"_links":{"self":[{"href":"https:\/\/www.diarioimagen.net\/index.php?rest_route=\/wp\/v2\/posts\/424627","targetHints":{"allow":["GET"]}}],"collection":[{"href":"https:\/\/www.diarioimagen.net\/index.php?rest_route=\/wp\/v2\/posts"}],"about":[{"href":"https:\/\/www.diarioimagen.net\/index.php?rest_route=\/wp\/v2\/types\/post"}],"author":[{"embeddable":true,"href":"https:\/\/www.diarioimagen.net\/index.php?rest_route=\/wp\/v2\/users\/3"}],"replies":[{"embeddable":true,"href":"https:\/\/www.diarioimagen.net\/index.php?rest_route=%2Fwp%2Fv2%2Fcomments&post=424627"}],"version-history":[{"count":0,"href":"https:\/\/www.diarioimagen.net\/index.php?rest_route=\/wp\/v2\/posts\/424627\/revisions"}],"wp:featuredmedia":[{"embeddable":true,"href":"https:\/\/www.diarioimagen.net\/index.php?rest_route=\/wp\/v2\/media\/424656"}],"wp:attachment":[{"href":"https:\/\/www.diarioimagen.net\/index.php?rest_route=%2Fwp%2Fv2%2Fmedia&parent=424627"}],"wp:term":[{"taxonomy":"category","embeddable":true,"href":"https:\/\/www.diarioimagen.net\/index.php?rest_route=%2Fwp%2Fv2%2Fcategories&post=424627"},{"taxonomy":"post_tag","embeddable":true,"href":"https:\/\/www.diarioimagen.net\/index.php?rest_route=%2Fwp%2Fv2%2Ftags&post=424627"}],"curies":[{"name":"wp","href":"https:\/\/api.w.org\/{rel}","templated":true}]}}