{"id":424722,"date":"2019-04-24T00:01:33","date_gmt":"2019-04-24T05:01:33","guid":{"rendered":"https:\/\/www.diarioimagen.net\/?p=424722"},"modified":"2019-04-24T05:55:37","modified_gmt":"2019-04-24T10:55:37","slug":"ratifica-cozumel-en-el-seatrade-cruise-global-2019-su-liderazgo-en-recepcion-de-pasajeros-de-cruceros","status":"publish","type":"post","link":"https:\/\/www.diarioimagen.net\/?p=424722","title":{"rendered":"Ratifica Cozumel en el <em>Seatrade Cruise Global 2019<\/em> su liderazgo en recepci\u00f3n de pasajeros de cruceros"},"content":{"rendered":"<h2>De cinco estrellas<\/h2>\n<h5>Victoria Gonz\u00e1lez Prado<\/h5>\n<p>&nbsp;<\/p>\n<ul>\n<li><strong><em>Carlos Mackinlay, titular de la Sectur CDMX y Estela Dami\u00e1n, representando al DIF-CDMX, firman convenio<\/em><\/strong><\/li>\n<\/ul>\n<p>&nbsp;<\/p>\n<div id=\"attachment_424841\" style=\"width: 470px\" class=\"wp-caption aligncenter\"><a href=\"https:\/\/www.diarioimagen.net\/?attachment_id=424841\" rel=\"attachment wp-att-424841\"><img loading=\"lazy\" decoding=\"async\" aria-describedby=\"caption-attachment-424841\" class=\"size-large wp-image-424841\" src=\"https:\/\/www.diarioimagen.net\/wp-content\/uploads\/2019\/04\/turismo-5-460x259.jpg\" alt=\"\" width=\"460\" height=\"259\" srcset=\"https:\/\/www.diarioimagen.net\/wp-content\/uploads\/2019\/04\/turismo-5-460x259.jpg 460w, https:\/\/www.diarioimagen.net\/wp-content\/uploads\/2019\/04\/turismo-5-240x135.jpg 240w, https:\/\/www.diarioimagen.net\/wp-content\/uploads\/2019\/04\/turismo-5-235x132.jpg 235w, https:\/\/www.diarioimagen.net\/wp-content\/uploads\/2019\/04\/turismo-5-202x114.jpg 202w, https:\/\/www.diarioimagen.net\/wp-content\/uploads\/2019\/04\/turismo-5-350x196.jpg 350w, https:\/\/www.diarioimagen.net\/wp-content\/uploads\/2019\/04\/turismo-5-220x123.jpg 220w, https:\/\/www.diarioimagen.net\/wp-content\/uploads\/2019\/04\/turismo-5-237x132.jpg 237w, https:\/\/www.diarioimagen.net\/wp-content\/uploads\/2019\/04\/turismo-5.jpg 480w\" sizes=\"auto, (max-width: 460px) 100vw, 460px\" \/><\/a><p id=\"caption-attachment-424841\" class=\"wp-caption-text\">Cozumel asisti\u00f3 a la inauguraci\u00f3n del pabell\u00f3n M\u00e9xico, en el Seatrade Cruise Global 2019.<\/p><\/div>\n<p>&nbsp;<\/p>\n<p><strong>Pedro Joaqu\u00edn Delbouis<\/strong>, presidente municipal de Cozumel, asisti\u00f3 a la inauguraci\u00f3n del pabell\u00f3n M\u00e9xico, en el marco de la convenci\u00f3n de cruceros m\u00e1s grande de Am\u00e9rica, el <em>Seatrade Cruise Global 2019<\/em>, al que la isla llega como puerto l\u00edder en recepci\u00f3n de pasajeros en M\u00e9xico y Am\u00e9rica Latina.<\/p>\n<p>En el marco del evento, que se lleva a cabo en Miami, Florida, Estados Unidos, donde tambi\u00e9n participan destinos como Mazatl\u00e1n, Sinaloa; Ensenada, Baja California Sur; Progreso, Yucat\u00e1n; Vallarta, Jalisco; Acapulco, Guerrero, y Manzanillo, Colima, el alcalde sostuvo que su\u00a0 administraci\u00f3n trabaja de la mano con los otros dos \u00f3rdenes de gobierno para implementar estrategias de diversificaci\u00f3n y promoci\u00f3n tur\u00edstica.<\/p>\n<p><strong>Joaqu\u00edn Delbouis<\/strong> destac\u00f3: \u201clas cifras en llegada de pasajeros a la isla son clara muestra del inter\u00e9s de los viajeros por disfrutar de los atractivos naturales, culturales e hist\u00f3ricos de Cozumel, que en 2018 recibi\u00f3 a m\u00e1s de 8.6 millones de visitantes, de los cuales m\u00e1s de 5.6 millones llegaron v\u00eda cruceros; m\u00e1s de 2 millones 316 mil, v\u00eda ferry; m\u00e1s de 587 mil, v\u00eda a\u00e9rea y m\u00e1s de 193 mil v\u00eda transbordador<\/p>\n<p>Asimismo, se reuni\u00f3 con <strong>Bert Swets<\/strong> y <strong>Russell Daya<\/strong>, ejecutivos de la naviera <em>Disney Cruise<\/em> <em>Line<\/em>, quienes indicaron que la compa\u00f1\u00eda tiene garantizadas reservaciones a corto y largo plazo, a cinco a\u00f1os y 10 a\u00f1os, respectivamente, para la isla de Cozumel, gracias a los atractivos tur\u00edsticos del lugar y a que <strong>Pedro Joaqu\u00edn Delbouis<\/strong> cumple con su compromiso en materia de seguridad, garantiza la integridad de la poblaci\u00f3n y de los visitantes nacionales e internacionales.<\/p>\n<p>Tambi\u00e9n, el edil de Cozumel se reuni\u00f3 con <strong>Federico Gonz\u00e1lez Denton<\/strong> y <strong>Collin Murphy<\/strong>, directivos de la <em>Global Ports Holding<\/em>, quienes mostraron inter\u00e9s por invertir en la isla, al considerar que la presente administraci\u00f3n brinda certeza jur\u00eddica a las inversiones.<\/p>\n<p>Cabe destacar que la delegaci\u00f3n del estado en el <em>Seatrade Cruise Global 2019<\/em> est\u00e1 encabezada por el presidente municipal de Cozumel, <strong>Pedro Joaqu\u00edn Delbouis<\/strong>, y la titular de la Administraci\u00f3n Portuaria Integral de Quintana Roo (Apiqroo), <strong>Alicia Ricalde Maga\u00f1a<\/strong>. El stand de M\u00e9xico fue organizado por la Direcci\u00f3n de Puertos y Marina Mercante de la Secretar\u00eda de Comunicaciones y Transporte (SCT).<\/p>\n<p>\u2730\u2730\u2730\u2730\u2730 <strong>Carlos Mackinlay, <\/strong>secretario de Turismo de la Ciudad de M\u00e9xico,\u00a0 asegur\u00f3 que la inseguridad no ha afectado al sector en la capital del pa\u00eds, luego de que durante la primera semana del periodo vacacional con motivo de Semana Santa no se registr\u00f3 ning\u00fan percance.<\/p>\n<p>\u201cNo hemos tenido ninguna queja en materia de seguridad de parte de las c\u00e1maras, ni de la Canaco-ServyTur, ni la Canirac, ni asociaciones de agencias de viajes, ya sea la metropolitana, Conextur o Amav, ninguna c\u00e1mara nos ha hecho alg\u00fan se\u00f1alamiento en materia de seguridad en esta temporada\u201d.<\/p>\n<p>Record\u00f3 que el pasado viernes anunci\u00f3 junto con la alcaldesa de Iztapalapa, <strong>Clara Marina Brugada Molina<\/strong>, y el secretario de Seguridad P\u00fablica capitalina, <strong>Jes\u00fas Orta Mart\u00ednez<\/strong>, saldo blanco durante la procesi\u00f3n celebrada en la demarcaci\u00f3n.<\/p>\n<p>\u201cYo mismo estuve en Iztapalapa todo el d\u00eda, el viernes pasado anunciamos en conferencia de prensa con la alcaldesa y el secretario de Seguridad que hab\u00eda saldo blanco, no tengo ninguna noticia de alg\u00fan turista que haya sufrido alg\u00fan problema, as\u00ed que afortunadamente podemos decir que en la Ciudad de M\u00e9xico, el tema de la inseguridad no ha afectado al turismo\u201d.<\/p>\n<p>Asimismo, coment\u00f3 que de acuerdo con cifras preliminares, en Semana Santa hubo 55 por ciento de ocupaci\u00f3n hotelera, por la llegada de cerca de 280 mil turistas.<\/p>\n<p>Al concluir la firma de un convenio de colaboraci\u00f3n con el DIF capitalino, en el marco del Programa \u201cSonrisas por tu Ciudad\u201d, el titular de la Sectur CDMX dijo\u00a0 que en Pascua las cifras repuntaron, por lo que se prev\u00e9 que la ocupaci\u00f3n alcance m\u00e1s de 60 por ciento y la llegada de 300 mil turistas m\u00e1s.<\/p>\n<p>Al referirse a la derrama econ\u00f3mica, <strong>Mackinlay<\/strong> dijo se tiene calculada en 4 mil millones de pesos en las dos semanas del periodo vacacional, lo que representa crecimiento de entre 5.0 y 10.0 por ciento m\u00e1s que la registrada el a\u00f1o pasado.<\/p>\n<p>\u201cAl parecer no s\u00f3lo es la Ciudad de M\u00e9xico, sino todo el pa\u00eds, lo cual nos da mucho gusto que todos los destinos estuvieron mejorando en Semana Santa. Tendremos que corroborar estos datos al final de las dos semanas, pero esa es la estimaci\u00f3n y creo que vamos bien\u201d.<\/p>\n<p>Las declaraciones se dieron en el marco de la firma del convenio de colaboraci\u00f3n en el que los titulares de la Secretar\u00eda de Turismo de la Ciudad de M\u00e9xico, <strong>Carlos Mackinlay<\/strong>, y del Sistema para el Desarrollo Integral de la Familia (DIF) capitalino, <strong>Estela Dami\u00e1n<\/strong> <strong>Peralta<\/strong>, firmaron\u00a0 con la intenci\u00f3n de ampliar los beneficios del Programa \u201cSonrisas por tu Ciudad\u201d a la poblaci\u00f3n vulnerable que atiende el DIF, para hacer realidad su derecho al descanso, la recreaci\u00f3n y cultura.<\/p>\n<p>El documento, firmado en el piso 37 de la Torre Latinoamericana, prev\u00e9 la colaboraci\u00f3n de ambas instituciones para que dicha poblaci\u00f3n disfrute de recorridos y paseos tur\u00edsticos de manera gratuita.<\/p>\n<p>En ese sentido, la Sectur capitalina se comprometi\u00f3 a proporcionar de manera gratuita transportaci\u00f3n de ida y vuelta a bordo de autobuses de calidad tur\u00edstica, gu\u00edas tur\u00edsticos, refrigerios y agua, adem\u00e1s de entradas a centros de diversi\u00f3n, como La Feria y <em>Six Flags<\/em>, as\u00ed como visitas a museos y recorridos por lugares como el Desierto de los Leones o el parque Los Dinamos.<\/p>\n<p>El convenio tendr\u00e1 vigencia hasta el 30 de noviembre de 2024 y establece que las instituciones financiar\u00e1n las actividades que sean acordadas con los recursos de sus respectivos presupuestos.<\/p>\n<p><em><a href=\"mailto:victoriagprado@gmail.com\" target=\"_blank\" rel=\"noopener noreferrer\">victoriagprado@gmail.com<\/a><\/em><br \/>\n<em>Twitter: <a href=\"https:\/\/twitter.com\/victoriagprado\" target=\"_blank\" rel=\"noopener noreferrer\">@victoriagprado<\/a><\/em><\/p>\n","protected":false},"excerpt":{"rendered":"<p><strong>Pedro Joaqu\u00edn Delbouis<\/strong>, presidente municipal de Cozumel, asisti\u00f3 a la inauguraci\u00f3n del pabell\u00f3n M\u00e9xico, en el marco de la convenci\u00f3n de cruceros m\u00e1s grande de Am\u00e9rica, el <em>Seatrade Cruise Global 2019<\/em>, al que la isla llega como puerto l\u00edder en recepci\u00f3n de pasajeros en M\u00e9xico y Am\u00e9rica Latina.<\/p>\n","protected":false},"author":3,"featured_media":424841,"comment_status":"open","ping_status":"open","sticky":false,"template":"","format":"standard","meta":{"_monsterinsights_skip_tracking":false,"_monsterinsights_sitenote_active":false,"_monsterinsights_sitenote_note":"","_monsterinsights_sitenote_category":0,"footnotes":""},"categories":[11],"tags":[107,43674,43681,106],"class_list":["post-424722","post","type-post","status-publish","format-standard","has-post-thumbnail","hentry","category-turismo","tag-de-cinco-estrellas","tag-opinion","tag-turismo","tag-victoria-gonzalez-prado"],"_links":{"self":[{"href":"https:\/\/www.diarioimagen.net\/index.php?rest_route=\/wp\/v2\/posts\/424722","targetHints":{"allow":["GET"]}}],"collection":[{"href":"https:\/\/www.diarioimagen.net\/index.php?rest_route=\/wp\/v2\/posts"}],"about":[{"href":"https:\/\/www.diarioimagen.net\/index.php?rest_route=\/wp\/v2\/types\/post"}],"author":[{"embeddable":true,"href":"https:\/\/www.diarioimagen.net\/index.php?rest_route=\/wp\/v2\/users\/3"}],"replies":[{"embeddable":true,"href":"https:\/\/www.diarioimagen.net\/index.php?rest_route=%2Fwp%2Fv2%2Fcomments&post=424722"}],"version-history":[{"count":0,"href":"https:\/\/www.diarioimagen.net\/index.php?rest_route=\/wp\/v2\/posts\/424722\/revisions"}],"wp:featuredmedia":[{"embeddable":true,"href":"https:\/\/www.diarioimagen.net\/index.php?rest_route=\/wp\/v2\/media\/424841"}],"wp:attachment":[{"href":"https:\/\/www.diarioimagen.net\/index.php?rest_route=%2Fwp%2Fv2%2Fmedia&parent=424722"}],"wp:term":[{"taxonomy":"category","embeddable":true,"href":"https:\/\/www.diarioimagen.net\/index.php?rest_route=%2Fwp%2Fv2%2Fcategories&post=424722"},{"taxonomy":"post_tag","embeddable":true,"href":"https:\/\/www.diarioimagen.net\/index.php?rest_route=%2Fwp%2Fv2%2Ftags&post=424722"}],"curies":[{"name":"wp","href":"https:\/\/api.w.org\/{rel}","templated":true}]}}