{"id":424777,"date":"2019-04-24T00:03:41","date_gmt":"2019-04-24T05:03:41","guid":{"rendered":"https:\/\/www.diarioimagen.net\/?p=424777"},"modified":"2019-04-24T04:45:04","modified_gmt":"2019-04-24T09:45:04","slug":"plazos-fatales-2","status":"publish","type":"post","link":"https:\/\/www.diarioimagen.net\/?p=424777","title":{"rendered":"Plazos fatales"},"content":{"rendered":"<h2>De pe a pa<\/h2>\n<h5>Alberto Vieyra G.<\/h5>\n<p>&nbsp;<\/p>\n<p>\u00a1Impera el terror en M\u00e9xico! AMLO no puede contra el macabro caballo de la Apocalipsis.<\/p>\n<p>En la campa\u00f1a electoral, AMLO acatarr\u00f3 con que \u201cdesde el primer d\u00eda de su gobierno todo eso iba a terminar. Y con el cuento de que habr\u00eda #AbrazosyNoBalazos\u201d. Por desgracia lo \u00fanico que estamos viendo los mexicanos son balazos y masacres en los cuatro puntos cardinales del pa\u00eds.<\/p>\n<p>Cuatro meses despu\u00e9s de aquellas promesas de \u00a1<em>Me canso ganso<\/em>\u2026 de que pacificamos al pa\u00eds!\u201d.<\/p>\n<p>Andr\u00e9s Manuel L\u00f3pez Obrador justifica la ineficiencia de su gobierno con la trillada excusa de que los gobiernos anteriores \u201cme dejaron un cochinero\u201d, con lo cual tambi\u00e9n justifica el fracaso de su estrategia en el combate contra las bandas criminales que tienen como reh\u00e9n a los mexicanos.<\/p>\n<p>\u00bfTendr\u00e1 el se\u00f1or AMLO efectivamente una estrategia sin que a\u00fan entre en acci\u00f3n la temible Guardia Nacional con mando militar y no civil, como lo aprob\u00f3 el Congreso de la Uni\u00f3n?&#8230;<\/p>\n<p>Ante la presi\u00f3n social, de medios de comunicaci\u00f3n y de periodistas, como Jorge Ramos que lo han acorralado sobre la barbarie que campea por todo M\u00e9xico, el se\u00f1or L\u00f3pez Obrador se puso esta semana una camisa de fuerza o <strong>plazos fatales<\/strong> que se antojan muy dif\u00edciles de cumplir, como es la promesa de que, en los pr\u00f3ximos 6 meses, comenzaremos a ver los descensos en esa macabra barbarie. \u00bfDeveras, deveras\u2026le tendremos que creer sus promesas electorales?&#8230;<\/p>\n<p>Porque mire usted, a la macabra cifra de m\u00e1s de 11 mil asesinatos dolosos, se dispar\u00f3 la barbarie en los primeros cuatro meses del <em>r\u00e9gimen Lopezobradorista<\/em>, seg\u00fan las propias cifras oficiales del secretariado ejecutivo del Sistema Nacional de Seguridad P\u00fablica que ojal\u00e1 y no est\u00e9n rasuradas, porque el INEGI maneja otros n\u00fameros con base en las actas de defunci\u00f3n a nivel nacional.<\/p>\n<p>En marzo hubo 2 mil 836 v\u00edctimas de homicidio doloso, siguiendo la tendencia de los meses anteriores: diciembre fueron 2 mil 875, en enero 2 mil 855 y en febrero fueron 2 mil 802. Para contabilizar 11 mil 368 muertes, es decir, a raz\u00f3n de 91 muertos cada 24 horas.<\/p>\n<p>En lo que se refiere a la barbarie contra las mujeres, los feminicidios siguen al alza. En marzo se contabilizaron 95 feminicidios, m\u00e1s que los 73 de febrero y 76 de enero.\u00a0 S\u00ed, van m\u00e1s de 11 mil asesinatos durante 4 meses del gobierno de AMLO.<\/p>\n<p>Los estados m\u00e1s macabros de mayor a menor: Colima, Guanajuato, Chihuahua, Estado de M\u00e9xico, Jalisco y Veracruz, y le siguen Guerrero, Tamaulipas, Michoac\u00e1n, etc\u00e9tera. Y los Estados que pr\u00e1cticamente son un para\u00edso para vivir son: Yucat\u00e1n, Campeche y p\u00e1rele de contar.<\/p>\n<p>\u00bfPodr\u00e1 AMLO detener a ese incontenible caballo de la Apocalipsis? \u00bfTendr\u00e1 remedio todav\u00eda la patria mexicana?<\/p>\n<p>Si AMLO logra hacer ese milagro, le aseguro que se ganar\u00e1 el respeto ciudadano, porque sin lugar a duda es el c\u00e1ncer n\u00famero uno que est\u00e1 destruyendo el tejido social de M\u00e9xico.<\/p>\n<p>L\u00f3pez Obrador est\u00e1 contra el reloj en sus <strong>plazos fatales<\/strong> y hay que decirlo sin rodeos que no habr\u00e1 en M\u00e9xico la tan cacareada \u201c<em>Cuarta Trasformaci\u00f3n<\/em>\u201d, si no hay paz social porque si no hay paz social no habr\u00e1 confianza para invertir en territorio mexicano y por ende no habr\u00e1 crecimiento econ\u00f3mico y mientras no haya crecimiento econ\u00f3mico seguir\u00e1 la barbarie.<\/p>\n<p>As\u00ed que, se deje de cuentos y de \u201c\u00a1Me canso ganso\u2026!\u201d y se concrete a lo concretado y deje de estar enga\u00f1ando a los mexicanos en las ma\u00f1aneras conferencias desde Palacio cuya audiencia se le ha desplomado estrepitosamente en redes sociales pues comenz\u00f3 en diciembre con casi 7 millones de espectadores y hoy cuenta escasamente con casi 400 mil.<\/p>\n<p>Ya se ve que <em>no es lo mismo que lo mesmo<\/em> porque el poder desgasta y tambi\u00e9n deslegitima.<\/p>\n<p><em><a href=\"mailto:info@agenciamn.com\" target=\"_blank\" rel=\"noopener noreferrer\">info@agenciamn.com<\/a><\/em><\/p>\n","protected":false},"excerpt":{"rendered":"<p><span style=\"color: #005497;\"><strong>Alberto Vieyra G.<\/strong><\/span><\/p>\n","protected":false},"author":3,"featured_media":0,"comment_status":"open","ping_status":"open","sticky":false,"template":"","format":"standard","meta":{"_monsterinsights_skip_tracking":false,"_monsterinsights_sitenote_active":false,"_monsterinsights_sitenote_note":"","_monsterinsights_sitenote_category":0,"footnotes":""},"categories":[4596],"tags":[43697,4597,43674],"class_list":["post-424777","post","type-post","status-publish","format-standard","hentry","category-alberto-vieyra-g","tag-alberto-vieyra-g","tag-de-pe-a-pa","tag-opinion"],"_links":{"self":[{"href":"https:\/\/www.diarioimagen.net\/index.php?rest_route=\/wp\/v2\/posts\/424777","targetHints":{"allow":["GET"]}}],"collection":[{"href":"https:\/\/www.diarioimagen.net\/index.php?rest_route=\/wp\/v2\/posts"}],"about":[{"href":"https:\/\/www.diarioimagen.net\/index.php?rest_route=\/wp\/v2\/types\/post"}],"author":[{"embeddable":true,"href":"https:\/\/www.diarioimagen.net\/index.php?rest_route=\/wp\/v2\/users\/3"}],"replies":[{"embeddable":true,"href":"https:\/\/www.diarioimagen.net\/index.php?rest_route=%2Fwp%2Fv2%2Fcomments&post=424777"}],"version-history":[{"count":0,"href":"https:\/\/www.diarioimagen.net\/index.php?rest_route=\/wp\/v2\/posts\/424777\/revisions"}],"wp:attachment":[{"href":"https:\/\/www.diarioimagen.net\/index.php?rest_route=%2Fwp%2Fv2%2Fmedia&parent=424777"}],"wp:term":[{"taxonomy":"category","embeddable":true,"href":"https:\/\/www.diarioimagen.net\/index.php?rest_route=%2Fwp%2Fv2%2Fcategories&post=424777"},{"taxonomy":"post_tag","embeddable":true,"href":"https:\/\/www.diarioimagen.net\/index.php?rest_route=%2Fwp%2Fv2%2Ftags&post=424777"}],"curies":[{"name":"wp","href":"https:\/\/api.w.org\/{rel}","templated":true}]}}