{"id":424796,"date":"2019-04-24T00:11:21","date_gmt":"2019-04-24T05:11:21","guid":{"rendered":"https:\/\/www.diarioimagen.net\/?p=424796"},"modified":"2019-04-25T01:05:04","modified_gmt":"2019-04-25T06:05:04","slug":"carreras-legislativas","status":"publish","type":"post","link":"https:\/\/www.diarioimagen.net\/?p=424796","title":{"rendered":"Carreras legislativas"},"content":{"rendered":"<h2>Tras la puerta del poder<\/h2>\n<h5>Roberto Vizca\u00edno<\/h5>\n<p>&nbsp;<\/p>\n<div id=\"attachment_424854\" style=\"width: 470px\" class=\"wp-caption aligncenter\"><a href=\"https:\/\/www.diarioimagen.net\/?attachment_id=424854\" rel=\"attachment wp-att-424854\"><img loading=\"lazy\" decoding=\"async\" aria-describedby=\"caption-attachment-424854\" class=\"size-large wp-image-424854\" src=\"https:\/\/www.diarioimagen.net\/wp-content\/uploads\/2019\/04\/edomex-LUIE-XAVIER-7-460x355.jpg\" alt=\"\" width=\"460\" height=\"355\" srcset=\"https:\/\/www.diarioimagen.net\/wp-content\/uploads\/2019\/04\/edomex-LUIE-XAVIER-7-460x355.jpg 460w, https:\/\/www.diarioimagen.net\/wp-content\/uploads\/2019\/04\/edomex-LUIE-XAVIER-7-240x185.jpg 240w, https:\/\/www.diarioimagen.net\/wp-content\/uploads\/2019\/04\/edomex-LUIE-XAVIER-7-768x593.jpg 768w, https:\/\/www.diarioimagen.net\/wp-content\/uploads\/2019\/04\/edomex-LUIE-XAVIER-7.jpg 1200w\" sizes=\"auto, (max-width: 460px) 100vw, 460px\" \/><\/a><p id=\"caption-attachment-424854\" class=\"wp-caption-text\">Edomex&#8230; | Luis Xavier<\/p><\/div>\n<p>&nbsp;<\/p>\n<p>Con apenas nada de tiempo para concluir el actual per\u00edodo legislativo, el senador <strong>Ricardo Monreal <\/strong>y el diputado <strong>Mario Delgado<\/strong> resienten las presiones de importantes sectores y personajes para dictaminar y aprobar a la de ya, temas como la reforma laboral reclamada por el TC-MEC, o las leyes secundarias de la Guardia Nacional, o la iniciativa para eliminar el fuero constitucional, o la reforma al 35 Constitucional, exigida por el presidente <strong>Andr\u00e9s Manuel L\u00f3pez Obrador.<\/strong><\/p>\n<p>Todos quieren que salga primero su asunto.<\/p>\n<p>Ayer mismo en su conferencia ma\u00f1anera, <strong>L\u00f3pez Obrador <\/strong>fij\u00f3 sus prioridades legislativas:<\/p>\n<p>\u201cEspero que en estos d\u00edas se apruebe lo del retiro de fuero, la reforma al 35 y la ley de austeridad\u2026 bueno, la reforma educativa\u2026 para cancelar, abrogar, derogar, eliminar, o como se llame la mal llamada reforma educativa\u2026 son temas pendientes, ojal\u00e1 y les d\u00e9 tiempo a legisladores para desahogar las leyes secundarias para la Guardia Nacional\u2026 tienen trabajo\u2026 hay tiempo antes de concluir el per\u00edodo\u201d, indic\u00f3 el tabasque\u00f1o.<\/p>\n<p>En previsi\u00f3n de que el lunes siguiente concluya el per\u00edodo legislativo de inicio de a\u00f1o con al menos una reforma aprobada, <strong>Mart\u00ed Batres<\/strong> presidente del Senado, y <strong>Napole\u00f3n G\u00f3mez Urrutia<\/strong>, presidente de la Comisi\u00f3n del Trabajo de la c\u00e1mara alta, dieron conferencia de prensa para advertir que trabajan horas extras en el dictamen de la reforma laboral.<\/p>\n<p>Recordaron que el compromiso ante el gobierno de <strong>Donald Trump<\/strong> y el Senado de Estados Unidos es aprobarla a m\u00e1s tardar el lunes 30 de abril y as\u00ed cumplir con los plazos establecidos para tramitar el Tratado entre M\u00e9xico, Estados Unidos y Canad\u00e1, el T-MEC, y dar certidumbre a las relaciones comerciales de las tres naciones.<\/p>\n<p>Apenas recibida de la C\u00e1mara de Diputados, dijo Mart\u00ed Batres, la minita de la reforma laboral se envi\u00f3 a las comisiones de Trabajo que preside <strong>Napole\u00f3n G\u00f3mez Urrutia,<\/strong> y a la de Estudios Legislativos Segunda, presidida por la senadora <strong>Ana Lilia Rivera<\/strong>.<\/p>\n<p>\u201cEn ese marco de definici\u00f3n considero que es importante para el pa\u00eds que en este periodo de sesiones estemos resolviendo la reforma laboral. Es importante porque nuestro siguiente periodo de sesiones es hasta septiembre y nosotros tenemos responsabilidades con el pa\u00eds, con los trabajadores. Es importante por la certidumbre que esto genere\u201d, indic\u00f3 <strong>Batres.<\/strong><\/p>\n<p>A su vez <strong>G\u00f3mez Urrutia<\/strong> dijo que el proyecto de reforma laboral \u201ccomo lo dictamin\u00f3 la C\u00e1mara de Diputados cumple con lo esencial\u201d del Cap\u00edtulo Laboral del T-MEC.<\/p>\n<p>\u201cDe todos modos, creo que con el tiempo que nos queda de este periodo, con los avances que hemos tenido, con las pl\u00e1ticas previas que hab\u00edamos tenido, hemos avanzado much\u00edsimo y estamos, yo creo, en la posibilidad de resolverlo de aqu\u00ed al 30 de abril\u201d, coment\u00f3 el tambi\u00e9n l\u00edder minero.<\/p>\n<p style=\"text-align: center;\"><strong>Patrones opinan<\/strong><\/p>\n<p>As\u00ed, mientras en el Senado todo apunta a que la minuta aprobada por los diputados se aprobar\u00e1 tal cual por los senadores, ya que cualquier modificaci\u00f3n obligar\u00eda a regresar la reforma laboral a San L\u00e1zaro, con lo que se romper\u00edan los tiempos exigidos por EU, los patrones agremiados en el Consejo Coordinador Empresarial pidieron a los legisladores poder opinar.<\/p>\n<p>Quieren los empresarios e industriales, comerciantes y prestadores de servicios poder modificar 12 art\u00edculos de la minuta.<\/p>\n<p>En ellos se establecen los b\u00e1sicos de la relaci\u00f3n laboral entre patrones y sindicatos, dicen.<\/p>\n<p>Adem\u00e1s son los art\u00edculos que \u201csalvaguardan\u201d las fuentes de empleo y dar\u00edan seguridad y certeza jur\u00eddica a la inversi\u00f3n, agregan.<\/p>\n<p>El aguerrido dirigente de Coparmex,<strong> Gustavo de Hoyos<\/strong>, pretende que los senadores modifiquen el 390 Bis, que \u201cquita a los trabajadores el derecho de se\u00f1alar su voluntad de no ser representados por un sindicato\u201d y que el art\u00edculo 937 establezca que las empresas puedan demandar la calificaci\u00f3n de una huelga estallada, y adem\u00e1s que los art\u00edculos 920 y 929 no dejen en la voluntad del l\u00edder sindical estallar una huelga y concluirla.<\/p>\n<p>Y todav\u00eda falta ver las reacciones de algunos dirigentes sindicales que se sienten rebasados por la iniciativa de reforma laboral.<\/p>\n<p>Pero, bueno, el caso es que ya no hay tiempo para nada de eso porque la reforma laboral sale ya como est\u00e1, o todo lo del Tratado de Libre Comercio se viene abajo.<\/p>\n<p style=\"text-align: center;\"><strong>Monreal, el brujo<\/strong><\/p>\n<p>Y mientras corre de una mesa de di\u00e1logo a otra para avanzar con su ya por dem\u00e1s complicad\u00edsima tarea legislativa, <strong>Ricardo Monreal,<\/strong> coordinador de la mayor\u00eda de Morena en el Senado y presidente de la Junta de Coordinaci\u00f3n Pol\u00edtica, se comienza a ganar adem\u00e1s el cargo de brujo\u00a0 mayor en eso de las negociaciones pol\u00edticas partidarias pre-electorales.<\/p>\n<p>Y es que en medio del desastre creado en Morena por los muy sucios manejos de selecci\u00f3n de candidatos de do\u00f1a <strong>Citlali Ib\u00e1\u00f1ez Camacho,<\/strong> mejor conocida en el bajo mundo de la pol\u00edtica del agandalle como <strong>Yeidckol Polevnsky Gurwitz <\/strong>(es todo un trabalenguas; de d\u00f3nde diablos sacar\u00eda tal nombre y apellidos), el zacatecano entr\u00f3 al ruedo poblano y sent\u00f3 a la mesa del di\u00e1logo al senador <strong>Alejandro Armenta<\/strong> con <strong>Miguel Barbosa.\u00a0 <\/strong><\/p>\n<p>Por las largas y duras caras en las fotos, se ve que ni <strong>Monreal<\/strong> pudo impregnar un poco de alivio y felicidad en los dos contendientes por la candidatura de Morena al gobierno de Puebla.<\/p>\n<p>\u00bfQu\u00e9 solucionaron ah\u00ed? Ni idea, pero cuando menos hubo un primer acercamiento que podr\u00eda significar el des-entuerto del conflicto creado por <strong>Ib\u00e1\u00f1ez-Polvnsky <\/strong>al imponer a <strong>Barbosa<\/strong> v\u00eda una encuesta patito.<\/p>\n<p>El desarreglo creado por la dirigente por encargo de Morena amenazaba con una ruptura dentro de Morena en Puebla y con ello un descalabro en la candidatura de <strong>Barbosa.<\/strong><\/p>\n<p>En redes y por separado, Armenta indic\u00f3: \u201cPor el bien de #Morena en Puebla acept\u00e9 dialogar con el Lic. @MBarbosaMX gracias a la oportuna intervenci\u00f3n del Senador @RicardoMonrealA. Es un primer paso hacia el triunfo inobjetable de nuestro Partido @MorenaEnPuebla. @PartidoMorenaMx\u201d.<\/p>\n<p>Y:<\/p>\n<p>\u201cAs\u00ed es como se debe construir la unidad en #Morena, con oficio pol\u00edtico y sensibilidad, sin represi\u00f3n y con dignidad; eso es lo que ha logrado el Senador @RicardoMonrealA, por ello acept\u00e9 esta primera reuni\u00f3n con el Lic. @MBarbosaMX\u201d.<\/p>\n<p><strong>Barbosa<\/strong> por su parte escribi\u00f3: \u201cEl d\u00eda de ayer por la noche, me reun\u00ed con los Senadores @RicardoMonrealA y @armentaconmigo, y sin duda tuvimos un di\u00e1logo fruct\u00edfero sobre diversos temas de la campa\u00f1a por la gubernatura en el Estado de Puebla. El papel del Senador Monreal fue importante\u201d.<\/p>\n<p style=\"text-align: center;\"><strong>BC el otro desastre de Yeidckol<\/strong><\/p>\n<p>Donde no hay un <strong>Monreal <\/strong>que salve el proceso, es en Baja California. Ah\u00ed el senador de Morena <strong>Jaime Mart\u00ednez Veloz <\/strong>ya emigr\u00f3 al PRD porque <strong>Citali \/ Yeidckol,<\/strong> al igual que hizo en Puebla con <strong>Barbosa<\/strong>, impuso como candidato v\u00eda encuesta patito a <strong>Jaime Bonilla,<\/strong> un amigazo de <strong>Andr\u00e9s Manuel L\u00f3pez Obrador.<\/strong><\/p>\n<p>La bronca es que <strong>Mart\u00ednez Veloz <\/strong>ya sent\u00eda suya la candidatura a gobernador por Morena porque sondeos previos le daban las preferencias electorales, y porque Bonilla es susceptible de ser inhabilitado porque todo indica es ciudadano estadounidense y como tal ha ocupado cargo p\u00fablico en Estados Unidos de 2002 a 2012.<\/p>\n<p>En ese tiempo fue director de la Otay Water District, para el que fue electo con el respaldo del Partido Republicano.<\/p>\n<p><em><u><a href=\"http:\/\/endirecto.mx\" target=\"_blank\" rel=\"noopener noreferrer\">www.endirecto.mx<\/a><br \/>\n<a href=\"https:\/\/twitter.com\/_rvizcaino\" target=\"_blank\" rel=\"noopener noreferrer\">@_RVizcaino<\/a><br \/>\n<a href=\"https:\/\/www.facebook.com\/rvizcainoa\" target=\"_blank\" rel=\"noopener noreferrer\">facebook.com\/rvizcainoa<\/a><\/u><\/em><\/p>\n","protected":false},"excerpt":{"rendered":"<p><span style=\"color: #005497;\"><strong>Roberto Vizca\u00edno<\/strong><\/span><br \/>\n<br \/>\nCon apenas nada de tiempo para concluir el actual per\u00edodo legislativo, el senador <strong>Ricardo Monreal <\/strong>y el diputado <strong>Mario Delgado<\/strong> resienten las presiones de importantes sectores y personajes para dictaminar y aprobar a la de ya, temas como la reforma laboral reclamada por el TC-MEC, o las leyes secundarias de la Guardia Nacional, o la iniciativa para eliminar el fuero constitucional, o la reforma al 35 Constitucional, exigida por el presidente <strong>Andr\u00e9s Manuel L\u00f3pez Obrador.<\/strong><\/p>\n","protected":false},"author":3,"featured_media":424854,"comment_status":"open","ping_status":"open","sticky":false,"template":"","format":"standard","meta":{"_monsterinsights_skip_tracking":false,"_monsterinsights_sitenote_active":false,"_monsterinsights_sitenote_note":"","_monsterinsights_sitenote_category":0,"footnotes":""},"categories":[136],"tags":[43674,93,94],"class_list":["post-424796","post","type-post","status-publish","format-standard","has-post-thumbnail","hentry","category-roberto-vizcaino-opinion","tag-opinion","tag-roberto-vizcaino","tag-tras-la-puerta-del-poder"],"_links":{"self":[{"href":"https:\/\/www.diarioimagen.net\/index.php?rest_route=\/wp\/v2\/posts\/424796","targetHints":{"allow":["GET"]}}],"collection":[{"href":"https:\/\/www.diarioimagen.net\/index.php?rest_route=\/wp\/v2\/posts"}],"about":[{"href":"https:\/\/www.diarioimagen.net\/index.php?rest_route=\/wp\/v2\/types\/post"}],"author":[{"embeddable":true,"href":"https:\/\/www.diarioimagen.net\/index.php?rest_route=\/wp\/v2\/users\/3"}],"replies":[{"embeddable":true,"href":"https:\/\/www.diarioimagen.net\/index.php?rest_route=%2Fwp%2Fv2%2Fcomments&post=424796"}],"version-history":[{"count":0,"href":"https:\/\/www.diarioimagen.net\/index.php?rest_route=\/wp\/v2\/posts\/424796\/revisions"}],"wp:featuredmedia":[{"embeddable":true,"href":"https:\/\/www.diarioimagen.net\/index.php?rest_route=\/wp\/v2\/media\/424854"}],"wp:attachment":[{"href":"https:\/\/www.diarioimagen.net\/index.php?rest_route=%2Fwp%2Fv2%2Fmedia&parent=424796"}],"wp:term":[{"taxonomy":"category","embeddable":true,"href":"https:\/\/www.diarioimagen.net\/index.php?rest_route=%2Fwp%2Fv2%2Fcategories&post=424796"},{"taxonomy":"post_tag","embeddable":true,"href":"https:\/\/www.diarioimagen.net\/index.php?rest_route=%2Fwp%2Fv2%2Ftags&post=424796"}],"curies":[{"name":"wp","href":"https:\/\/api.w.org\/{rel}","templated":true}]}}