{"id":424861,"date":"2019-04-25T00:10:45","date_gmt":"2019-04-25T05:10:45","guid":{"rendered":"https:\/\/www.diarioimagen.net\/?p=424861"},"modified":"2019-04-25T00:37:36","modified_gmt":"2019-04-25T05:37:36","slug":"diputados-quitan-fuero-al-morenista-cipriano-charrez","status":"publish","type":"post","link":"https:\/\/www.diarioimagen.net\/?p=424861","title":{"rendered":"San L\u00e1zaro: quitan fuero al morenista Cipriano Charrez"},"content":{"rendered":"<ul>\n<li><strong><em>El legislador es acusado de homicidio culposo<\/em><\/strong><\/li>\n<\/ul>\n<p>&nbsp;<\/p>\n<div id=\"attachment_424862\" style=\"width: 470px\" class=\"wp-caption aligncenter\"><img loading=\"lazy\" decoding=\"async\" aria-describedby=\"caption-attachment-424862\" class=\"wp-image-424862 size-large\" src=\"https:\/\/www.diarioimagen.net\/wp-content\/uploads\/2019\/04\/CIPRIANO25-portal-460x268.jpg\" alt=\"\" width=\"460\" height=\"268\" srcset=\"https:\/\/www.diarioimagen.net\/wp-content\/uploads\/2019\/04\/CIPRIANO25-portal-460x268.jpg 460w, https:\/\/www.diarioimagen.net\/wp-content\/uploads\/2019\/04\/CIPRIANO25-portal-240x140.jpg 240w, https:\/\/www.diarioimagen.net\/wp-content\/uploads\/2019\/04\/CIPRIANO25-portal.jpg 480w\" sizes=\"auto, (max-width: 460px) 100vw, 460px\" \/><p id=\"caption-attachment-424862\" class=\"wp-caption-text\">El pleno de la C\u00e1mara de Diputados se erigi\u00f3 como Jurado de Procedencia y quit\u00f3 el fuero a Cipriano Charrez Pedraza.<\/p><\/div>\n<p>&nbsp;<\/p>\n<p>El pleno de la C\u00e1mara de Diputados, convertido en Jurado de Procedencia, determin\u00f3 separar del cargo y retirar el fuero constitucional al morenista Cipriano Charrez Pedraza, para que haga frente a las acusaciones de homicidio culposo que le formula la Procuradur\u00eda de Justicia de Hidalgo.<\/p>\n<p>Con 347 votos a favor, incluido el de propio Charrez Pedraza, 36 en contra y 53 abstenciones, el pleno camaral determin\u00f3 eliminar la inmunidad constitucional al legislador federal de Morena.<\/p>\n<p>El 6 de octubre del a\u00f1o pasado, el representante popular se vio involucrado en un accidente automovil\u00edstico en Ixmiquilpan, Hidalgo, donde muri\u00f3 Iv\u00e1n Fuentes de 21 a\u00f1os de edad. Seg\u00fan un video de los hechos, difundido en redes sociales, el legislador habr\u00eda huido del lugar sin prestar ayuda al joven.<\/p>\n<p>Al fundamentar el dictamen, la presidenta de la Secci\u00f3n Instructora de la C\u00e1mara de Diputados, Martha Patricia Ram\u00edrez, dijo que procede la declaraci\u00f3n de procedencia por la presunta comisi\u00f3n de homocidio culposo, omisi\u00f3n de auxilio y da\u00f1o en propiedad ajena.<\/p>\n<p>Le legisladora afirm\u00f3 que el proceso fue en total apego a los marcos jur\u00eddicos y basando los resolutivos solo en las pruebas aportadas por las partes dentro del expediente, no sujetos a presiones pol\u00edticas ni medi\u00e1ticas.<\/p>\n<p>Refiri\u00f3 que Charrez estuvo en el lugar del accidente a bordo de un veh\u00edculo que se impact\u00f3 con otro, se incendi\u00f3 y provoc\u00f3 la muerte de un ciudadano de 21 a\u00f1os de edad, y advirti\u00f3 que corresponder\u00e1 a la autoridad judicial determinar si existe o no esa responsabilidad.<\/p>\n<p>El abogado defensor del diputado, Efra\u00edn Magueyal se\u00f1al\u00f3 que no comparte lo establecido en el dictamen emitido por la Secci\u00f3n Instructora en el expediente SI\/LXIV\/01\/ 2018, y sostuvo que el juicio de procedencia no est\u00e1 debidamente fundado ya que la Procuradur\u00eda de Hidalgo ha sido omisa en diversos elementos.<\/p>\n<p>En ese sentido acot\u00f3 que se violentan los derechos de su defendido, porque s\u00f3lo se conoce la versi\u00f3n de la Procuradur\u00eda pero no la del diputado con licencia.<\/p>\n<p>A su vez, Cipriano Charrez acus\u00f3 que es \u00abobjeto de un esquema linchamientos medi\u00e1tico y jur\u00eddico por intereses pol\u00edticos y econ\u00f3micos fuertes en el gobierno del estado de Hidalgo, que por m\u00e1s ocho a\u00f1os han gobernado de la entidad\u00bb.<\/p>\n<p>Tambi\u00e9n denunci\u00f3 que hay intereses pol\u00edticos en la C\u00e1mara de Diputados, \u00abposiciones encontradas, temas de agenda parlamentaria, urgencias para sacar encomiendas, reformas necesarias. Lo que no puede ser es convertirse en un espacio donde el ser y pensar diferente sea motivo para ir a la c\u00e1rcel y ser perseguido\u00bb.<\/p>\n<p>Afirm\u00f3 que \u00abhoy se aprestan a curarse de salud para hacer creer a la opini\u00f3n p\u00fablica que nuevos aires entran en estas instalaciones\u00bb, aunque indic\u00f3 que respetar\u00eda el voto del pleno y que probar\u00e1 su inocencia.<\/p>\n<p>En tanto, la Fiscal\u00eda General de Hidalgo, representada por la subprocuradora de procedimientos penales, Sissi Anette Rodr\u00edguez, llam\u00f3 al jurado a votar a favor del retiro del fuero constitucional porque, asegur\u00f3, hay pruebas en contra de Charrez para demostrar que es responsable de homicidio culposo, da\u00f1o en propiedad ajena y omisi\u00f3n de ayuda.<\/p>\n<p>\u201cPor lo que se pide el voto mayoritario a favor de la declaraci\u00f3n de procedencia del pasado nueve de abril de 2019 lo que permitir\u00eda resolver la teor\u00eda del caso de las partes ante sede judicial, esto en virtud de que dentro de la carpeta de investigaci\u00f3n se advierten actos indicativos de que la madrugada del 6 de octubre un veh\u00edculo en el que viajaba Cipriano Charrez Pedraza.<\/p>\n<p>\u00abEn el que se afirma, lo hac\u00eda como conductor produjo culposamente resultados t\u00edpicos de homicidio y da\u00f1os en la propiedad por lo cual se ratifica ante todos ustedes el escrito del contenido antes expuesto\u201d, dijo\u00a0 la subprocuradora.<\/p>\n<p>La Fiscal\u00eda acus\u00f3 al diputado de homicidio culposo por la muerte de Iv\u00e1n Fuentes, de 21 a\u00f1os, quien muri\u00f3 como resultado un accidente automovil\u00edstico.<\/p>\n<p>El accidente ocurri\u00f3 el 6 de octubre de 2018, en la carretera federal M\u00e9xico-Laredo, a la altura del municipio de Ixmiquilpan, en Hidaldo.<\/p>\n<p>Los familiares del joven aseguraron que el legislador conduc\u00eda en estado de ebriedad y que abandon\u00f3 el lugar del siniestro.<\/p>\n","protected":false},"excerpt":{"rendered":"<p>El pleno de la C\u00e1mara de Diputados, convertido en Jurado de Procedencia, determin\u00f3 separar del cargo y retirar el fuero constitucional al morenista Cipriano Charrez Pedraza, para que haga frente a las acusaciones de homicidio culposo que le formula la Procuradur\u00eda de Justicia de Hidalgo.<\/p>\n","protected":false},"author":5,"featured_media":424862,"comment_status":"open","ping_status":"open","sticky":false,"template":"","format":"standard","meta":{"_monsterinsights_skip_tracking":false,"_monsterinsights_sitenote_active":false,"_monsterinsights_sitenote_note":"","_monsterinsights_sitenote_category":0,"footnotes":""},"categories":[80806,7],"tags":[98,84767,84802,84768,84803,84769,20663,115],"class_list":["post-424861","post","type-post","status-publish","format-standard","has-post-thumbnail","hentry","category-legislativo","category-seguridad","tag-camara-de-diputados","tag-cipriano-charrez","tag-cipriano-charrez-pedraza","tag-diputados-quitan-fuero","tag-fuerom","tag-homicidio-culposo","tag-morena","tag-san-lazaro"],"_links":{"self":[{"href":"https:\/\/www.diarioimagen.net\/index.php?rest_route=\/wp\/v2\/posts\/424861","targetHints":{"allow":["GET"]}}],"collection":[{"href":"https:\/\/www.diarioimagen.net\/index.php?rest_route=\/wp\/v2\/posts"}],"about":[{"href":"https:\/\/www.diarioimagen.net\/index.php?rest_route=\/wp\/v2\/types\/post"}],"author":[{"embeddable":true,"href":"https:\/\/www.diarioimagen.net\/index.php?rest_route=\/wp\/v2\/users\/5"}],"replies":[{"embeddable":true,"href":"https:\/\/www.diarioimagen.net\/index.php?rest_route=%2Fwp%2Fv2%2Fcomments&post=424861"}],"version-history":[{"count":0,"href":"https:\/\/www.diarioimagen.net\/index.php?rest_route=\/wp\/v2\/posts\/424861\/revisions"}],"wp:featuredmedia":[{"embeddable":true,"href":"https:\/\/www.diarioimagen.net\/index.php?rest_route=\/wp\/v2\/media\/424862"}],"wp:attachment":[{"href":"https:\/\/www.diarioimagen.net\/index.php?rest_route=%2Fwp%2Fv2%2Fmedia&parent=424861"}],"wp:term":[{"taxonomy":"category","embeddable":true,"href":"https:\/\/www.diarioimagen.net\/index.php?rest_route=%2Fwp%2Fv2%2Fcategories&post=424861"},{"taxonomy":"post_tag","embeddable":true,"href":"https:\/\/www.diarioimagen.net\/index.php?rest_route=%2Fwp%2Fv2%2Ftags&post=424861"}],"curies":[{"name":"wp","href":"https:\/\/api.w.org\/{rel}","templated":true}]}}