{"id":424864,"date":"2019-04-25T00:11:04","date_gmt":"2019-04-25T05:11:04","guid":{"rendered":"https:\/\/www.diarioimagen.net\/?p=424864"},"modified":"2019-04-25T00:47:51","modified_gmt":"2019-04-25T05:47:51","slug":"este-lunes-inicia-construccion-del-nuevo-aeropuerto-en-santa-lucia","status":"publish","type":"post","link":"https:\/\/www.diarioimagen.net\/?p=424864","title":{"rendered":"El lunes inicia construcci\u00f3n del aeropuerto en Santa Luc\u00eda"},"content":{"rendered":"<ul>\n<li><em><strong>Inaugura AMLO la Feria Aeroespacial M\u00e9xico 2019<\/strong><\/em><\/li>\n<\/ul>\n<p>&nbsp;<\/p>\n<div id=\"attachment_424865\" style=\"width: 470px\" class=\"wp-caption aligncenter\"><img loading=\"lazy\" decoding=\"async\" aria-describedby=\"caption-attachment-424865\" class=\"size-large wp-image-424865\" src=\"https:\/\/www.diarioimagen.net\/wp-content\/uploads\/2019\/04\/AEROPUERTO25a-portal-460x268.jpg\" alt=\"\" width=\"460\" height=\"268\" srcset=\"https:\/\/www.diarioimagen.net\/wp-content\/uploads\/2019\/04\/AEROPUERTO25a-portal-460x268.jpg 460w, https:\/\/www.diarioimagen.net\/wp-content\/uploads\/2019\/04\/AEROPUERTO25a-portal-240x140.jpg 240w, https:\/\/www.diarioimagen.net\/wp-content\/uploads\/2019\/04\/AEROPUERTO25a-portal.jpg 480w\" sizes=\"auto, (max-width: 460px) 100vw, 460px\" \/><p id=\"caption-attachment-424865\" class=\"wp-caption-text\">Andr\u00e9s Manuel L\u00f3pez Obrador inaugura en la base a\u00e9rea de Santa Luc\u00eda la Feria Aeroespacial M\u00e9xico 2019.<\/p><\/div>\n<p>&nbsp;<\/p>\n<p>Andr\u00e9s Manuel L\u00f3pez Obrador inform\u00f3 que el pr\u00f3ximo lunes 29 de abril iniciar\u00e1 la construcci\u00f3n del nuevo Aeropuerto de la Ciudad de M\u00e9xico en la Base A\u00e9rea de Santa Luc\u00eda, que llevar\u00e1 el nombre de revolucionario Felipe \u00c1ngeles.<\/p>\n<p>Al encabezar la inauguraci\u00f3n de la tercera edici\u00f3n de la Feria Aeroespacial M\u00e9xico 2019 (Famex) en esta Base A\u00e9rea Militar No. 1, destac\u00f3 que en este sitio se cuenta con una extensi\u00f3n de 3 mil hect\u00e1reas, muy superior a las 600 del actual Aeropuerto Internacional \u201cBenito Ju\u00e1rez\u201d de la Ciudad de M\u00e9xico.<\/p>\n<p>A los empresarios extranjeros les dijo que est\u00e1n abiertas las puertas del pa\u00eds y qu\u00e9 hay un aut\u00e9ntico estado de Derecho, \u201cque no hay un estado de chueco, no hay estado de cohecho, que los compromisos en M\u00e9xico se cumplen\u201d y son bienvenidas todas las inversiones para el progreso con bienestar en el pa\u00eds.<\/p>\n<p>En el evento, al que acudieron los secretarios de la Defensa, Luis Cresencio Sandoval Gonz\u00e1lez, y de Marina, Jos\u00e9 Rafael Ojeda Dur\u00e1n, as\u00ed como el gobernador mexiquense, Alfredo Del Mazo Maza, resalt\u00f3 que de haberse construido el aeropuerto en Texcoco se hubiera cerrado Santa Luc\u00eda.<\/p>\n<p>\u201cEsta Base A\u00e9rea de Santa Luc\u00eda se salv\u00f3 de ser desaparecida con la decisi\u00f3n pol\u00e9mica, controvertida, de no construir el aeropuerto en Texcoco.<\/p>\n<p>El continuar con esa obra, y no quiero de ninguna manera polemizar; se tendr\u00eda que haber cerrado el aeropuerto actual de la Ciudad de M\u00e9xico y este aeropuerto militar por interferencia a\u00e9rea\u201d, explic\u00f3.<\/p>\n<p>El mandatario federal asever\u00f3 que esta Base A\u00e9rea pronto adquirir\u00e1 otra dimensi\u00f3n, pues adem\u00e1s de militar ser\u00e1 un aeropuerto civil, ya que cuenta con la extensi\u00f3n suficiente y con tierra firme.<\/p>\n<p>Record\u00f3 que el gobierno que encabeza decidi\u00f3 vender los helic\u00f3pteros y aviones que eran utilizados por funcionarios p\u00fablicos, quienes ahora deber\u00e1n trasladarse en vuelos comerciales, para actuar con austeridad republicana.<\/p>\n<p>\u00danicamente podr\u00e1n transportarse en aviones del gobierno los militares, los titulares de la Defensa y Marina, ya que los aviones y helic\u00f3pteros del gobierno van a estar\u00e1n al servicio de la poblaci\u00f3n para emergencias, para la aplicaci\u00f3n del Plan DN-III, sofocar incendios o como servicio de ambulancias.<\/p>\n<p>Agradeci\u00f3 tambi\u00e9n a los gobernadores del pa\u00eds, quienes \u201cest\u00e1n ayud\u00e1ndonos en enfrentar los grandes y graves problemas nacionales, lo estamos haciendo de manera coordinada\u201d, es decir, \u201cno hay grupos, no hay partidos, s\u00f3lo el inter\u00e9s de la naci\u00f3n, el inter\u00e9s superior, porque la patria es primero\u201d.<\/p>\n<p>En ese sentido reconoci\u00f3 de manera especial al gobernador del Estado M\u00e9xico, Alfredo Del Mazo, por su apoyo, respaldo y cooperaci\u00f3n.<\/p>\n<p>Luego del evento inaugural, el Ejecutivo federal recorri\u00f3 la Feria Aeroespacial acompa\u00f1ado de integrantes de su gabinete y del gobernador, as\u00ed como de empresarios e invitados especiales.<\/p>\n<p>L\u00f3pez Obrador, junto con el secretario de Comunicaciones y Transportes, Javier Jim\u00e9nez Espri\u00fa, y la directora del Servicio Postal Mexicano, Nidia Ch\u00e1vez Rocha, llev\u00f3 a cabo la cancelaci\u00f3n del timbre postal con motivo de la Inauguraci\u00f3n de la Feria Aeroespacial M\u00e9xico 2019.<\/p>\n","protected":false},"excerpt":{"rendered":"<p>Andr\u00e9s Manuel L\u00f3pez Obrador inform\u00f3 que el pr\u00f3ximo lunes 29 de abril iniciar\u00e1 la construcci\u00f3n del nuevo Aeropuerto de la Ciudad de M\u00e9xico en la Base A\u00e9rea de Santa Luc\u00eda, que llevar\u00e1 el nombre de revolucionario Felipe \u00c1ngeles.<\/p>\n","protected":false},"author":5,"featured_media":424865,"comment_status":"open","ping_status":"open","sticky":false,"template":"","format":"standard","meta":{"_monsterinsights_skip_tracking":false,"_monsterinsights_sitenote_active":false,"_monsterinsights_sitenote_note":"","_monsterinsights_sitenote_category":0,"footnotes":""},"categories":[25512],"tags":[1352,84770,43673,67532,9207],"class_list":["post-424864","post","type-post","status-publish","format-standard","has-post-thumbnail","hentry","category-nacional-nacional","tag-andres-manuel-lopez-obrador","tag-lunes-inicia-construccion","tag-nacional","tag-nuevo-aeropuerto","tag-santa-lucia"],"_links":{"self":[{"href":"https:\/\/www.diarioimagen.net\/index.php?rest_route=\/wp\/v2\/posts\/424864","targetHints":{"allow":["GET"]}}],"collection":[{"href":"https:\/\/www.diarioimagen.net\/index.php?rest_route=\/wp\/v2\/posts"}],"about":[{"href":"https:\/\/www.diarioimagen.net\/index.php?rest_route=\/wp\/v2\/types\/post"}],"author":[{"embeddable":true,"href":"https:\/\/www.diarioimagen.net\/index.php?rest_route=\/wp\/v2\/users\/5"}],"replies":[{"embeddable":true,"href":"https:\/\/www.diarioimagen.net\/index.php?rest_route=%2Fwp%2Fv2%2Fcomments&post=424864"}],"version-history":[{"count":0,"href":"https:\/\/www.diarioimagen.net\/index.php?rest_route=\/wp\/v2\/posts\/424864\/revisions"}],"wp:featuredmedia":[{"embeddable":true,"href":"https:\/\/www.diarioimagen.net\/index.php?rest_route=\/wp\/v2\/media\/424865"}],"wp:attachment":[{"href":"https:\/\/www.diarioimagen.net\/index.php?rest_route=%2Fwp%2Fv2%2Fmedia&parent=424864"}],"wp:term":[{"taxonomy":"category","embeddable":true,"href":"https:\/\/www.diarioimagen.net\/index.php?rest_route=%2Fwp%2Fv2%2Fcategories&post=424864"},{"taxonomy":"post_tag","embeddable":true,"href":"https:\/\/www.diarioimagen.net\/index.php?rest_route=%2Fwp%2Fv2%2Ftags&post=424864"}],"curies":[{"name":"wp","href":"https:\/\/api.w.org\/{rel}","templated":true}]}}