{"id":424881,"date":"2019-04-25T00:10:21","date_gmt":"2019-04-25T05:10:21","guid":{"rendered":"https:\/\/www.diarioimagen.net\/?p=424881"},"modified":"2019-04-25T00:17:10","modified_gmt":"2019-04-25T05:17:10","slug":"inicia-secretaria-de-cultura-evento-festinarte-2019-en-toluca-y-texcoco","status":"publish","type":"post","link":"https:\/\/www.diarioimagen.net\/?p=424881","title":{"rendered":"Comienza Fest\u00ednArte en Toluca y Texcoco"},"content":{"rendered":"<h2>Arco Norte<\/h2>\n<h5>Jos\u00e9 Luis Monta\u00f1ez Aguilar<\/h5>\n<p>&nbsp;<\/p>\n<div id=\"attachment_424882\" style=\"width: 470px\" class=\"wp-caption aligncenter\"><img loading=\"lazy\" decoding=\"async\" aria-describedby=\"caption-attachment-424882\" class=\"size-large wp-image-424882\" src=\"https:\/\/www.diarioimagen.net\/wp-content\/uploads\/2019\/04\/FESTINARTE25-PORTAL-460x268.jpg\" alt=\"\" width=\"460\" height=\"268\" srcset=\"https:\/\/www.diarioimagen.net\/wp-content\/uploads\/2019\/04\/FESTINARTE25-PORTAL-460x268.jpg 460w, https:\/\/www.diarioimagen.net\/wp-content\/uploads\/2019\/04\/FESTINARTE25-PORTAL-240x140.jpg 240w, https:\/\/www.diarioimagen.net\/wp-content\/uploads\/2019\/04\/FESTINARTE25-PORTAL.jpg 480w\" sizes=\"auto, (max-width: 460px) 100vw, 460px\" \/><p id=\"caption-attachment-424882\" class=\"wp-caption-text\">Inici\u00f3 en el Centro Cultural Mexiquense (CCM), en Toluca, Festinarte 2019 con divertidas actividades.<\/p><\/div>\n<p>&nbsp;<\/p>\n<p>La misi\u00f3n Fest\u00ednArte 2019 \u201cLa Luna no es de queso\u201d despeg\u00f3 en el Centro Cultural Mexiquense (CCM), en Toluca, con divertidas actividades que ni\u00f1as y ni\u00f1os mexiquenses podr\u00e1n disfrutar de manera gratuita, de 10:00 a 15:00 horas, a lo largo de cinco d\u00edas.<\/p>\n<p>Asimismo, inici\u00f3 este festival infantil en el Centro Cultural Mexiquense Bicentenario (CCMB), donde cientos de familias mexiquenses disfrutaron de actividades como teatro, espect\u00e1culos, conciertos y danza, entre otros.<\/p>\n<p>Este festival es la suma de esfuerzos del Gobierno del Estado de M\u00e9xico, a trav\u00e9s de la Secretar\u00eda de Cultura, donde la imaginaci\u00f3n es el elemento principal, una alternativa de diversi\u00f3n y aprendizaje preparada para el disfrute de los peque\u00f1os en este periodo vacacional.<\/p>\n<p>Ivett Tinoco Garc\u00eda, directora general de Patrimonio y Servicios Culturales de la entidad, explic\u00f3 que la sede del Fest\u00ednArte en el CCM llevar\u00e1 a las familias mexiquenses a descubrir qu\u00e9 hay del lado oscuro de la Luna, si es o no de queso y si el conejo que se refleja en ella vive realmente ah\u00ed.<\/p>\n<p>En su primer d\u00eda de actividades se present\u00f3 en el escenario principal \u201cGravedad cero\u201d, con La Sensacional Orquesta Lavadero, compa\u00f1\u00eda que ha marcado el paso en la escena del clown musical en M\u00e9xico con el n\u00famero \u201cMi mundo es alegre\u201d.<\/p>\n<p>Una de las atracciones que m\u00e1s llam\u00f3 la atenci\u00f3n fue el domo \u201cCine Lunar\u201d, en el cual se vive una experiencia 3D con proyecciones diferentes cada d\u00eda relacionadas con el Sistema Solar, las galaxias, las lunas, la Tierra y el Universo.<\/p>\n<p>En la Zona de Alunizaje \u201cLuna cient\u00edfica\u201d, mediante una charla se les explic\u00f3 a las ni\u00f1as y los ni\u00f1os acerca de la creaci\u00f3n de la Luna, la formaci\u00f3n de cr\u00e1teres, la gravedad y c\u00f3mo es que siempre vemos la misma cara de la Luna.<\/p>\n<p>Mientras que en el CCMB en Texcoco, el Fest\u00ednArte de este a\u00f1o, est\u00e1 dedicado a los juegos y juguetes mexicanos, con el fin de reafirmar el sentido de identidad y fomento a las tradiciones.<\/p>\n<p>Durante el primer d\u00eda iniciaron talleres de juguetes tradicionales como papalotes, perinolas, t\u00edteres experimentales, taller de sensorama, pintura, taller de impro-clown, de c\u00f3mic, ilustraci\u00f3n, grabado infantil, entre otros, que se realizar\u00e1n durante todo el festival.<\/p>\n","protected":false},"excerpt":{"rendered":"<p><span style=\"color: #005497;\">Jos\u00e9 Luis Monta\u00f1ez Aguilar<\/span><br \/>\n<br \/>\nLa misi\u00f3n Fest\u00ednArte 2019 \u201cLa Luna no es de queso\u201d despeg\u00f3 en el Centro Cultural Mexiquense (CCM), en Toluca, con divertidas actividades que ni\u00f1as y ni\u00f1os mexiquenses podr\u00e1n disfrutar de manera gratuita, de 10:00 a 15:00 horas, a lo largo de cinco d\u00edas.<\/p>\n","protected":false},"author":5,"featured_media":424882,"comment_status":"open","ping_status":"open","sticky":false,"template":"","format":"standard","meta":{"_monsterinsights_skip_tracking":false,"_monsterinsights_sitenote_active":false,"_monsterinsights_sitenote_note":"","_monsterinsights_sitenote_category":0,"footnotes":""},"categories":[5],"tags":[84778,13284,84776,43704,43674,47401,84777],"class_list":["post-424881","post","type-post","status-publish","format-standard","has-post-thumbnail","hentry","category-estado-de-mexico","tag-la-luna-no-es-de-queso","tag-arco-norte","tag-festinarte-2019","tag-jose-luis-montanez-aguilar","tag-opinion","tag-secretaria-de-cultura","tag-toluca-y-texcoco"],"_links":{"self":[{"href":"https:\/\/www.diarioimagen.net\/index.php?rest_route=\/wp\/v2\/posts\/424881","targetHints":{"allow":["GET"]}}],"collection":[{"href":"https:\/\/www.diarioimagen.net\/index.php?rest_route=\/wp\/v2\/posts"}],"about":[{"href":"https:\/\/www.diarioimagen.net\/index.php?rest_route=\/wp\/v2\/types\/post"}],"author":[{"embeddable":true,"href":"https:\/\/www.diarioimagen.net\/index.php?rest_route=\/wp\/v2\/users\/5"}],"replies":[{"embeddable":true,"href":"https:\/\/www.diarioimagen.net\/index.php?rest_route=%2Fwp%2Fv2%2Fcomments&post=424881"}],"version-history":[{"count":0,"href":"https:\/\/www.diarioimagen.net\/index.php?rest_route=\/wp\/v2\/posts\/424881\/revisions"}],"wp:featuredmedia":[{"embeddable":true,"href":"https:\/\/www.diarioimagen.net\/index.php?rest_route=\/wp\/v2\/media\/424882"}],"wp:attachment":[{"href":"https:\/\/www.diarioimagen.net\/index.php?rest_route=%2Fwp%2Fv2%2Fmedia&parent=424881"}],"wp:term":[{"taxonomy":"category","embeddable":true,"href":"https:\/\/www.diarioimagen.net\/index.php?rest_route=%2Fwp%2Fv2%2Fcategories&post=424881"},{"taxonomy":"post_tag","embeddable":true,"href":"https:\/\/www.diarioimagen.net\/index.php?rest_route=%2Fwp%2Fv2%2Ftags&post=424881"}],"curies":[{"name":"wp","href":"https:\/\/api.w.org\/{rel}","templated":true}]}}