{"id":425017,"date":"2019-04-25T00:01:11","date_gmt":"2019-04-25T05:01:11","guid":{"rendered":"https:\/\/www.diarioimagen.net\/?p=425017"},"modified":"2019-04-25T02:16:31","modified_gmt":"2019-04-25T07:16:31","slug":"reuniones-entre-sep-y-cnte-a-media-luz-solo-causan-incertidumbre","status":"publish","type":"post","link":"https:\/\/www.diarioimagen.net\/?p=425017","title":{"rendered":"Reuniones entre SEP y CNTE, a media luz, s\u00f3lo causan incertidumbre"},"content":{"rendered":"<h2>La Retaguardia<\/h2>\n<h5>Adriana Moreno Cordero<\/h5>\n<p>&nbsp;<\/p>\n<ul>\n<li><em><strong>Medida retr\u00f3grada, regreso a la herencia de plazas<\/strong><\/em><\/li>\n<\/ul>\n<p>&nbsp;<\/p>\n<p>&nbsp;<\/p>\n<p>Las constantes reuniones que han sostenido en las instalaciones de la Secretar\u00eda de Educaci\u00f3n P\u00fablica, el titular de la dependencia, <strong>Esteban Moctezuma Barrag\u00e1n<\/strong>, los \u201cmaestros\u201d de la Coordinadora Nacional de Trabajadores de la Educaci\u00f3n y el coordinador de la bancada de Morena en la C\u00e1mara de Diputados, <strong>Mario Mart\u00edn Delgado<\/strong>, entre otros asistentes,<\/p>\n<p>Esta reuni\u00f3n s\u00f3lo han causado incertidumbre pues al momento de escribir estas l\u00edneas, no hab\u00eda concluido el receso que llevaba m\u00e1s de ocho horas en el Palacio Legislativo de San L\u00e1zaro, en la b\u00fasqueda desesperada de la fracci\u00f3n parlamentaria de Morena de las dos terceras partes tan necesarias para aprobar su reforma educativa, e iba para largo el poder reanudar la sesi\u00f3n.<\/p>\n<p>La tarde noche de ayer, hab\u00eda un qu\u00f3rum de alrededor de 448 diputados y los morenistas, verdaderamente \u201cmordi\u00e9ndose las u\u00f1as\u201d, participaban en reuniones aqu\u00ed y all\u00e1 en pos de lograr alg\u00fan consenso, en su afanosa b\u00fasqueda de d\u00f3nde sacar votos a favor de la reforma de su presidente, sabedores de que el punto que m\u00e1s hac\u00eda ruido en la oposici\u00f3n era retomar\u00a0 el transitorio que incluye el retorno a la herencia de plazas, lo que consideraron una medida retr\u00f3grada.<\/p>\n<p>Lo aterior revela que en esas reuniones \u201ca media luz\u201d en las instalaciones de la SEP, simplemente, las autoridades educativas se sometieron a los designios de los \u201cprofesores\u201d de la CNTE a los que por cierto, nada les embona.<\/p>\n<p>La secretaria de la Comisi\u00f3n de Educaci\u00f3n en la C\u00e1mara Baja, la pri\u00edsta <strong>Cinthia L\u00f3pez Castro<\/strong>, -porque la presidenta de dicha comisi\u00f3n, la morenista <strong>Adela Pi\u00f1a Bernal<\/strong>, nom\u00e1s \u201cno ata ni desata\u201d-, coloc\u00f3 este conflicto en su justa dimensi\u00f3n al se\u00f1alar que \u201cMorena tendr\u00e1 que decidir si le cumple a la Coordinadora o si avanza en beneficio de la educaci\u00f3n\u201d, pero por lo visto hasta ahora en el tema, por lo menos los diputados del partido mayoritario, ya \u201cdoblaron las manitas\u201d.<\/p>\n<p>Eso s\u00ed, lo que no dej\u00f3 de llamar poderosamente la atenci\u00f3n, es que ayer, no hubo mayores movilizaciones y verbenas de la Coordinadora en las inmediaciones del Palacio Legislativo de San L\u00e1zaro, con ese tono de agresividad que han venido teniendo, y eso que los \u201cmaestros\u201d han dicho que no est\u00e1n a favor de la reforma educativa enviada por el presidente <strong>Andr\u00e9s Manuel L\u00f3pez Obrador<\/strong>.<\/p>\n<p>Solo asisti\u00f3 un peque\u00f1o grupo de la CNTE que se plant\u00f3 un rato en San L\u00e1zaro y luego se fue, no sin antes advertir que ahora dirigir\u00e1n sus bater\u00edas al Senado de la Rep\u00fablica, a donde se supone que ir\u00e1 la iniciativa en caso de ser aprobada en C\u00e1mara de Diputados.<\/p>\n<p>Aunque el diputado Mario Delgado se empe\u00f1\u00f3 a decir una y otra vez que no ha habido ruptura con la CNTE, los mal llamados \u201cprofesores\u201d han hecho p\u00fablico su rechazo a dicha reforma educativa y anunciaron su intenci\u00f3n de llevar a cabo una Asamblea para determinar las acciones a seguir. Recordaron que los d\u00edas 1 y 2 de mayo, habr\u00e1 un paro y advirtieron que el 17 del mismo mes, podr\u00eda darse el estallamiento de un paro indefinido, sin duda, de graves consecuencias<\/p>\n<p>En base a todo lo anterior, habr\u00eda que preguntarse qu\u00e9 acuerdo hubo en las reuniones que tuvieron lugar en la SEP, porque no es posible tanta contradicci\u00f3n entre unos y otros.<\/p>\n<p>Lo que estuvo ausente en dichos encuentros, fue la cordialidad, sin duda alguna.<\/p>\n<p>Al momento de cerrar este espacio, las pl\u00e1ticas y reuniones continuaban en el Palacio Legislativo de San L\u00e1zaro; las posibilidades de votarlas ayer mismo se dilu\u00edan a los ojos de los morenistas y entonces, sin acuerdo, el escenario era posponer la aprobaci\u00f3n de dicha reforma educativa para otro d\u00eda, pero el tiempo corr\u00eda implacable; solo quedan las sesiones del jueves y viernes y la semana entrante, tan solo una, pero ah\u00ed est\u00e1 el per\u00edodo extraordinario.<\/p>\n<p style=\"text-align: center;\"><strong>Municiones<\/strong><\/p>\n<p>*** Al anunciar que el gran reto para la Comisi\u00f3n Federal para la Protecci\u00f3n contra Riesgos Sanitarios (Cofepris), radica en encontrar los mejores perfiles para atender en cada una de las entidades los riesgos contra la salud, el titular <strong>Jos\u00e9 Alonso Novelo Baeza<\/strong>, acept\u00f3 ante la Comisi\u00f3n de Salud del Senado de la Rep\u00fablica, que esa tarea implica que tendr\u00e1n que irse muchos de los que ahora est\u00e1n; confi\u00f3 en que la decisi\u00f3n no causar\u00e1 revuelos inc\u00f3modos por defender a quienes no tienen el perfil correcto e invit\u00f3 a quienes se preocupan seriamente por el tema proponer personal adecuado para esa responsabilidad.<\/p>\n<p>*** En el marco del aniversario n\u00famero 500 de la Aduana Veracruz, el gobernador del estado, <strong>Cuitl\u00e1huac Garc\u00eda<\/strong>, y el dministrador General de Aduanas, <strong>Ricardo Peralta<\/strong>, anunciaron la instalaci\u00f3n de la Mesa T\u00e9cnica de la Estrategia Nacional Aduanera del Golfo de M\u00e9xico.<\/p>\n<p>Este proyecto ya anunciado hace algunas semanas por el propio presidente <strong>Andr\u00e9s Manuel L\u00f3pez Obrador<\/strong>, contempla inversiones multimillonarias para el desarrollo de infraestructura y la modernizaci\u00f3n tecnol\u00f3gica de dichos puntos de comercio exterior.\u200b<\/p>\n<p>*** La presidenta del Colegio de Arquitectos de la Ciudad de M\u00e9xico, <strong>Susana Miranda Ruiz<\/strong>, llam\u00f3 a replantear la ley para transparentar la contrataci\u00f3n, adjudicaci\u00f3n y realizaci\u00f3n de obra p\u00fablica en el pa\u00eds. Al inaugurar los trabajos del Foro Nacional de Consulta sobre la Ley de Obras P\u00fablicas y Servicios Relacionados con las Mismas, Miranda Ruiz resalt\u00f3 que arquitectos e ingenieros: \u201cQueremos ver nuestras edificaciones morir por el tiempo, pero nunca m\u00e1s por la corrupci\u00f3n ni la desmedida ambici\u00f3n de poder\u201d. Asimismo, pidi\u00f3 al Poder Legislativo, a las autoridades gubernamentales, a los expertos en urbanismo y a todos los actores involucrados en el sector de la construcci\u00f3n, privilegiar y transparentar la planeaci\u00f3n y el desarrollo de los proyectos de infraestructura urbana por el bien de todos.<\/p>\n<p>*** El presidente L\u00f3pez Obrador inici\u00f3 \u201ccon bombo y platillo\u201d que el lunes arrancar\u00e1 la construcci\u00f3n del aeropuerto de Santa Luc\u00eda, que se llamar\u00e1 \u201cGeneral Felipe Angeles\u201d. La pregunta ser\u00eda, y el Cerro de Paula que est\u00e1 en el paisaje, lo van a quitar, o har\u00e1n una pista en la punta, o qu\u00e9 cosa?<\/p>\n<p><a href=\"mailto:morcora@gmail.com\" target=\"_blank\" rel=\"noopener noreferrer\"><em>morcora@gmail.com<\/em><\/a><\/p>\n","protected":false},"excerpt":{"rendered":"<p><span style=\"color: #005497;\"><strong>Adriana Moreno Cordero<\/strong><\/span><\/p>\n","protected":false},"author":3,"featured_media":0,"comment_status":"open","ping_status":"open","sticky":false,"template":"","format":"standard","meta":{"_monsterinsights_skip_tracking":false,"_monsterinsights_sitenote_active":false,"_monsterinsights_sitenote_note":"","_monsterinsights_sitenote_category":0,"footnotes":""},"categories":[69370],"tags":[69369,69368,43674],"class_list":["post-425017","post","type-post","status-publish","format-standard","hentry","category-adriana-moreno-cordero","tag-adriana-moreno-cordero","tag-la-retaguardia","tag-opinion"],"_links":{"self":[{"href":"https:\/\/www.diarioimagen.net\/index.php?rest_route=\/wp\/v2\/posts\/425017","targetHints":{"allow":["GET"]}}],"collection":[{"href":"https:\/\/www.diarioimagen.net\/index.php?rest_route=\/wp\/v2\/posts"}],"about":[{"href":"https:\/\/www.diarioimagen.net\/index.php?rest_route=\/wp\/v2\/types\/post"}],"author":[{"embeddable":true,"href":"https:\/\/www.diarioimagen.net\/index.php?rest_route=\/wp\/v2\/users\/3"}],"replies":[{"embeddable":true,"href":"https:\/\/www.diarioimagen.net\/index.php?rest_route=%2Fwp%2Fv2%2Fcomments&post=425017"}],"version-history":[{"count":0,"href":"https:\/\/www.diarioimagen.net\/index.php?rest_route=\/wp\/v2\/posts\/425017\/revisions"}],"wp:attachment":[{"href":"https:\/\/www.diarioimagen.net\/index.php?rest_route=%2Fwp%2Fv2%2Fmedia&parent=425017"}],"wp:term":[{"taxonomy":"category","embeddable":true,"href":"https:\/\/www.diarioimagen.net\/index.php?rest_route=%2Fwp%2Fv2%2Fcategories&post=425017"},{"taxonomy":"post_tag","embeddable":true,"href":"https:\/\/www.diarioimagen.net\/index.php?rest_route=%2Fwp%2Fv2%2Ftags&post=425017"}],"curies":[{"name":"wp","href":"https:\/\/api.w.org\/{rel}","templated":true}]}}