{"id":425093,"date":"2019-04-26T00:05:48","date_gmt":"2019-04-26T05:05:48","guid":{"rendered":"https:\/\/www.diarioimagen.net\/?p=425093"},"modified":"2019-04-25T23:50:19","modified_gmt":"2019-04-26T04:50:19","slug":"remodela-obra-publica-del-edomex-el-centro-historico-de-villa-victoria","status":"publish","type":"post","link":"https:\/\/www.diarioimagen.net\/?p=425093","title":{"rendered":"Remodela Obra P\u00fablica del Edomex el centro hist\u00f3rico de Villa Victoria"},"content":{"rendered":"<ul>\n<li><em><strong>Refuerzan convivencia comunitaria y la seguridad <\/strong><\/em><\/li>\n<\/ul>\n<p>&nbsp;<\/p>\n<div id=\"attachment_425094\" style=\"width: 470px\" class=\"wp-caption aligncenter\"><img loading=\"lazy\" decoding=\"async\" aria-describedby=\"caption-attachment-425094\" class=\"size-large wp-image-425094\" src=\"https:\/\/www.diarioimagen.net\/wp-content\/uploads\/2019\/04\/VILLA26-portal-460x268.jpg\" alt=\"\" width=\"460\" height=\"268\" srcset=\"https:\/\/www.diarioimagen.net\/wp-content\/uploads\/2019\/04\/VILLA26-portal-460x268.jpg 460w, https:\/\/www.diarioimagen.net\/wp-content\/uploads\/2019\/04\/VILLA26-portal-240x140.jpg 240w, https:\/\/www.diarioimagen.net\/wp-content\/uploads\/2019\/04\/VILLA26-portal.jpg 480w\" sizes=\"auto, (max-width: 460px) 100vw, 460px\" \/><p id=\"caption-attachment-425094\" class=\"wp-caption-text\">La Secretar\u00eda de Obra P\u00fablica estatal llev\u00f3 a cabo trabajos de remodelaci\u00f3n en el centro de Villa Victoria.<\/p><\/div>\n<p>&nbsp;<\/p>\n<p><strong>Toluca, Estado de M\u00e9xico<\/strong>.- Con una inversi\u00f3n de casi 5 millones de pesos, la Secretar\u00eda de Obra P\u00fablica estatal llev\u00f3 a cabo trabajos de remodelaci\u00f3n en el centro de Villa Victoria, con la finalidad de mejorar la imagen urbana y reforzar la seguridad en la zona centro del municipio, en beneficio de cerca de 20 mil habitantes.<\/p>\n<p>Carlos Alexis Aguilar Ar\u00e9valo, Director General de Construcci\u00f3n de Obra P\u00fablica, indic\u00f3 que esta remodelaci\u00f3n tiene como finalidad devolver la importancia de los espacios p\u00fablicos en el desarrollo de las comunidades, y por ello las Secretar\u00edas de Turismo y de Obra P\u00fablica restauran y equipan el jard\u00edn municipal de Villa Victoria.<\/p>\n<p>Detall\u00f3 que los trabajos que est\u00e1n por concluir, consisten en la remodelaci\u00f3n del jard\u00edn principal, donde se construye una p\u00e9rgola, elemento arquitect\u00f3nico que adem\u00e1s de embellecer el espacio, fomenta la convivencia.<\/p>\n<p>En este punto de reuni\u00f3n, tambi\u00e9n se colocaron jardineras y pisos estampados, se rehabilit\u00f3 el kiosco y se construyeron seis locales comerciales, m\u00f3dulos sanitarios, dos puentes y dos bah\u00edas para taxis.<\/p>\n<p>Con la recuperaci\u00f3n de este tipo de espacios, el Gobierno del Estado de M\u00e9xico busca fortalecer el dinamismo econ\u00f3mico y social de los municipios mexiquenses, a trav\u00e9s del impulso de la actividad tur\u00edstica.<\/p>\n","protected":false},"excerpt":{"rendered":"<p> Con una inversi\u00f3n de casi 5 millones de pesos, la Secretar\u00eda de Obra P\u00fablica estatal llev\u00f3 a cabo trabajos de remodelaci\u00f3n en el centro de Villa Victoria, con la finalidad de mejorar la imagen urbana y reforzar la seguridad en la zona centro del municipio, en beneficio de cerca de 20 mil habitantes.<\/p>\n","protected":false},"author":5,"featured_media":425094,"comment_status":"open","ping_status":"open","sticky":false,"template":"","format":"standard","meta":{"_monsterinsights_skip_tracking":false,"_monsterinsights_sitenote_active":false,"_monsterinsights_sitenote_note":"","_monsterinsights_sitenote_category":0,"footnotes":""},"categories":[35155],"tags":[43675,84819,452,5070],"class_list":["post-425093","post","type-post","status-publish","format-standard","has-post-thumbnail","hentry","category-estado-de-mexico-estado-de-mexico","tag-estado-de-mexico","tag-obra-publica-del-edomex","tag-toluca","tag-villa-victoria"],"_links":{"self":[{"href":"https:\/\/www.diarioimagen.net\/index.php?rest_route=\/wp\/v2\/posts\/425093","targetHints":{"allow":["GET"]}}],"collection":[{"href":"https:\/\/www.diarioimagen.net\/index.php?rest_route=\/wp\/v2\/posts"}],"about":[{"href":"https:\/\/www.diarioimagen.net\/index.php?rest_route=\/wp\/v2\/types\/post"}],"author":[{"embeddable":true,"href":"https:\/\/www.diarioimagen.net\/index.php?rest_route=\/wp\/v2\/users\/5"}],"replies":[{"embeddable":true,"href":"https:\/\/www.diarioimagen.net\/index.php?rest_route=%2Fwp%2Fv2%2Fcomments&post=425093"}],"version-history":[{"count":0,"href":"https:\/\/www.diarioimagen.net\/index.php?rest_route=\/wp\/v2\/posts\/425093\/revisions"}],"wp:featuredmedia":[{"embeddable":true,"href":"https:\/\/www.diarioimagen.net\/index.php?rest_route=\/wp\/v2\/media\/425094"}],"wp:attachment":[{"href":"https:\/\/www.diarioimagen.net\/index.php?rest_route=%2Fwp%2Fv2%2Fmedia&parent=425093"}],"wp:term":[{"taxonomy":"category","embeddable":true,"href":"https:\/\/www.diarioimagen.net\/index.php?rest_route=%2Fwp%2Fv2%2Fcategories&post=425093"},{"taxonomy":"post_tag","embeddable":true,"href":"https:\/\/www.diarioimagen.net\/index.php?rest_route=%2Fwp%2Fv2%2Ftags&post=425093"}],"curies":[{"name":"wp","href":"https:\/\/api.w.org\/{rel}","templated":true}]}}