{"id":425129,"date":"2019-04-26T00:01:33","date_gmt":"2019-04-26T05:01:33","guid":{"rendered":"https:\/\/www.diarioimagen.net\/?p=425129"},"modified":"2019-04-29T03:12:02","modified_gmt":"2019-04-29T08:12:02","slug":"en-comparecencia-durazo-saco-banderita-blanca","status":"publish","type":"post","link":"https:\/\/www.diarioimagen.net\/?p=425129","title":{"rendered":"En comparecencia, Durazo sac\u00f3 \u201cbanderita blanca\u201d\u00a0"},"content":{"rendered":"<h2>La Retaguardia<\/h2>\n<h5>Adriana Moreno Cordero<\/h5>\n<p>&nbsp;<\/p>\n<ul>\n<li><strong><i>En tres a\u00f1os, primeros resultados de la Guardia Nacional<\/i><\/strong><\/li>\n<li><strong><i>Le \u201cllueve\u201d a Cuitl\u00e1huac<\/i><\/strong><\/li>\n<\/ul>\n<p>&nbsp;<\/p>\n<p>En t\u00e9rminos generales, podr\u00eda decirse que al secretario de Seguridad y Participaci\u00f3n Ciudadana, <b>Alfonso Durazo<\/b>, le fue bien en su comparecencia ante el pleno del Senado de la Rep\u00fablica, y es que llev\u00f3 una especie de \u201cbanderita blanca\u201d para<span class=\"Apple-converted-space\">\u00a0 <\/span>establecer puentes con los legisladores que cuestionaron y exhibieron el panorama que guarda la inseguridad, de ah\u00ed que se\u00f1alara que no hab\u00eda asistido a la sede de la C\u00e1mara Alta, \u201ca echarnos la bolita unos a otros\u201d, de hecho, esta fue la frase m\u00e1s repetida por el secretario.<\/p>\n<p>Toda la jornada Durazo Monta\u00f1o estuvo en tono conciliador, incluso cuando insisti\u00f3 en que no iba a calificar la falta de resultados de la administraci\u00f3n anterior, es decir, del 2012 al 2018, \u201cporque finalmente no vengo aqu\u00ed a poner a nadie en la balanza\u201d.<span class=\"Apple-converted-space\">\u00a0<\/span><\/p>\n<p>En otra parte de su exposici\u00f3n, el secretario subray\u00f3: \u201cno me vengo a regodear en la sangre derramada en los pasados sexenios. Estoy seguro que trataron de hacerlo lo mejor posible (dichas administraciones pasadas), pero no lograron hacerlo\u201d; manifest\u00f3 su desacuerdo con la estrategia que siguieron esas gestiones anteriores que a su juicio, redund\u00f3 en un excesivo uso de la fuerza polic\u00edaca y militar.<span class=\"Apple-converted-space\">\u00a0<\/span><\/p>\n<p>Y a no enfrentarse mucho ayud\u00f3 que a su llegada al Senado de la Rep\u00fablica, el titular de la Secretar\u00eda de Seguridad Ciudadana, encontr\u00f3 muchas caras conocidas, pues es bien conocido el paso de Durazo por el foxismo, que por cierto no termin\u00f3 nada bien; antes con el PRI, donde dej\u00f3 amigos y ahora como funcionario de la llamada Cuarta Transformaci\u00f3n.<span class=\"Apple-converted-space\">\u00a0<\/span><\/p>\n<p>Un gran saludo fraternal le dio al senador <b>Jorge Carlos Ram\u00edrez Mar\u00edn<\/b>; agradeci\u00f3 el apoyo de la bancada del PT as\u00ed como las deferencias que le tuvo el senador independiente, <b>Emilio Alvarez Icaza Longoria<\/b> y que la senadora pri\u00edsta <b>Beatriz Paredes Rangel<\/b> le dijera a la hora de plantear las preguntas del grupo parlamentario del Revolucionario Institucional con la voz un poco quebrada: \u201ca usted y a m\u00ed nos une un crimen\u201d y por eso, la tlaxcalteca confi\u00f3 en que Durazo revertir\u00e1 el duro panorama de la inseguridad en M\u00e9xico y que la senadora Ver\u00f3nica Delgadillo resumi\u00f3 en una frase: que actualmente, \u201cel miedo se adue\u00f1a de nuestro pa\u00eds\u201d.<span class=\"Apple-converted-space\">\u00a0<\/span><\/p>\n<p>Sin duda, el titular de la SSPC, estuvo ante legisladores con una visi\u00f3n mucho m\u00e1s realista que la de su jefe, el presidente <b>Andr\u00e9s Manuel L\u00f3pez Obrador<\/b>, quien en d\u00edas pasados y ante una insistente pregunta que ped\u00eda se dieran plazos y no solo buenos deseos, respondi\u00f3 que en seis meses, la situaci\u00f3n de la violencia se ver\u00eda mejorada, eso s\u00ed, siempre y cuando entrara en acci\u00f3n la Guardia Nacional, lo que result\u00f3 a los ojos de diversos analistas, demasiado optimismo por parte del tabasque\u00f1o.<\/p>\n<p>En cambio, Durazo Monta\u00f1o se\u00f1al\u00f3 que en un plazo de tres a\u00f1os, se espera que el gobierno federal alcance niveles razonables de tranquilidad para, en la segunda parte del sexenio de la llamada Cuarta Transformaci\u00f3n, entregar un pa\u00eds en paz y con tranquilidad. \u00bfSer\u00e1?<\/p>\n<p>Hizo una acotaci\u00f3n el funcionario en otra parte de la jornada con respecto a lo dicho hace unos d\u00edas por el presidente L\u00f3pez Obrador al indicar que, \u201cen seis meses aspiramos a lograr un punto de inflexi\u00f3n en la pendiente creciente de la incidencia criminal y por supuesto en un a\u00f1o, aqu\u00ed nos veremos para rendir cuentas y tengan<span class=\"Apple-converted-space\">\u00a0 <\/span>la certeza de que esas cuentas ser\u00e1n favorables\u201d<span class=\"Apple-converted-space\">\u00a0<\/span><\/p>\n<p>No obstante, ahora habr\u00e1 que ver si al presidente no se le ocurre enmendarle la plana a su secretario, como ya se le ha hecho costumbre, con tal de imponer su muy personal visi\u00f3n de que \u201cvamos bien\u201d.<span class=\"Apple-converted-space\">\u00a0<\/span><\/p>\n<p>Lo que no se puede perder de vista, es que en los pr\u00f3ximos d\u00edas se habr\u00e1n de analizar las leyes secundarias de la Guardia Nacional. Durazo hizo votos para que se pueda conseguir la misma unanimidad que se logr\u00f3 cuando se aprob\u00f3 la GN.<\/p>\n<p style=\"text-align: center;\"><b>Municiones<\/b><\/p>\n<p>*** Luego de una muy prolongada sesi\u00f3n en la C\u00e1mara de Diputados, se aprob\u00f3 la reforma<span class=\"Apple-converted-space\">\u00a0 <\/span>educativa impulsada por el morenismo y para lograrlo, el coordinador de esta bancada, <b>Mario Mart\u00edn Delgado<\/b>, logr\u00f3 el apoyo de las fracciones parlamentarias PRI, PRD, MC, PVEM y PT, cuyos coordinadores, <b>Ren\u00e9 Ju\u00e1rez, Ver\u00f3nica Ju\u00e1rez, Tonatiuh Bravo, Arturo Escobar<\/b> y <b>Reginaldo Sandoval Flores<\/b>, afirmaron en conferencia de prensa que la reforma aprobada, garantiza el derecho de ni\u00f1as, ni\u00f1os y adolescentes a la educaci\u00f3n.<span class=\"Apple-converted-space\">\u00a0<\/span><\/p>\n<p>De inmediato, en los corrillos del Palacio Legislativo de San L\u00e1zaro rod\u00f3 la pregunta de qu\u00e9 habr\u00edan podido negociar los de Morena con la bancada del PRI. \u00bfSer\u00e1? Por cierto, el coordinador panista, <b>Juan Carlos Romero Hicks<\/b>, no estuvo porque con anticipaci\u00f3n, la bancada del PAN anunci\u00f3 que votar\u00eda en contra<\/p>\n<p>*** Siguiendo con este tema, el presidente descart\u00f3 que los sindicatos vayan a tener el control de las plazas, al tiempo que celebr\u00f3 que se haya avanzado, \u201cno va a haber charrismo sindical ni entrega de dinero a dirigentes\u201d.<span class=\"Apple-converted-space\">\u00a0<\/span><\/p>\n<p>Sobre la reforma educativa anterior, la del 2013, el tabasque\u00f1o dijo que no est\u00e1 de m\u00e1s recordar que esa reforma es parte de la agenda que se defini\u00f3 en el extranjero y se impuso durante el per\u00edodo neoliberal. Esto \u00faltimo, para variar.<\/p>\n<p>*** \u201cCuando no le llueve, le llovizna\u201d al gobernador consentido de AMLO, <b>Cuitl\u00e1huac Garc\u00eda<\/b>.<span class=\"Apple-converted-space\">\u00a0<\/span><\/p>\n<p>Resulta que luego de la matanza de Minatitl\u00e1n, hace dos d\u00edas por la noche asesinaron a la alcaldesa de Mixtla de Altamirano, Veracruz, <b>Maricela Vallejo<\/b>, que iba acompa\u00f1ada por su esposo y su chofer y ayer, en el municipio de Hueyapan de Ocampo, hubo un enfrentamiento entre polic\u00edas y un comando armando que dej\u00f3 un saldo de dos personas muertas.<span class=\"Apple-converted-space\">\u00a0<\/span><\/p>\n<p>Lo curioso (por decir lo menos), es que el mandatario estatal se encontraba recorriendo el municipio, as\u00ed que \u00bfahora qu\u00e9 va a decir en su defensa?, pues nada, por eso, el fin de semana su salvador y jefe, estar\u00e1 en la entidad, para defenderlo y amenazar a cualquiera que ose meterse con su g\u00f3ber consentido. \u00a1Qu\u00e9 tal!<span class=\"Apple-converted-space\">\u00a0<\/span><\/p>\n<p>*** La dirigente del PRD en la Ciudad de M\u00e9xico, <b>Nora \u00c1rias Contreras,<\/b> conden\u00f3 la negligencia del Sistema de Transporte Colectivo (STC) Metro por la muerte de una mujer que no fue atendida oportuna ni adecuadamente en sus instalaciones. Por ello, conmin\u00f3 a las autoridades responsables a generar protocolos de seguridad integrales para hacer frente a ese tipo de eventualidades que ponen en riesgo la vida de los usuarios.<span class=\"Apple-converted-space\">\u00a0<\/span><\/p>\n<p>La ex presidenta de la Comisi\u00f3n de Salud de la Asamblea Legislativa, exigi\u00f3 que se act\u00fae con responsabilidad, en lugar de culpar de su ineficiencia a administraciones anteriores. \u00c1rias Contreras record\u00f3 que este hecho se suma a la cadena de sucesos como las fallas en las escaleras el\u00e9ctricas y el sistem\u00e1tico acoso a las mujeres.<span class=\"Apple-converted-space\">\u00a0<\/span><\/p>\n<p><a href=\"mailto:morcora@gmail.com\" target=\"_blank\" rel=\"noopener noreferrer\"><em>morcora@gmail.com<\/em><\/a><\/p>\n","protected":false},"excerpt":{"rendered":"<p><span style=\"color: #005497;\"><strong>Adriana Moreno Cordero<\/strong><\/span><\/p>\n","protected":false},"author":1,"featured_media":0,"comment_status":"open","ping_status":"open","sticky":false,"template":"","format":"standard","meta":{"_monsterinsights_skip_tracking":false,"_monsterinsights_sitenote_active":false,"_monsterinsights_sitenote_note":"","_monsterinsights_sitenote_category":0,"footnotes":""},"categories":[69370],"tags":[69369,69368,43674],"class_list":["post-425129","post","type-post","status-publish","format-standard","hentry","category-adriana-moreno-cordero","tag-adriana-moreno-cordero","tag-la-retaguardia","tag-opinion"],"_links":{"self":[{"href":"https:\/\/www.diarioimagen.net\/index.php?rest_route=\/wp\/v2\/posts\/425129","targetHints":{"allow":["GET"]}}],"collection":[{"href":"https:\/\/www.diarioimagen.net\/index.php?rest_route=\/wp\/v2\/posts"}],"about":[{"href":"https:\/\/www.diarioimagen.net\/index.php?rest_route=\/wp\/v2\/types\/post"}],"author":[{"embeddable":true,"href":"https:\/\/www.diarioimagen.net\/index.php?rest_route=\/wp\/v2\/users\/1"}],"replies":[{"embeddable":true,"href":"https:\/\/www.diarioimagen.net\/index.php?rest_route=%2Fwp%2Fv2%2Fcomments&post=425129"}],"version-history":[{"count":0,"href":"https:\/\/www.diarioimagen.net\/index.php?rest_route=\/wp\/v2\/posts\/425129\/revisions"}],"wp:attachment":[{"href":"https:\/\/www.diarioimagen.net\/index.php?rest_route=%2Fwp%2Fv2%2Fmedia&parent=425129"}],"wp:term":[{"taxonomy":"category","embeddable":true,"href":"https:\/\/www.diarioimagen.net\/index.php?rest_route=%2Fwp%2Fv2%2Fcategories&post=425129"},{"taxonomy":"post_tag","embeddable":true,"href":"https:\/\/www.diarioimagen.net\/index.php?rest_route=%2Fwp%2Fv2%2Ftags&post=425129"}],"curies":[{"name":"wp","href":"https:\/\/api.w.org\/{rel}","templated":true}]}}