{"id":425132,"date":"2019-04-26T00:06:52","date_gmt":"2019-04-26T05:06:52","guid":{"rendered":"https:\/\/www.diarioimagen.net\/?p=425132"},"modified":"2019-04-26T00:07:16","modified_gmt":"2019-04-26T05:07:16","slug":"cabildo-de-tlalnepantla-escucha-a-ciudadania-del-oriente-del-municipio","status":"publish","type":"post","link":"https:\/\/www.diarioimagen.net\/?p=425132","title":{"rendered":"Cabildo de Tlalnepantla escucha a\u00a0 ciudadan\u00eda\u00a0del oriente del municipio"},"content":{"rendered":"<ul>\n<li><em><b>Transporte p\u00fablico, la demanda m\u00e1s sentida<\/b><\/em><\/li>\n<\/ul>\n<p>&nbsp;<\/p>\n<div id=\"attachment_425137\" style=\"width: 470px\" class=\"wp-caption aligncenter\"><a href=\"https:\/\/www.diarioimagen.net\/?attachment_id=425137\" rel=\"attachment wp-att-425137\"><img loading=\"lazy\" decoding=\"async\" aria-describedby=\"caption-attachment-425137\" class=\"size-large wp-image-425137\" src=\"https:\/\/www.diarioimagen.net\/wp-content\/uploads\/2019\/04\/TLALNEPANTLA-26-BIS-460x175.jpg\" alt=\"\" width=\"460\" height=\"175\" srcset=\"https:\/\/www.diarioimagen.net\/wp-content\/uploads\/2019\/04\/TLALNEPANTLA-26-BIS-460x175.jpg 460w, https:\/\/www.diarioimagen.net\/wp-content\/uploads\/2019\/04\/TLALNEPANTLA-26-BIS-240x92.jpg 240w, https:\/\/www.diarioimagen.net\/wp-content\/uploads\/2019\/04\/TLALNEPANTLA-26-BIS.jpg 700w\" sizes=\"auto, (max-width: 460px) 100vw, 460px\" \/><\/a><p id=\"caption-attachment-425137\" class=\"wp-caption-text\">El presidente municipal, Raciel P\u00e9rez Cruz, reconoci\u00f3 que la movilidad es uno de los temas prioritarios de la agenda p\u00fablica.<\/p><\/div>\n<p>&nbsp;<\/p>\n<p><strong>Tlalnepantla, Estado de M\u00e9xico.-<\/strong> Habitantes de Tlalnepantla oriente expusieron sus propuestas para mejorar la movilidad de nuestra ciudad, ante los integrantes del ayuntamiento, durante la segunda sesi\u00f3n de cabildo abierto, realizada en el Centro Administrativo Cristina Pacheco, ubicado en la colonia San Juan Ixhuatepec.<\/p>\n<p>El presidente municipal, Raciel P\u00e9rez Cruz, reconoci\u00f3 que la movilidad es uno de los temas prioritarios de la agenda p\u00fablica, ya que los ciudadanos invierten mucho tiempo para trasladarse debido a que en el Valle de M\u00e9xico el transporte p\u00fablico es inseguro e ineficiente.<\/p>\n<p>\u201cEstoy convencido que al final de este Cabildo tendremos muy en claro que el problema de la movilidad es impostergable y es un tema multifactorial, por eso estamos aqu\u00ed para escucharlos, por eso es importante tener un di\u00e1logo con quienes todos los d\u00edas circulan por las avenidas y las calles de nuestra ciudad\u201d, puntualiz\u00f3 el edil.<\/p>\n<p>Entre las propuestas hechas por los ciudadanos que participaron en el Cabildo Abierto, se encuentran la regulaci\u00f3n de las paradas del transporte p\u00fablico, ya que las unidades se detienen en doble fila y en cualquier lugar, causan congestionamientos; retirar obst\u00e1culos de banquetas y vialidades; promover el uso de la bicicleta y crear el Tlalneb\u00fas.<\/p>\n","protected":false},"excerpt":{"rendered":"<p>Habitantes de Tlalnepantla oriente expusieron sus propuestas para mejorar la movilidad de nuestra ciudad, ante los integrantes del ayuntamiento, durante la segunda sesi\u00f3n de cabildo abierto, realizada en el Centro Administrativo Cristina Pacheco, ubicado en la colonia San Juan Ixhuatepec.<\/p>\n","protected":false},"author":1,"featured_media":425137,"comment_status":"open","ping_status":"open","sticky":false,"template":"","format":"standard","meta":{"_monsterinsights_skip_tracking":false,"_monsterinsights_sitenote_active":false,"_monsterinsights_sitenote_note":"","_monsterinsights_sitenote_category":0,"footnotes":""},"categories":[35155],"tags":[43675,81517,169],"class_list":["post-425132","post","type-post","status-publish","format-standard","has-post-thumbnail","hentry","category-estado-de-mexico-estado-de-mexico","tag-estado-de-mexico","tag-raciel-perez-cruz","tag-tlalnepantla"],"_links":{"self":[{"href":"https:\/\/www.diarioimagen.net\/index.php?rest_route=\/wp\/v2\/posts\/425132","targetHints":{"allow":["GET"]}}],"collection":[{"href":"https:\/\/www.diarioimagen.net\/index.php?rest_route=\/wp\/v2\/posts"}],"about":[{"href":"https:\/\/www.diarioimagen.net\/index.php?rest_route=\/wp\/v2\/types\/post"}],"author":[{"embeddable":true,"href":"https:\/\/www.diarioimagen.net\/index.php?rest_route=\/wp\/v2\/users\/1"}],"replies":[{"embeddable":true,"href":"https:\/\/www.diarioimagen.net\/index.php?rest_route=%2Fwp%2Fv2%2Fcomments&post=425132"}],"version-history":[{"count":0,"href":"https:\/\/www.diarioimagen.net\/index.php?rest_route=\/wp\/v2\/posts\/425132\/revisions"}],"wp:featuredmedia":[{"embeddable":true,"href":"https:\/\/www.diarioimagen.net\/index.php?rest_route=\/wp\/v2\/media\/425137"}],"wp:attachment":[{"href":"https:\/\/www.diarioimagen.net\/index.php?rest_route=%2Fwp%2Fv2%2Fmedia&parent=425132"}],"wp:term":[{"taxonomy":"category","embeddable":true,"href":"https:\/\/www.diarioimagen.net\/index.php?rest_route=%2Fwp%2Fv2%2Fcategories&post=425132"},{"taxonomy":"post_tag","embeddable":true,"href":"https:\/\/www.diarioimagen.net\/index.php?rest_route=%2Fwp%2Fv2%2Ftags&post=425132"}],"curies":[{"name":"wp","href":"https:\/\/api.w.org\/{rel}","templated":true}]}}