{"id":425142,"date":"2019-04-26T00:08:41","date_gmt":"2019-04-26T05:08:41","guid":{"rendered":"https:\/\/www.diarioimagen.net\/?p=425142"},"modified":"2019-04-26T00:06:52","modified_gmt":"2019-04-26T05:06:52","slug":"el-30-de-abril-la-primera-jornada-de-asesoria-juridica-gratuita-en-huixquilucan","status":"publish","type":"post","link":"https:\/\/www.diarioimagen.net\/?p=425142","title":{"rendered":"El 30 de abril, la Primera Jornada de Asesor\u00eda Jur\u00eddica Gratuita en Huixquilucan"},"content":{"rendered":"<p><a href=\"https:\/\/www.diarioimagen.net\/?attachment_id=425143\" rel=\"attachment wp-att-425143\"><img loading=\"lazy\" decoding=\"async\" class=\"aligncenter size-large wp-image-425143\" src=\"https:\/\/www.diarioimagen.net\/wp-content\/uploads\/2019\/04\/HUIXQUILUCAN-26-460x259.jpg\" alt=\"\" width=\"460\" height=\"259\" srcset=\"https:\/\/www.diarioimagen.net\/wp-content\/uploads\/2019\/04\/HUIXQUILUCAN-26-460x259.jpg 460w, https:\/\/www.diarioimagen.net\/wp-content\/uploads\/2019\/04\/HUIXQUILUCAN-26-240x135.jpg 240w, https:\/\/www.diarioimagen.net\/wp-content\/uploads\/2019\/04\/HUIXQUILUCAN-26-235x132.jpg 235w, https:\/\/www.diarioimagen.net\/wp-content\/uploads\/2019\/04\/HUIXQUILUCAN-26-202x114.jpg 202w, https:\/\/www.diarioimagen.net\/wp-content\/uploads\/2019\/04\/HUIXQUILUCAN-26-350x196.jpg 350w, https:\/\/www.diarioimagen.net\/wp-content\/uploads\/2019\/04\/HUIXQUILUCAN-26-220x123.jpg 220w, https:\/\/www.diarioimagen.net\/wp-content\/uploads\/2019\/04\/HUIXQUILUCAN-26-237x132.jpg 237w, https:\/\/www.diarioimagen.net\/wp-content\/uploads\/2019\/04\/HUIXQUILUCAN-26.jpg 480w\" sizes=\"auto, (max-width: 460px) 100vw, 460px\" \/><\/a><\/p>\n<p>&nbsp;<\/p>\n<p><b>Huixquilucan, Estado de M\u00e9xico.- <\/b>El gobierno municipal, conjuntamente con el Instituto de la Defensor\u00eda P\u00fablica del Estado de M\u00e9xico, realizar\u00e1 el pr\u00f3ximo martes 30 de abril, la Primera Jornada de Asesor\u00eda Jur\u00eddica Gratuita en la Explanada Municipal, conforme al programa \u201cDefensor P\u00fablico Itinerante\u201d. Tras la firma del convenio entre ambas instituciones el pasado 2 de abril, comenzar\u00e1n \u00e9stas jornadas a efecto de beneficiar a los huixquiluquenses acercando la asesor\u00eda jur\u00eddica gratuita en sus comunidades. En este sentido, Eduardo Cort\u00e9s Hern\u00e1ndez, director Jur\u00eddico del gobierno municipal record\u00f3 que adem\u00e1s de dar seguimiento a las necesidades jur\u00eddicas de la ciudadan\u00eda se les dar\u00e1 asesor\u00eda en las materias civil, familiar, penal y mercantil, entre otras, as\u00ed como la defensa especializada en justicia para adolescentes.<\/p>\n","protected":false},"excerpt":{"rendered":"<p>El gobierno municipal, conjuntamente con el Instituto de la Defensor\u00eda P\u00fablica del Estado de M\u00e9xico, realizar\u00e1 el pr\u00f3ximo martes 30 de abril, la Primera Jornada de Asesor\u00eda Jur\u00eddica Gratuita <\/p>\n","protected":false},"author":1,"featured_media":425143,"comment_status":"open","ping_status":"open","sticky":false,"template":"","format":"standard","meta":{"_monsterinsights_skip_tracking":false,"_monsterinsights_sitenote_active":false,"_monsterinsights_sitenote_note":"","_monsterinsights_sitenote_category":0,"footnotes":""},"categories":[35155],"tags":[43675,1097,84841],"class_list":["post-425142","post","type-post","status-publish","format-standard","has-post-thumbnail","hentry","category-estado-de-mexico-estado-de-mexico","tag-estado-de-mexico","tag-huixquilucan","tag-primera-jornada-de-asesoria-juridica-gratuita"],"_links":{"self":[{"href":"https:\/\/www.diarioimagen.net\/index.php?rest_route=\/wp\/v2\/posts\/425142","targetHints":{"allow":["GET"]}}],"collection":[{"href":"https:\/\/www.diarioimagen.net\/index.php?rest_route=\/wp\/v2\/posts"}],"about":[{"href":"https:\/\/www.diarioimagen.net\/index.php?rest_route=\/wp\/v2\/types\/post"}],"author":[{"embeddable":true,"href":"https:\/\/www.diarioimagen.net\/index.php?rest_route=\/wp\/v2\/users\/1"}],"replies":[{"embeddable":true,"href":"https:\/\/www.diarioimagen.net\/index.php?rest_route=%2Fwp%2Fv2%2Fcomments&post=425142"}],"version-history":[{"count":0,"href":"https:\/\/www.diarioimagen.net\/index.php?rest_route=\/wp\/v2\/posts\/425142\/revisions"}],"wp:featuredmedia":[{"embeddable":true,"href":"https:\/\/www.diarioimagen.net\/index.php?rest_route=\/wp\/v2\/media\/425143"}],"wp:attachment":[{"href":"https:\/\/www.diarioimagen.net\/index.php?rest_route=%2Fwp%2Fv2%2Fmedia&parent=425142"}],"wp:term":[{"taxonomy":"category","embeddable":true,"href":"https:\/\/www.diarioimagen.net\/index.php?rest_route=%2Fwp%2Fv2%2Fcategories&post=425142"},{"taxonomy":"post_tag","embeddable":true,"href":"https:\/\/www.diarioimagen.net\/index.php?rest_route=%2Fwp%2Fv2%2Ftags&post=425142"}],"curies":[{"name":"wp","href":"https:\/\/api.w.org\/{rel}","templated":true}]}}