{"id":425150,"date":"2019-04-26T00:08:13","date_gmt":"2019-04-26T05:08:13","guid":{"rendered":"https:\/\/www.diarioimagen.net\/?p=425150"},"modified":"2019-04-25T23:53:27","modified_gmt":"2019-04-26T04:53:27","slug":"erasmo-catarino-celebra-14-anos-de-trayectoria-con-jugue-a-perder","status":"publish","type":"post","link":"https:\/\/www.diarioimagen.net\/?p=425150","title":{"rendered":"Erasmo Catarino celebra 14 a\u00f1os de trayectoria con \u201cJugu\u00e9 a perder\u201d"},"content":{"rendered":"<ul>\n<li><em><strong>El nuevo sencillo del cantante es una letra profunda, acompa\u00f1ada con mariachi, orgullo mexicano<\/strong><\/em><\/li>\n<li><em><strong>\u00a0Abrir\u00e1 el concierto de Marco Antonio Sol\u00eds \u201cEl Buki\u201d, en Jardines de M\u00e9xico, el pr\u00f3ximo 3 de mayo<\/strong><\/em><\/li>\n<\/ul>\n<h6>Arturo Arellano<\/h6>\n<p>&nbsp;<\/p>\n<div id=\"attachment_425151\" style=\"width: 317px\" class=\"wp-caption aligncenter\"><img loading=\"lazy\" decoding=\"async\" aria-describedby=\"caption-attachment-425151\" class=\"size-large wp-image-425151\" src=\"https:\/\/www.diarioimagen.net\/wp-content\/uploads\/2019\/04\/erasmo-catarino-poortal-307x460.jpg\" alt=\"\" width=\"307\" height=\"460\" srcset=\"https:\/\/www.diarioimagen.net\/wp-content\/uploads\/2019\/04\/erasmo-catarino-poortal-307x460.jpg 307w, https:\/\/www.diarioimagen.net\/wp-content\/uploads\/2019\/04\/erasmo-catarino-poortal-160x240.jpg 160w, https:\/\/www.diarioimagen.net\/wp-content\/uploads\/2019\/04\/erasmo-catarino-poortal.jpg 700w\" sizes=\"auto, (max-width: 307px) 100vw, 307px\" \/><p id=\"caption-attachment-425151\" class=\"wp-caption-text\">En rueda de prensa, Erasmo Catarino se\u00f1al\u00f3 que se encuentra trabajando en un nuevo disco, para el que escribi\u00f3 dos corridos de cr\u00edtica social \u201cLe qued\u00f3 grande el puesto\u201d y \u201cMi pa\u00eds est\u00e1 en guerra. <em>(Foto: Arturo Arellano)<\/em><\/p><\/div>\n<p>&nbsp;<\/p>\n<p>A casi 15 a\u00f1os de haber iniciado su carrera profesional como cantante, Erasmo Catarino se encuentra lanzando un nuevo sencillo que pinta para un rotundo \u00e9xito. \u201cJugu\u00e9 a perder\u201d es un tema profundo, enmarcado por el poder y orgullo mexicano del mariachi, con el que Erasmo Catarino pretende hacerse acompa\u00f1ar en sus pr\u00f3ximas presentaciones en vivo. Cabe mencionar que el pr\u00f3ximo 3 de mayo, se encargar\u00e1 de abrir el concierto de Marco Antonio Sol\u00eds \u201cEl Buki\u201d en Jardines de M\u00e9xico.<\/p>\n<p>En rueda de prensa, Erasmo Catarino se\u00f1al\u00f3 que se encuentra trabajando en un nuevo disco para el que escribi\u00f3 dos corridos de cr\u00edtica social \u201cLe qued\u00f3 grande el puesto\u201d y \u201cMi pa\u00eds est\u00e1 en guerra\u201d, de lo cual apunt\u00f3: \u201cson temas de los que tenemos que hablar, y aunque no se puede hacer mucho, al menos expreso lo que siento. Hasta ahora no he tenido censura, la radio ha sido muy abierta, independientemente de que mis temas no son tan fuertes, son de protesta, pero hablo de las inconformidades del pueblo\u201d. No por ello, dice \u201cVoy a dejar de lado el amor, porque de todo se ha hecho, de amor, desamor y protesta\u201d.<\/p>\n<p>En el tema del sencillo \u201cJugu\u00e9 a perder\u201d, dice, \u201cla experiencia de \u00e9ste es ajena a m\u00ed, en otras ocasiones me ha tocado cantar experiencias m\u00edas, pero esta vez no, esta vez fue inspirado en algunos amigos, me puse en los zapatos de una pareja y escrib\u00ed el tema\u201d y aclara que \u201cel que yo est\u00e9 escribiendo no quiere decir que voy a dejar de cantar a otros autores o covers, ahorita iremos lanzando temas con su respectivo video, hasta alcanzar un disco completo con su Dvd\u201d.<\/p>\n<p>Rumbo a la celebraci\u00f3n de sus 15 a\u00f1os de trayectoria dice: \u201cSer\u00eda maravilloso trabajar con mis compa\u00f1eros de \u2018La Academia\u2019 para la celebraci\u00f3n de los 15 a\u00f1os, pero a\u00fan no hay nada planeado\u201d.<\/p>\n<p>Aclara que sus canciones son para la gente y que nadie le dice qu\u00e9 debe decir o escribir \u201cErasmo Catarino no trae padrino, mi padrino es Dios, lo \u00fanico que digo es que los pol\u00edticos hagan su chamba y que no se metan a mal con la sociedad, d\u00e9jenos trabajar, a los artistas y a ustedes los periodistas, porque hay mucho miedo, es riesgoso estar en la onda grupera. Si voy a un baile y me contratan muchas veces ni se sabe qui\u00e9n llega, lo mismo en una feria, yo llego con el patronato y lo dem\u00e1s no se sabe, pero lo que yo hago es cantar, trabajar para mi gente\u201d. Incluso, nos comparte que \u201cquiz\u00e1 la gente no sabe las actividades que hago fuera del trabajo, pero tengo muchas actividades altruistas\u201d.<\/p>\n<p>Sobre su oportunidad para abrir el concierto de Marco Antonio Sol\u00eds, el guerrerense dijo \u201ces un honor porque el maestro Marco Antonio ya es toda una instituci\u00f3n, ya hab\u00eda venido buscando esa oportunidad desde hace tiempo, apenas se dio y yo voy a dar lo mejor de m\u00ed para su gente porque es una gran oportunidad que no pienso desaprovechar\u201d.<\/p>\n<p>Finalmente, sobre sus ra\u00edces ind\u00edgenas y la euforia que caus\u00f3 Yalitza Aparicio con su nominaci\u00f3n al Oscar como Mejor Actriz por \u201cRoma\u201d, dijo \u201cque siga poniendo en alto a nuestro pa\u00eds y a Oaxaca.<\/p>\n<p>Como ind\u00edgena me siento contento con lo que soy y s\u00e9 que mis amigos oaxaque\u00f1os, michoacanos, guerrerenses que tambi\u00e9n est\u00e1n triunfando en Estados Unidos, de la misma manera est\u00e1n orgullosos de sus ra\u00edces\u201d, concluy\u00f3.<\/p>\n","protected":false},"excerpt":{"rendered":"<p>A casi 15 a\u00f1os de haber iniciado su carrera profesional como cantante, Erasmo Catarino se encuentra lanzando un nuevo sencillo que pinta para un rotundo \u00e9xito. \u201cJugu\u00e9 a perder\u201d es un tema profundo, enmarcado por el poder y orgullo mexicano del mariachi, con el que Erasmo Catarino pretende hacerse acompa\u00f1ar en sus pr\u00f3ximas presentaciones en vivo. <\/p>\n","protected":false},"author":5,"featured_media":425152,"comment_status":"open","ping_status":"open","sticky":false,"template":"","format":"standard","meta":{"_monsterinsights_skip_tracking":false,"_monsterinsights_sitenote_active":false,"_monsterinsights_sitenote_note":"","_monsterinsights_sitenote_category":0,"footnotes":""},"categories":[12],"tags":[68664,71572,43682,84844,84843],"class_list":["post-425150","post","type-post","status-publish","format-standard","has-post-thumbnail","hentry","category-espectaculos","tag-14-anos-de-trayectoria","tag-erasmo-catarino","tag-espectaculos","tag-marco-antonio-solis-el-buki","tag-jugue-a-perder"],"_links":{"self":[{"href":"https:\/\/www.diarioimagen.net\/index.php?rest_route=\/wp\/v2\/posts\/425150","targetHints":{"allow":["GET"]}}],"collection":[{"href":"https:\/\/www.diarioimagen.net\/index.php?rest_route=\/wp\/v2\/posts"}],"about":[{"href":"https:\/\/www.diarioimagen.net\/index.php?rest_route=\/wp\/v2\/types\/post"}],"author":[{"embeddable":true,"href":"https:\/\/www.diarioimagen.net\/index.php?rest_route=\/wp\/v2\/users\/5"}],"replies":[{"embeddable":true,"href":"https:\/\/www.diarioimagen.net\/index.php?rest_route=%2Fwp%2Fv2%2Fcomments&post=425150"}],"version-history":[{"count":0,"href":"https:\/\/www.diarioimagen.net\/index.php?rest_route=\/wp\/v2\/posts\/425150\/revisions"}],"wp:featuredmedia":[{"embeddable":true,"href":"https:\/\/www.diarioimagen.net\/index.php?rest_route=\/wp\/v2\/media\/425152"}],"wp:attachment":[{"href":"https:\/\/www.diarioimagen.net\/index.php?rest_route=%2Fwp%2Fv2%2Fmedia&parent=425150"}],"wp:term":[{"taxonomy":"category","embeddable":true,"href":"https:\/\/www.diarioimagen.net\/index.php?rest_route=%2Fwp%2Fv2%2Fcategories&post=425150"},{"taxonomy":"post_tag","embeddable":true,"href":"https:\/\/www.diarioimagen.net\/index.php?rest_route=%2Fwp%2Fv2%2Ftags&post=425150"}],"curies":[{"name":"wp","href":"https:\/\/api.w.org\/{rel}","templated":true}]}}