{"id":425188,"date":"2019-04-26T00:08:35","date_gmt":"2019-04-26T05:08:35","guid":{"rendered":"https:\/\/www.diarioimagen.net\/?p=425188"},"modified":"2019-04-26T05:02:50","modified_gmt":"2019-04-26T10:02:50","slug":"reprochan-senadores-logica-militar","status":"publish","type":"post","link":"https:\/\/www.diarioimagen.net\/?p=425188","title":{"rendered":"Reprochan senadores l\u00f3gica militar"},"content":{"rendered":"<ul>\n<li><strong><em>Plan anticrimen carece de diagn\u00f3stico serio: \u00c1lvarez Icaza<\/em><\/strong><\/li>\n<\/ul>\n<p>&nbsp;<\/p>\n<div id=\"attachment_425246\" style=\"width: 470px\" class=\"wp-caption aligncenter\"><a href=\"https:\/\/www.diarioimagen.net\/?attachment_id=425246\" rel=\"attachment wp-att-425246\"><img loading=\"lazy\" decoding=\"async\" aria-describedby=\"caption-attachment-425246\" class=\"size-large wp-image-425246\" src=\"https:\/\/www.diarioimagen.net\/wp-content\/uploads\/2019\/04\/CRITICAS26-460x259.jpg\" alt=\"\" width=\"460\" height=\"259\" srcset=\"https:\/\/www.diarioimagen.net\/wp-content\/uploads\/2019\/04\/CRITICAS26-460x259.jpg 460w, https:\/\/www.diarioimagen.net\/wp-content\/uploads\/2019\/04\/CRITICAS26-240x135.jpg 240w, https:\/\/www.diarioimagen.net\/wp-content\/uploads\/2019\/04\/CRITICAS26-235x132.jpg 235w, https:\/\/www.diarioimagen.net\/wp-content\/uploads\/2019\/04\/CRITICAS26-202x114.jpg 202w, https:\/\/www.diarioimagen.net\/wp-content\/uploads\/2019\/04\/CRITICAS26-350x196.jpg 350w, https:\/\/www.diarioimagen.net\/wp-content\/uploads\/2019\/04\/CRITICAS26-220x123.jpg 220w, https:\/\/www.diarioimagen.net\/wp-content\/uploads\/2019\/04\/CRITICAS26-237x132.jpg 237w, https:\/\/www.diarioimagen.net\/wp-content\/uploads\/2019\/04\/CRITICAS26.jpg 480w\" sizes=\"auto, (max-width: 460px) 100vw, 460px\" \/><\/a><p id=\"caption-attachment-425246\" class=\"wp-caption-text\">El senador Emilio \u00c1lvarez reproch\u00f3 a Alfonso Durazo \u2018l\u00f3gica militar\u2019 del gobierno federal y acus\u00f3 que plan anticrimen carece de diagn\u00f3stico serio.<\/p><\/div>\n<p>&nbsp;<\/p>\n<p>El senador Emilio \u00c1lvarez Icaza reproch\u00f3 al secretario de Seguridad y Protecci\u00f3n Ciudadana, Alfonso Durazo Monta\u00f1o, la \u201cl\u00f3gica militarista\u201d de la estrategia anticrimen.<\/p>\n<p>En la segunda ronda de intervenciones de los senadores durante la comparecencia de Durazo Monta\u00f1o, dijo que le sorprende y decepciona lo que tambi\u00e9n calific\u00f3 como un paradigma militarizante.<\/p>\n<p>\u201cLamentablemente, el titular del Ejecutivo se empe\u00f1a insistentemente, pr\u00e1cticamente todos los d\u00edas, en una l\u00f3gica militar. Le confieso secretario que me sorprende y decepciona que sea el presidente L\u00f3pez Obrador el que asigne el mayor rol p\u00fablico al Ej\u00e9rcito en d\u00e9cadas\u201d.<\/p>\n<p>\u201cEs m\u00e1s, inclusive superior a los gobiernos neoliberales, como \u00e9l les llama. A m\u00ed honestamente me sorprende que estemos ante una l\u00f3gica militarista, le digo con absoluto respeto, no esperaba yo estar en este sexenio con esa l\u00f3gica\u201d.<\/p>\n<p>\u00c1lvarez Icaza cuestion\u00f3 que en la Estrategia Nacional de Seguridad remitida al Senado hay varios qu\u00e9s y pocos c\u00f3mos, excepto uno, que es el paradigma militarizante de la seguridad p\u00fablica.<\/p>\n<p>Consider\u00f3 que la estrategia carece de un diagn\u00f3stico serio basado en cifras, datos y con sustento en evidencia emp\u00edrica, m\u00e1s all\u00e1 de afirmaciones.<\/p>\n<p>\u201cFalta diagn\u00f3stico previo y serio, formulado a partir de fuentes gubernamentales, no gubernamentales, pero tambi\u00e9n de informaci\u00f3n t\u00e9cnica de la academia y la sociedad civil.<\/p>\n<p>\u201cPr\u00e1cticamente no incluye indicadores ni mecanismos de evaluaci\u00f3n de resultados, de rendici\u00f3n de cuentas, de transparencia, de participaci\u00f3n ciudadana (&#8230;) que permita evaluar no s\u00f3lo los resultados, sino tambi\u00e9n el impacto\u201d.<\/p>\n<p>El senador dijo que tampoco se observa en la estrategia un enfoque de derechos humanos ni de conceptualizaci\u00f3n de seguridad ciudadana.<\/p>\n<p>\u201cLe invito Secretario a que me diga cu\u00e1ntas veces est\u00e1 mencionado seguridad ciudadana como concepto en la estrategia\u201d, le pregunt\u00f3.<\/p>\n<p style=\"text-align: center;\"><strong>Ingenuo pensar que GN es la soluci\u00f3n a todos los problemas: CNDH<\/strong><\/p>\n<p>Durante el Congreso Nacional de la Federaci\u00f3n Mexicana de Organismos P\u00fablicos de Derechos Humanos (FMOPDH), realizado en Zacatecas, Luis Ra\u00fal Gonz\u00e1lez P\u00e9rez, presidente de la Comisi\u00f3n Nacional de Derechos Humanos (CNDH), asever\u00f3 que \u201cla Guardia Nacional no representa por s\u00ed misma la soluci\u00f3n a todos los problemas de inseguridad y violencia, por lo que suponer que su entrada en operaci\u00f3n cambiar\u00e1 la situaci\u00f3n imperante en el pa\u00eds es, cuando menos, ingenuo\u201d, asever\u00f3<\/p>\n","protected":false},"excerpt":{"rendered":"<p>El senador Emilio \u00c1lvarez Icaza reproch\u00f3 al secretario de Seguridad y Protecci\u00f3n Ciudadana, Alfonso Durazo Monta\u00f1o, la \u201cl\u00f3gica militarista\u201d de la estrategia anticrimen.<\/p>\n","protected":false},"author":3,"featured_media":425246,"comment_status":"open","ping_status":"open","sticky":false,"template":"","format":"standard","meta":{"_monsterinsights_skip_tracking":false,"_monsterinsights_sitenote_active":false,"_monsterinsights_sitenote_note":"","_monsterinsights_sitenote_category":0,"footnotes":""},"categories":[3,80806],"tags":[77036,84852,43673,84853,84854],"class_list":["post-425188","post","type-post","status-publish","format-standard","has-post-thumbnail","hentry","category-nacional","category-legislativo","tag-alfonso-durazo-montano","tag-logica-militar","tag-nacional","tag-reprochan","tag-seguridad-y-proteccion-ciudadana"],"_links":{"self":[{"href":"https:\/\/www.diarioimagen.net\/index.php?rest_route=\/wp\/v2\/posts\/425188","targetHints":{"allow":["GET"]}}],"collection":[{"href":"https:\/\/www.diarioimagen.net\/index.php?rest_route=\/wp\/v2\/posts"}],"about":[{"href":"https:\/\/www.diarioimagen.net\/index.php?rest_route=\/wp\/v2\/types\/post"}],"author":[{"embeddable":true,"href":"https:\/\/www.diarioimagen.net\/index.php?rest_route=\/wp\/v2\/users\/3"}],"replies":[{"embeddable":true,"href":"https:\/\/www.diarioimagen.net\/index.php?rest_route=%2Fwp%2Fv2%2Fcomments&post=425188"}],"version-history":[{"count":0,"href":"https:\/\/www.diarioimagen.net\/index.php?rest_route=\/wp\/v2\/posts\/425188\/revisions"}],"wp:featuredmedia":[{"embeddable":true,"href":"https:\/\/www.diarioimagen.net\/index.php?rest_route=\/wp\/v2\/media\/425246"}],"wp:attachment":[{"href":"https:\/\/www.diarioimagen.net\/index.php?rest_route=%2Fwp%2Fv2%2Fmedia&parent=425188"}],"wp:term":[{"taxonomy":"category","embeddable":true,"href":"https:\/\/www.diarioimagen.net\/index.php?rest_route=%2Fwp%2Fv2%2Fcategories&post=425188"},{"taxonomy":"post_tag","embeddable":true,"href":"https:\/\/www.diarioimagen.net\/index.php?rest_route=%2Fwp%2Fv2%2Ftags&post=425188"}],"curies":[{"name":"wp","href":"https:\/\/api.w.org\/{rel}","templated":true}]}}