{"id":425217,"date":"2019-04-26T00:03:59","date_gmt":"2019-04-26T05:03:59","guid":{"rendered":"https:\/\/www.diarioimagen.net\/?p=425217"},"modified":"2019-04-26T02:34:27","modified_gmt":"2019-04-26T07:34:27","slug":"golpe-de-estado-tecnico","status":"publish","type":"post","link":"https:\/\/www.diarioimagen.net\/?p=425217","title":{"rendered":"Golpe de Estado t\u00e9cnico"},"content":{"rendered":"<h2>De pe a pa<\/h2>\n<h5>Alberto Vieyra G.<\/h5>\n<p>&nbsp;<\/p>\n<p>\u00bfPuede una reforma constitucional, como la reforma educativa invalidarse mediante un decreto presidencial, con una firma o con un memor\u00e1ndum? NO.<\/p>\n<p>El presidente Andr\u00e9s Manuel L\u00f3pez Obrador dej\u00f3 perplejos a juristas, legisladores de todas las lacras sociales llamados partidos pol\u00edticos y hasta los beb\u00e9s de pecho, con su anuncio de\u00a0 en el sentido de que si la CNTE y el magisterio nacional en general se niegan a dialogar para llegar a \u201cacuerdos\u201d que deroguen completamente la reforma educativa pe\u00f1ista, entonces, envi\u00f3 a los titulares de la SEP y de Gobernaci\u00f3n sendos memor\u00e1ndums para dejar sin efecto la mal llamada reforma\u00a0 educativa pe\u00f1ista. \u00a1Qu\u00e9 absurdo y qu\u00e9 ignorancia manifiesta de un gobernante en materia constitucional!<\/p>\n<p>El se\u00f1or presidente debe entender que ese tipo de acciones son propias de los reg\u00edmenes dictatoriales, que de un plumazo pueden ordenar de manera tir\u00e1nica la suspensi\u00f3n de garant\u00edas constitucionales por sus puras pistolas.<\/p>\n<p>Recordar\u00e9 que la \u00faltima suspensi\u00f3n de garant\u00edas constitucionales ocurri\u00f3 en el a\u00f1o de 1942, cuando el presidente Manuel \u00c1vila Camacho pidi\u00f3 al Congreso de la Uni\u00f3n dicha suspensi\u00f3n, toda vez que la paz p\u00fablica de la naci\u00f3n azteca se ve\u00eda amenazada por la Segunda Guerra Mundial, a la que concurri\u00f3 nuestro pa\u00eds con el hist\u00f3rico Escuadr\u00f3n 201, que, por cierto, los principales libros de historia no dan cuenta de sus actiheroicas vidades en el oc\u00e9ano Atl\u00e1ntico o en Europa.<\/p>\n<p>No, la Constituci\u00f3n, no es un libro cualquiera. En \u00e9l se consagran todos los derechos y obligaciones de los mexicanos y hasta de los extranjeros residentes en nuestro territorio o de paso en \u00e9l.<\/p>\n<p>Si el se\u00f1or presidente quiso abrogar la reforma educativa pe\u00f1ista mediante un decreto, firma o memor\u00e1ndum, violar\u00eda la Constituci\u00f3n que jur\u00f3 cumplir y hacer cumplir y cualquier ciudadano mexicano que interponga una demanda de amparo ante la Suprema Corte de Justicia de la Naci\u00f3n se la ganar\u00eda con la mano en la cintura y con ese solo hecho, el se\u00f1or presidente pudo ser acusado de abuso de poder y otras agravantes, pero adem\u00e1s, si el llamado dios de Macuspana fuese capaz de disparar ese decreto o memor\u00e1ndum, estar\u00eda suplantando legalmente al Poder Legislativo, lo cual equivale a UN GOLPE DE ESTADO T\u00c9CNICO, que fue evitado por la C\u00e1mara de Diputados.<\/p>\n<p>\u00bfPero qu\u00e9 no habr\u00e1 nadie que asesore al presidente y le hable de sus hierros o que para no meterse en problemas el propio inquilino de Palacio Nacional consulte a \u201clos sabios del Derecho\u201d que con \u00e9l trabajan como bur\u00f3cratas?<\/p>\n<p>Qu\u00e9 necesidad de desgastarse pol\u00edticamente por errores que lo exhiben como autoritario y como un gobernante que desconoce las leyes.<\/p>\n<p>La ocurrencia del Presidente de la Rep\u00fablica se prest\u00f3 a mofas de propios y extra\u00f1os.<\/p>\n<p>Y las cr\u00edticas de las c\u00fapulas empresariales, de sus opositores pol\u00edticos y de los mexicanos de a pie no se hicieron esperar y ya se vio que la ignorancia y autoritarismo del se\u00f1or L\u00f3pez Obrador, son dos ingredientes fundamentales que podr\u00edan y muy pronto acabar con su capital pol\u00edtico.<\/p>\n<p>Bien dir\u00eda el fil\u00f3sofo chino, Confucio aqu\u00e9l, que sembr\u00f3 la confusi\u00f3n que: \u201cLa ignorancia es la oscuridad de la mente: pero una noche sin luna y sin estrellas\u201d<\/p>\n<p><em><a href=\"mailto:info@agenciamn.com\" target=\"_blank\" rel=\"noopener noreferrer\">info@agenciamn.com<\/a><\/em><\/p>\n","protected":false},"excerpt":{"rendered":"<p><span style=\"color: #005497;\"><strong>Alberto Vieyra G.<\/strong><\/span><\/p>\n","protected":false},"author":3,"featured_media":0,"comment_status":"open","ping_status":"open","sticky":false,"template":"","format":"standard","meta":{"_monsterinsights_skip_tracking":false,"_monsterinsights_sitenote_active":false,"_monsterinsights_sitenote_note":"","_monsterinsights_sitenote_category":0,"footnotes":""},"categories":[4596],"tags":[43697,4597,43674],"class_list":["post-425217","post","type-post","status-publish","format-standard","hentry","category-alberto-vieyra-g","tag-alberto-vieyra-g","tag-de-pe-a-pa","tag-opinion"],"_links":{"self":[{"href":"https:\/\/www.diarioimagen.net\/index.php?rest_route=\/wp\/v2\/posts\/425217","targetHints":{"allow":["GET"]}}],"collection":[{"href":"https:\/\/www.diarioimagen.net\/index.php?rest_route=\/wp\/v2\/posts"}],"about":[{"href":"https:\/\/www.diarioimagen.net\/index.php?rest_route=\/wp\/v2\/types\/post"}],"author":[{"embeddable":true,"href":"https:\/\/www.diarioimagen.net\/index.php?rest_route=\/wp\/v2\/users\/3"}],"replies":[{"embeddable":true,"href":"https:\/\/www.diarioimagen.net\/index.php?rest_route=%2Fwp%2Fv2%2Fcomments&post=425217"}],"version-history":[{"count":0,"href":"https:\/\/www.diarioimagen.net\/index.php?rest_route=\/wp\/v2\/posts\/425217\/revisions"}],"wp:attachment":[{"href":"https:\/\/www.diarioimagen.net\/index.php?rest_route=%2Fwp%2Fv2%2Fmedia&parent=425217"}],"wp:term":[{"taxonomy":"category","embeddable":true,"href":"https:\/\/www.diarioimagen.net\/index.php?rest_route=%2Fwp%2Fv2%2Fcategories&post=425217"},{"taxonomy":"post_tag","embeddable":true,"href":"https:\/\/www.diarioimagen.net\/index.php?rest_route=%2Fwp%2Fv2%2Ftags&post=425217"}],"curies":[{"name":"wp","href":"https:\/\/api.w.org\/{rel}","templated":true}]}}