{"id":425294,"date":"2019-04-27T00:10:57","date_gmt":"2019-04-27T05:10:57","guid":{"rendered":"https:\/\/www.diarioimagen.net\/?p=425294"},"modified":"2019-04-27T03:54:22","modified_gmt":"2019-04-27T08:54:22","slug":"city-express-la-villa-nueva-apertura-de-city-express-ubicado-sobre-la-calzada-guadalupe-atendera-la-demanda-de-hospedaje-de-turismo-religioso-y-comercial","status":"publish","type":"post","link":"https:\/\/www.diarioimagen.net\/?p=425294","title":{"rendered":"<i>City Express La Villa<\/i>, nueva apertura de <i>City Express<\/i> ubicado sobre la calzada Guadalupe atender\u00e1 la demanda de hospedaje de turismo religioso y comercial"},"content":{"rendered":"<h2>De cinco estrellas<\/h2>\n<h5>Victoria Gonz\u00e1lez Prado<\/h5>\n<p>&nbsp;<\/p>\n<ul>\n<li><em><strong>\u00a0La nueva imagen de las aeronaves de <\/strong><\/em><strong>United Airlines<\/strong><em><strong> le dar\u00e1 toque renovado<\/strong><\/em><br \/>\n<em><strong>a su flota. El dise\u00f1o representa un paso en la evoluci\u00f3n de la marca<\/strong><\/em><\/li>\n<li><em><strong>La residencia para adultos mayores, <\/strong><\/em><strong>Ballesol Quer\u00e9taro<\/strong><strong style=\"font-style: italic;\">,<\/strong>\u00a0<em><strong>obtuvo la certificaci\u00f3n ISO 9001:2015, otorgada por <\/strong><\/em><strong>Bureau Veritas Certification<\/strong><\/li>\n<li><em><strong>Karla Vanessa Olivo Garc\u00eda, nueva directora de Ventas del hotel <\/strong><\/em><strong>Las Brisas Acapulco<\/strong><em><strong> desde el pasado 1 de abril<\/strong><\/em><\/li>\n<\/ul>\n<p>&nbsp;<\/p>\n<div id=\"attachment_425295\" style=\"width: 470px\" class=\"wp-caption aligncenter\"><a href=\"https:\/\/www.diarioimagen.net\/?attachment_id=425295\" rel=\"attachment wp-att-425295\"><img loading=\"lazy\" decoding=\"async\" aria-describedby=\"caption-attachment-425295\" class=\"size-large wp-image-425295\" src=\"https:\/\/www.diarioimagen.net\/wp-content\/uploads\/2019\/04\/1-4-460x259.jpg\" alt=\"\" width=\"460\" height=\"259\" srcset=\"https:\/\/www.diarioimagen.net\/wp-content\/uploads\/2019\/04\/1-4-460x259.jpg 460w, https:\/\/www.diarioimagen.net\/wp-content\/uploads\/2019\/04\/1-4-240x135.jpg 240w, https:\/\/www.diarioimagen.net\/wp-content\/uploads\/2019\/04\/1-4-235x132.jpg 235w, https:\/\/www.diarioimagen.net\/wp-content\/uploads\/2019\/04\/1-4-202x114.jpg 202w, https:\/\/www.diarioimagen.net\/wp-content\/uploads\/2019\/04\/1-4-350x196.jpg 350w, https:\/\/www.diarioimagen.net\/wp-content\/uploads\/2019\/04\/1-4-220x123.jpg 220w, https:\/\/www.diarioimagen.net\/wp-content\/uploads\/2019\/04\/1-4-237x132.jpg 237w, https:\/\/www.diarioimagen.net\/wp-content\/uploads\/2019\/04\/1-4.jpg 480w\" sizes=\"auto, (max-width: 460px) 100vw, 460px\" \/><\/a><p id=\"caption-attachment-425295\" class=\"wp-caption-text\">El nuevo hotel en Calzada de Guadalupe.<\/p><\/div>\n<p>&nbsp;<\/p>\n<p><i>City Express La Villa<\/i>, es la nueva apertura 151 de Hoteles <i>City Express<\/i> ubicado sobre la Calzada Guadalupe, la cual lleva a uno santuarios religiosos m\u00e1s importantes de Latinoam\u00e9rica, la bas\u00edlica de Santa Mar\u00eda de Guadalupe. Cuenta con 102 habitaciones para atender la demanda de hospedaje de turismo religioso y comercial de la zona.<\/p>\n<p>El hotel es opci\u00f3n de hospedaje para quienes visitan la zona industrial de Vallejo, Talism\u00e1n y Bondojito; su ubicaci\u00f3n estrat\u00e9gica permite que los hu\u00e9spedes se desplacen a diferentes puntos de la ciudad f\u00e1cilmente.<span class=\"Apple-converted-space\">\u00a0<\/span><\/p>\n<p>Los servicios que ofrece, de calidad internacional, son los mismos que se ofrecen en todos los hoteles de la cadena, entre ellos desayuno en cortes\u00eda, <i>Wifi <\/i>en todas las \u00e1reas del hotel y habitaciones c\u00f3modas y pr\u00e1cticas para el descanso.<\/p>\n<p><b>M\u00f3nica Narro<\/b>, subdirectora de Comunicaci\u00f3n Corporativa de la cadena hotelera dijo: \u201ces la marca con mayor n\u00famero de establecimientos en M\u00e9xico, operamos 91 propiedades, y uno de los principales atributos de la marca es su ubicaci\u00f3n estrat\u00e9gica, como es el caso del nuevo inmueble.<\/p>\n<p>Este nuevo hotel se presenta como excelente opci\u00f3n para los turistas religiosos y de negocios por su cercan\u00eda a la bas\u00edlica de Guadalupe y zonas industriales como Vallejo\u201d.<i> City<\/i> <i>Express La Villa<\/i> opera siguiendo los lineamientos de la cadena para proteger el medioambiente, al hacer m\u00e1s eficiente el uso de los recursos como agua y energ\u00eda, adem\u00e1s cuenta con sistema de reciclaje para minimizar los desechos s\u00f3lidos e implementa tecnolog\u00edas eco-eficientes.<\/p>\n<p>\u2730\u2730\u2730\u2730\u2730 La nueva imagen de las aeronaves de United Airlines le dar\u00e1 toque renovado a su flota. El dise\u00f1o representa un paso en la evoluci\u00f3n de la marca al mismo tiempo que se mantiene fiel a su legado de m\u00e1s de 93 a\u00f1os de servir a clientes de todo el mundo.<span class=\"Apple-converted-space\">\u00a0<\/span><\/p>\n<p><b>Oscar Mu\u00f1oz<\/b>, CEO de <i>United Airlines<\/i>. Se\u00f1ala: \u201ccada una de las mejoras que hemos implementado en nuestros servicios significa un paso adelante en la evoluci\u00f3n de la aerol\u00ednea, lo que contribuye a redefinir y elevar el servicio.<span class=\"Apple-converted-space\">\u00a0<\/span><\/p>\n<p>Este dise\u00f1o modernizado, especialmente en lo que respecta a nuestro ic\u00f3nico globo terr\u00e1queo, realza lo mejor de la imagen y los valores de la aerol\u00ednea y anuncia la direcci\u00f3n hacia la que nos dirigimos con respecto a los servicios que ofrecemos a nuestros a clientes\u201d.<\/p>\n<p>En esta imagen redise\u00f1ada destaca el color que m\u00e1s se vincula con el coraz\u00f3n de la marca: azul. Se usar\u00e1n tres tonalidades de azul para honrar el legado de la compa\u00f1\u00eda y dotar a la marca de energ\u00eda m\u00e1s moderna: <i>Rhapsody Blue,<\/i> <i>United Blue<\/i> y <i>Sky Blue<\/i>. La aerol\u00ednea continuar\u00e1 luciendo el ic\u00f3nico globo terr\u00e1queo en la cola de las aeronaves, que representa la extensa red de rutas internacionales que conecta m\u00e1s de 355 destinos en cerca de 60 pa\u00edses. La cola de las aeronaves lucir\u00e1 imagen con gradientes de tres tonos de azul, mientras que el logo aparecer\u00e1 predominantemente en tono <i>Sky Blue<\/i>.<span class=\"Apple-converted-space\">\u00a0<\/span><\/p>\n<p>Las turbinas y las puntas de las alas se pintar\u00e1n con la tonalidad <i>United Blue<\/i>, mientras que el list\u00f3n que se extiende a lo largo del fuselaje, elemento que los clientes aprecian profundamente de la flota <i>Dreamliner,<\/i> aparecer\u00e1 ahora en todas las aeronaves en color <i>Rhapsody Blue<\/i>. El nombre de <i>United <\/i>tendr\u00e1 mayores dimensiones sobre el cuerpo del avi\u00f3n, mientras que la mitad inferior estar\u00e1 pintada con una tonalidad de gris claro. La misi\u00f3n de la l\u00ednea a\u00e9rea \u201cConectando a las personas. Uniendo al mundo\u201d, se pintar\u00e1 cerca de las puertas de cada aeronave.<\/p>\n<p>El nuevo dise\u00f1o exhibir\u00e1 los colores de la paleta actualizada de la marca, la cual fue presentada el a\u00f1o pasado, y ser\u00e1 un paso m\u00e1s hacia la consolidaci\u00f3n de nueva identidad visual para la marca. El azul contin\u00faa siendo el color principal de la aerol\u00ednea, pero ahora se desplegar\u00e1n diversas tonalidades para dar lugar a colores m\u00e1s profundos que representen lo que los clientes piensan al descubrir un avi\u00f3n sobrevolando los cielos.<span class=\"Apple-converted-space\">\u00a0<\/span><\/p>\n<p>La nueva paleta de colores incluye tonos de violeta, uno de los colores m\u00e1s emblem\u00e1ticos de los asientos de la l\u00ednea <i>United Premium Plus<\/i>, los cuales se a\u00f1adir\u00e1n a la flota entera. Al combinarse, los tonos de violeta y azul generan ambiente relajante que les brinda experiencia de viaje m\u00e1s confortable a los clientes. Al renovar su paleta de colores, la aerol\u00ednea reducir\u00e1 el uso del dorado, color que ha sido parte de la paleta de la marca durante los \u00faltimos 30 a\u00f1os. La nueva paleta tambi\u00e9n revela colores y detalles renovados en los uniformes que se est\u00e1n creando para los m\u00e1s de 70 mil empleados de primera l\u00ednea.<\/p>\n<p>En promedio, la pintura de las aeronaves de la compa\u00f1\u00eca a\u00e9rea se renueva cada siete a\u00f1os. La primera aeronave que contar\u00e1 con este nuevo dise\u00f1o es <i>Boeing 373-800<\/i>. A lo largo del a\u00f1o se pintar\u00e1n diversos modelos de aviones de cuerpo estrecho, aviones de fuselaje ancho y aeronaves regionales.<span class=\"Apple-converted-space\">\u00a0<\/span><\/p>\n<p>\u2730\u2730\u2730\u2730\u2730 La residencia para adultos mayores, <i>Ballesol <\/i>Quer\u00e9taro, obtuvo la certificaci\u00f3n ISO 9001:2015, otorgada por <i>Bureau Veritas Certification<\/i>, l\u00edder mundial en servicios de ensayo, inspecci\u00f3n y certificaci\u00f3n, que ratifica que el Sistema de Gesti\u00f3n de la Organizaci\u00f3n ha sido auditado y se encuentra en conformidad con los requisitos que establece la norma mexicana NMX-CC-9001-IMNC-2015.<\/p>\n<p>Esta importante norma, explic\u00f3 <b>Antonio Gonz\u00e1lez Quir\u00f3s<\/b>, director de operaciones, es aplicable en t\u00e9rminos de satisfacci\u00f3n por los servicios proporcionados al cliente confirma las buenas pr\u00e1cticas de <i>Ballesol <\/i>Quer\u00e9taro, reconoce su madurez, eficacia y ratifica su compromiso con la mejora continua orientada a alcanzar el m\u00e1ximo bienestar de los adultos mayores.<\/p>\n<p>El sistema de gesti\u00f3n implementado en la propiedad incluye registros sobre los siguientes aspectos: calendario de revisiones, historial de actividades, control de medicaci\u00f3n, reporte de reuniones multidisciplinarias, control de dietas, hojas de cuidados, registro diario de enfermeras, m\u00e9dicos, supervisoras, terapeuta ocupacional y fisioterapeuta<\/p>\n<p>En <i>Ballesol <\/i>Quer\u00e9taro los residentes son prioridad por lo que se toman en cuenta las caracter\u00edsticas y necesidades particulares de cada individuo y con la implementaci\u00f3n de este sistema de seguimiento y control, permite tener al d\u00eda su estatus, avances y requerimientos.<span class=\"Apple-converted-space\">\u00a0<\/span><\/p>\n<p>Este sistema de gesti\u00f3n es \u00fanico en residencias de adultos mayores en M\u00e9xico y a trav\u00e9s de \u00e9ste es posible ser m\u00e1s eficientes en el cuidado de los residentes y establecer nuevas metas para mejorar su calidad de vida.<\/p>\n<p>La residencia para adultos mayores es producto de la alianza entre Grupo <i>Ballesol <\/i>y Grupo Presidente, siendo la primera de cinco residencias que ambas empresas planean construir en M\u00e9xico. Con este nuevo proyecto, Grupo Presidente se convirti\u00f3 en la empresa hotelera pionera en incursionar en la operaci\u00f3n de residencias para adultos mayores en el pa\u00eds.<span class=\"Apple-converted-space\">\u00a0<\/span><\/p>\n<p>\u2730\u2730\u2730\u2730\u2730 <b>Karla Vanessa Olivo Garc\u00eda<\/b> es la nueva directora de Ventas del hotel <i>Las Brisas Acapulco<\/i> desde el pasado 1 de abril.<\/p>\n<p>Licenciada en turismo con especialidad en fomento y desarrollo tur\u00edstico por la Universidad Aut\u00f3noma de Guerrero, desde 2002 ha ocupado distintas posiciones en cadenas hoteleras. En 2009 llega a <i>Las Brisas Acapulco<\/i> donde ocupa el puesto de gerente de Reservaciones. En 2012 es nombrada gerente de <i>Tour &amp; Travel<\/i>. Enhorabuena.<\/p>\n<p><em><a href=\"mailto:victoriagprado@gmail.com\" target=\"_blank\" rel=\"noopener noreferrer\">victoriagprado@gmail.com<\/a><\/em><br \/>\n<em>Twitter: <a href=\"https:\/\/twitter.com\/victoriagprado\" target=\"_blank\" rel=\"noopener noreferrer\">@victoriagprado<\/a><\/em><\/p>\n","protected":false},"excerpt":{"rendered":"<p><i>City Express La Villa<\/i>, es la nueva apertura 151 de Hoteles <i>City Express<\/i> ubicado sobre la Calzada Guadalupe, la cual lleva a uno santuarios religiosos m\u00e1s importantes de Latinoam\u00e9rica, la bas\u00edlica de Santa Mar\u00eda de Guadalupe. Cuenta con 102 habitaciones para atender la demanda de hospedaje de turismo religioso y comercial de la zona.<\/p>\n","protected":false},"author":1,"featured_media":425295,"comment_status":"open","ping_status":"open","sticky":false,"template":"","format":"standard","meta":{"_monsterinsights_skip_tracking":false,"_monsterinsights_sitenote_active":false,"_monsterinsights_sitenote_note":"","_monsterinsights_sitenote_category":0,"footnotes":""},"categories":[11],"tags":[107,43681,106],"class_list":["post-425294","post","type-post","status-publish","format-standard","has-post-thumbnail","hentry","category-turismo","tag-de-cinco-estrellas","tag-turismo","tag-victoria-gonzalez-prado"],"_links":{"self":[{"href":"https:\/\/www.diarioimagen.net\/index.php?rest_route=\/wp\/v2\/posts\/425294","targetHints":{"allow":["GET"]}}],"collection":[{"href":"https:\/\/www.diarioimagen.net\/index.php?rest_route=\/wp\/v2\/posts"}],"about":[{"href":"https:\/\/www.diarioimagen.net\/index.php?rest_route=\/wp\/v2\/types\/post"}],"author":[{"embeddable":true,"href":"https:\/\/www.diarioimagen.net\/index.php?rest_route=\/wp\/v2\/users\/1"}],"replies":[{"embeddable":true,"href":"https:\/\/www.diarioimagen.net\/index.php?rest_route=%2Fwp%2Fv2%2Fcomments&post=425294"}],"version-history":[{"count":0,"href":"https:\/\/www.diarioimagen.net\/index.php?rest_route=\/wp\/v2\/posts\/425294\/revisions"}],"wp:featuredmedia":[{"embeddable":true,"href":"https:\/\/www.diarioimagen.net\/index.php?rest_route=\/wp\/v2\/media\/425295"}],"wp:attachment":[{"href":"https:\/\/www.diarioimagen.net\/index.php?rest_route=%2Fwp%2Fv2%2Fmedia&parent=425294"}],"wp:term":[{"taxonomy":"category","embeddable":true,"href":"https:\/\/www.diarioimagen.net\/index.php?rest_route=%2Fwp%2Fv2%2Fcategories&post=425294"},{"taxonomy":"post_tag","embeddable":true,"href":"https:\/\/www.diarioimagen.net\/index.php?rest_route=%2Fwp%2Fv2%2Ftags&post=425294"}],"curies":[{"name":"wp","href":"https:\/\/api.w.org\/{rel}","templated":true}]}}