{"id":425374,"date":"2019-04-29T00:01:58","date_gmt":"2019-04-29T05:01:58","guid":{"rendered":"https:\/\/www.diarioimagen.net\/?p=425374"},"modified":"2019-04-29T02:44:47","modified_gmt":"2019-04-29T07:44:47","slug":"javier-aranda-pedrero-se-refirio-a-la-promocion-de-vallarta-y-dio-a-conocer-calendario-de-actividades-del-mes-de-mayo","status":"publish","type":"post","link":"https:\/\/www.diarioimagen.net\/?p=425374","title":{"rendered":"Javier Aranda Pedrero se refiri\u00f3 a la promoci\u00f3n de Vallarta y dio a conocer calendario de actividades del mes de mayo"},"content":{"rendered":"<h2>De cinco estrellas<\/h2>\n<h5>Victoria Gonz\u00e1lez Prado<\/h5>\n<p>&nbsp;<\/p>\n<ul>\n<li><em><strong>La Fiesta del Vino en Tlaxcala, los d\u00edas 4 y 5 de mayo, oportunidad para los habitantes de la Ciudad de M\u00e9xico<\/strong><\/em><\/li>\n<\/ul>\n<p>&nbsp;<\/p>\n<div id=\"attachment_425426\" style=\"width: 470px\" class=\"wp-caption aligncenter\"><a href=\"https:\/\/www.diarioimagen.net\/?attachment_id=425426\" rel=\"attachment wp-att-425426\"><img loading=\"lazy\" decoding=\"async\" aria-describedby=\"caption-attachment-425426\" class=\"size-large wp-image-425426\" src=\"https:\/\/www.diarioimagen.net\/wp-content\/uploads\/2019\/04\/turismo-7-460x169.jpg\" alt=\"\" width=\"460\" height=\"169\" srcset=\"https:\/\/www.diarioimagen.net\/wp-content\/uploads\/2019\/04\/turismo-7-460x169.jpg 460w, https:\/\/www.diarioimagen.net\/wp-content\/uploads\/2019\/04\/turismo-7-240x88.jpg 240w, https:\/\/www.diarioimagen.net\/wp-content\/uploads\/2019\/04\/turismo-7.jpg 700w\" sizes=\"auto, (max-width: 460px) 100vw, 460px\" \/><\/a><p id=\"caption-attachment-425426\" class=\"wp-caption-text\">En la conferencia de prensa.<\/p><\/div>\n<p>&nbsp;<\/p>\n<p>El Fideicomiso de Turismo de Puerto Vallarta para la promoci\u00f3n, asciende a 175 millones de pesos, 37 millones m\u00e1s que en 2018, cantidad de la que m\u00e1s de la mitad se destinar\u00e1 al mercado estadounidense, seguido del canadiense, latinoamericano y europeo.<\/p>\n<p>As\u00ed lo asegur\u00f3 <strong>Javier Aranda Pedrero<\/strong>, director del Fideicomiso de Turismo de Puerto Vallarta, luego del anuncio de las actividades del mes de mayo en ese destino de playa.<\/p>\n<p>En ese sentido, asegur\u00f3 que aun con la desaparici\u00f3n del Consejo de Promoci\u00f3n Tur\u00edstica de M\u00e9xico (CPTM), y el nulo presupuesto federal para promocionar los destinos tur\u00edsticos del pa\u00eds, Puerto Vallarta no se detendr\u00e1: \u201cla nueva pol\u00edtica de la presente administraci\u00f3n ha determinado que cada cual se rasque con sus propias u\u00f1as, dejaron de cobijarnos, ten\u00edamos extraordinaria sombrilla sobre nosotros donde actu\u00e1bamos todos, porque generamos una gran cantidad de derrama econ\u00f3mica, de impuestos, y de trabajo\u2026y parece que no es lo suficientemente importante\u201d.<\/p>\n<p>Asimismo, indic\u00f3: \u201cseguimos perdiendo una gran cantidad de imagen internacional desde que desapareci\u00f3 el CPTM, con los socios comerciales mantenemos una comunicaci\u00f3n continua, pero dejamos de ver oportunidades porque no tenemos all\u00e1 ni los ojos ni los o\u00eddos que busquen oportunidades para M\u00e9xico\u201d.<\/p>\n<p><strong>Aranda Pedrero <\/strong>dijo que el nuevo mecanismo de promoci\u00f3n tur\u00edstica anunciado por la Secretar\u00eda de Turismo federal (Sectur), indica que la labor estar\u00e1 a cargo de las embajadas en el exterior, y seguramente repartir\u00e1n folletos, recibir\u00e1n llamadas de interesados en generar una inversi\u00f3n, pero la promoci\u00f3n va m\u00e1s all\u00e1 de eso, se necesita mucho m\u00e1s\u201d.<\/p>\n<p>\u201cEsta bien que los diplomados y el personal de las embajadas reciban capacitaci\u00f3n en conjunto con las secretar\u00edas de Turismo y Relaciones Exteriores, pero las tareas que se requieren son muchas y diversas\u201d y, reiter\u00f3: \u201clos consulados tienen una tarea prioritaria por atender, que no necesariamente es estar viendo y manteniendo contacto con los diferentes actores del sector tur\u00edstico\u201d.<\/p>\n<p>En materia tur\u00edstica \u201ctienes que estar todos los d\u00edas en contacto con tus socios, revisar c\u00f3mo se est\u00e1n moviendo las cosas, si hay oportunidades para nuevos vuelos o desarrollos o interesados en generar nuevos productos en alguno de los estados, es un trabajo de tiempo completo\u201d, a\u00f1adi\u00f3.<\/p>\n<p>Las medidas que hemos tomado en Puerto Vallarta, inician al hacer alianza con\u00a0\u00a0\u00a0 Riviera Nayarit, y juntos promocionarnos en el exterior, adem\u00e1s \u201cse han realizado an\u00e1lisis profundos de los mercados. Trabajamos con agentes de viajes para hablar sobre las medidas de seguridad que se tienen en la regi\u00f3n y cu\u00e1les son los nuevos atractivos, a\u00f1adi\u00f3.<\/p>\n<p>Al referirse a las actividades a realizarse el director del Fideicomiso de Turismo de Puerto Vallarta dijo que la ciudad esta en los mejores momentos al iniciar el a\u00f1o con la llegada de 25 cruceros, cifra que no se hab\u00eda alcanzado desde el 2010 e hist\u00f3ricamente el 30 de enero se recibi\u00f3 cu\u00e1druple arribo, lo que se tradujo en derrama econ\u00f3mica superior a un mill\u00f3n 428 mil d\u00f3lares en tan s\u00f3lo un d\u00eda, reflejo de la preferencia hacia el puerto.<\/p>\n<p>Cabe recordar que este a\u00f1o, Puerto Vallarta celebra 101 a\u00f1os de haber recibido el nombramiento de municipio y 51 a\u00f1os como ciudad y, en el marco de este festejo, se realizaran eventos que atraer\u00e1n turistas nacionales y extranjeros,\u00a0 que disfrutar\u00e1n del excelente clima, servicios de primer nivel que caracterizan a los m\u00e1s de 12 mil 400 cuartos de hotel con los que cuenta la ciudad.<\/p>\n<p>Con el lema <em>\u201cLove Included <\/em>\/ Amor Incluido\u201d se realizar\u00e1 festival del 19 al 26 de mayo, con eventos culturales, art\u00edsticos y gastron\u00f3micos para deleitar a los cerca de 20 mil turistas nacionales e internacionales.<\/p>\n<p>Entre los eventos destacan: <em>Puerto Vallarta Open\u00a0<\/em>que inicia hoy y concluye el 5 de mayo. Campeonato de <em>Beach Soccer<\/em> de Concacaf 2019, del 13 al 19 de mayo. 17 Simposio Internacional de Fuegos Artificiales el 6 de mayo. <em>\u00a0<\/em><\/p>\n<p>El <em>Down Puerto Vallarta<\/em>; s\u00e1bado 18 y domingo 19 de mayo. <em>Restaurant Week, <\/em>festival gastron\u00f3mico, que naci\u00f3 en el 2005, del 15 de mayo al 10 de junio. El 13\u00b0 Festival del Folclor Internacional Vallarta Azteca\u00a0inici\u00f3 ayer domingo 28 y concluir\u00e1 el 5 de mayo. Y, el Abierto Mexicano de Voleibol de Playa\u00a0los d\u00edas 25 y 26 de mayo en playa Camarones.<\/p>\n<p>\u2730\u2730\u2730\u2730\u2730 Carlos Mackinlay, secretario de Turismo capitalino, inform\u00f3 que la derrama econ\u00f3mica que generan los turistas capitalinos hacia los estados se estima en 60 mil millones de pesos al a\u00f1o, y no hay destino tur\u00edstico en el interior del pa\u00eds que \u00e9stos no lo visiten.<\/p>\n<p>Al anunciar la Fiesta del Vino, a celebrarse los d\u00edas 4 y 5 de mayo en el municipio de Totolac, Tlaxcala, el funcionario mencion\u00f3 que este evento reunir\u00e1 a 35 prestigiados vitivinicultores nacionales y extranjeros, quienes ofrecer\u00e1n su producto directamente de sus bodegas.<\/p>\n<p>En el festival habr\u00e1 catas guiadas, degustaci\u00f3n de alimentos tradicionales, espect\u00e1culos culturales, art\u00edsticos y musicales, con motivo de los 500 a\u00f1os del encuentro entre tlaxcaltecas y espa\u00f1oles.<\/p>\n<p>Mackinlay coment\u00f3 que el gobierno de la ciudad revisa la posibilidad de reactivar proyectos para establecer convenios de promoci\u00f3n y beneficio mutuo, especialmente con estados circunvecinos a la capital del pa\u00eds, a fin de continuar lo que hac\u00eda el desaparecido Consejo de Promoci\u00f3n Tur\u00edstica de M\u00e9xico.<\/p>\n<p>La Fiesta del Vino en Tlaxcala tendr\u00e1 lugar en el complejo Molino de los Reyes, hotel boutique, restaurante y spa, ubicado a la orilla de r\u00edo, que ocupa antiguo edificio del siglo XVII, y que antes fue molino de trigo, el cual ha sido adaptado y redise\u00f1ado para convertirse en sitio ideal de este tipo de encuentros.<\/p>\n<p>Se prev\u00e9 que este evento re\u00fana dos mil 500 visitantes que, de acuerdo con los organizadores, llegar\u00e1n de estados y ciudades circunvecinas, especialmente de la Ciudad de M\u00e9xico.<\/p>\n<p><em><a href=\"mailto:victoriagprado@gmail.com\" target=\"_blank\" rel=\"noopener noreferrer\">victoriagprado@gmail.com<\/a><\/em><br \/>\n<em>Twitter: <a href=\"https:\/\/twitter.com\/victoriagprado\" target=\"_blank\" rel=\"noopener noreferrer\">@victoriagprado<\/a><\/em><\/p>\n","protected":false},"excerpt":{"rendered":"<p>El Fideicomiso de Turismo de Puerto Vallarta para la promoci\u00f3n, asciende a 175 millones de pesos, 37 millones m\u00e1s que en 2018, cantidad de la que m\u00e1s de la mitad se destinar\u00e1 al mercado estadounidense, seguido del canadiense, latinoamericano y europeo.<\/p>\n","protected":false},"author":3,"featured_media":425427,"comment_status":"open","ping_status":"open","sticky":false,"template":"","format":"standard","meta":{"_monsterinsights_skip_tracking":false,"_monsterinsights_sitenote_active":false,"_monsterinsights_sitenote_note":"","_monsterinsights_sitenote_category":0,"footnotes":""},"categories":[11],"tags":[107,43674,43681,106],"class_list":["post-425374","post","type-post","status-publish","format-standard","has-post-thumbnail","hentry","category-turismo","tag-de-cinco-estrellas","tag-opinion","tag-turismo","tag-victoria-gonzalez-prado"],"_links":{"self":[{"href":"https:\/\/www.diarioimagen.net\/index.php?rest_route=\/wp\/v2\/posts\/425374","targetHints":{"allow":["GET"]}}],"collection":[{"href":"https:\/\/www.diarioimagen.net\/index.php?rest_route=\/wp\/v2\/posts"}],"about":[{"href":"https:\/\/www.diarioimagen.net\/index.php?rest_route=\/wp\/v2\/types\/post"}],"author":[{"embeddable":true,"href":"https:\/\/www.diarioimagen.net\/index.php?rest_route=\/wp\/v2\/users\/3"}],"replies":[{"embeddable":true,"href":"https:\/\/www.diarioimagen.net\/index.php?rest_route=%2Fwp%2Fv2%2Fcomments&post=425374"}],"version-history":[{"count":0,"href":"https:\/\/www.diarioimagen.net\/index.php?rest_route=\/wp\/v2\/posts\/425374\/revisions"}],"wp:featuredmedia":[{"embeddable":true,"href":"https:\/\/www.diarioimagen.net\/index.php?rest_route=\/wp\/v2\/media\/425427"}],"wp:attachment":[{"href":"https:\/\/www.diarioimagen.net\/index.php?rest_route=%2Fwp%2Fv2%2Fmedia&parent=425374"}],"wp:term":[{"taxonomy":"category","embeddable":true,"href":"https:\/\/www.diarioimagen.net\/index.php?rest_route=%2Fwp%2Fv2%2Fcategories&post=425374"},{"taxonomy":"post_tag","embeddable":true,"href":"https:\/\/www.diarioimagen.net\/index.php?rest_route=%2Fwp%2Fv2%2Ftags&post=425374"}],"curies":[{"name":"wp","href":"https:\/\/api.w.org\/{rel}","templated":true}]}}