{"id":425384,"date":"2019-04-29T00:09:14","date_gmt":"2019-04-29T05:09:14","guid":{"rendered":"https:\/\/www.diarioimagen.net\/?p=425384"},"modified":"2019-04-29T02:52:58","modified_gmt":"2019-04-29T07:52:58","slug":"recorte-de-salarios-permitira-rehabilitar-refinerias-lopez-obrador","status":"publish","type":"post","link":"https:\/\/www.diarioimagen.net\/?p=425384","title":{"rendered":"\u201cRecorte de salarios permitir\u00e1 rehabilitar refiner\u00edas\u201d: L\u00f3pez Obrador"},"content":{"rendered":"<div id=\"attachment_425449\" style=\"width: 470px\" class=\"wp-caption aligncenter\"><a href=\"https:\/\/www.diarioimagen.net\/?attachment_id=425449\" rel=\"attachment wp-att-425449\"><img loading=\"lazy\" decoding=\"async\" aria-describedby=\"caption-attachment-425449\" class=\"size-large wp-image-425449\" src=\"https:\/\/www.diarioimagen.net\/wp-content\/uploads\/2019\/04\/recorte-460x259.jpg\" alt=\"\" width=\"460\" height=\"259\" srcset=\"https:\/\/www.diarioimagen.net\/wp-content\/uploads\/2019\/04\/recorte-460x259.jpg 460w, https:\/\/www.diarioimagen.net\/wp-content\/uploads\/2019\/04\/recorte-240x135.jpg 240w, https:\/\/www.diarioimagen.net\/wp-content\/uploads\/2019\/04\/recorte-235x132.jpg 235w, https:\/\/www.diarioimagen.net\/wp-content\/uploads\/2019\/04\/recorte-202x114.jpg 202w, https:\/\/www.diarioimagen.net\/wp-content\/uploads\/2019\/04\/recorte-350x196.jpg 350w, https:\/\/www.diarioimagen.net\/wp-content\/uploads\/2019\/04\/recorte-220x123.jpg 220w, https:\/\/www.diarioimagen.net\/wp-content\/uploads\/2019\/04\/recorte-237x132.jpg 237w, https:\/\/www.diarioimagen.net\/wp-content\/uploads\/2019\/04\/recorte.jpg 480w\" sizes=\"auto, (max-width: 460px) 100vw, 460px\" \/><\/a><p id=\"caption-attachment-425449\" class=\"wp-caption-text\">El conjunto escarlata empez\u00f3 2-0 abajo en el marcador, consigui\u00f3 igualar ante Pumas, pero no fue suficiente para mantener viva la esperanza de clasificar.<\/p><\/div>\n<p>&nbsp;<\/p>\n<p>El recorte en los salarios \u201cde los de arriba\u201d permitir\u00e1 contar con los recursos necesarios para rehabilitar las refiner\u00edas del pa\u00eds, con lo que M\u00e9xico ser\u00e1 autosuficiente en la producci\u00f3n de gasolinas, asegur\u00f3 el presidente Andr\u00e9s Manuel L\u00f3pez Obrador.<\/p>\n<p>De visita en la refiner\u00eda de Salina Cruz, Oaxaca, el mandatario consider\u00f3 una verg\u00fcenza que se compren 600 mil barriles diarios de dicho combustible y que la corrupci\u00f3n y el saqueo al pa\u00eds deriv\u00f3 a que en 40 a\u00f1os no se construyera una nueva refiner\u00eda en el pa\u00eds.<\/p>\n<p>Seg\u00fan el mandatario, con las acciones contra la corrupci\u00f3n y en favor de la austeridad en el gobierno permitir\u00e1n un ahorro de 50 mil millones de pesos este a\u00f1o e insisti\u00f3 en que los funcionarios p\u00fablicos deben aprender a vivir en la justa median\u00eda, lo cual permitir\u00e1 liberar muchos fondos para el desarrollo.<\/p>\n<p>El Presidente supervis\u00f3 los trabajos de construcci\u00f3n del muelle de usos m\u00faltiples en el puerto de Salina Cruz, Oaxaca y el proyecto del nuevo puerto industrial; y posteriormente constat\u00f3 los avances de la rehabilitaci\u00f3n de la refiner\u00eda \u201cIngeniero Antonio Doval\u00ed Jaime\u201d en el mismo municipio, que forman parte del Programa para el Desarrollo del Istmo de Tehuantepec (PDIT).<\/p>\n<p>Ambos recorridos fueron privados, no obstante el gobierno federal reiter\u00f3 en una ficha t\u00e9cnica que tal proyecto \u201ctiene como objetivo el crecimiento de la econom\u00eda regional con pleno respeto a la historia, la cultura y las tradiciones de las comunidades\u201d.<\/p>\n<p>Se busca recuperar la capacidad de generar din\u00e1mica econ\u00f3mica de la inversi\u00f3n p\u00fablica para crear condiciones que atraigan la inversi\u00f3n privada.<\/p>\n<p>\u201cEl PDIT toma como eje de la din\u00e1mica econ\u00f3mica el concepto de Corredor Multimodal Interoce\u00e1nico para aprovechar la posici\u00f3n geoestrat\u00e9gica del Istmo de Tehuantepec y competir en los mercados mundiales de movilizaci\u00f3n de mercanc\u00edas, a trav\u00e9s del uso combinado de diversos medios de transporte\u201d.<\/p>\n<p>Entre las obras de infraestructura que considera el programa, destaca la modernizaci\u00f3n del ferrocarril del Istmo de Tehuantepec, as\u00ed como de los puertos de Coatzacoalcos en Veracruz y Salina Cruz en Oaxaca; as\u00ed como fortalecer la infraestructura carretera.<\/p>\n<p>Durante la visita al puerto, la Coordinaci\u00f3n General de Puertos y Marina Mercante present\u00f3 al Presidente los proyectos para el desarrollo portuario y la creaci\u00f3n de un nuevo puerto industrial, la modernizaci\u00f3n de la infraestructura, as\u00ed como el equipamiento del puerto actual y del puerto petrolero.<\/p>\n<p>Adem\u00e1s, se le informaron los avances en la reanudaci\u00f3n de la construcci\u00f3n del muelle de usos m\u00faltiples y el proceso constructivo a seguir.<\/p>\n<p>Como parte del compromiso de rehabilitar las seis refiner\u00edas del pa\u00eds y construir una adicional, el gobierno federal busca lograr la autosuficiencia en la demanda de combustibles mediante el rescate de la producci\u00f3n petrolera nacional.<\/p>\n","protected":false},"excerpt":{"rendered":"<p>El recorte en los salarios \u201cde los de arriba\u201d permitir\u00e1 contar con los recursos necesarios para rehabilitar las refiner\u00edas del pa\u00eds, con lo que M\u00e9xico ser\u00e1 autosuficiente en la producci\u00f3n de gasolinas, asegur\u00f3 el presidente Andr\u00e9s Manuel L\u00f3pez Obrador.<\/p>\n","protected":false},"author":3,"featured_media":425449,"comment_status":"open","ping_status":"open","sticky":false,"template":"","format":"standard","meta":{"_monsterinsights_skip_tracking":false,"_monsterinsights_sitenote_active":false,"_monsterinsights_sitenote_note":"","_monsterinsights_sitenote_category":0,"footnotes":""},"categories":[8],"tags":[2545,25372,73617,25713],"class_list":["post-425384","post","type-post","status-publish","format-standard","has-post-thumbnail","hentry","category-finanzas","tag-amlo","tag-recorte","tag-refinerias","tag-salario"],"_links":{"self":[{"href":"https:\/\/www.diarioimagen.net\/index.php?rest_route=\/wp\/v2\/posts\/425384","targetHints":{"allow":["GET"]}}],"collection":[{"href":"https:\/\/www.diarioimagen.net\/index.php?rest_route=\/wp\/v2\/posts"}],"about":[{"href":"https:\/\/www.diarioimagen.net\/index.php?rest_route=\/wp\/v2\/types\/post"}],"author":[{"embeddable":true,"href":"https:\/\/www.diarioimagen.net\/index.php?rest_route=\/wp\/v2\/users\/3"}],"replies":[{"embeddable":true,"href":"https:\/\/www.diarioimagen.net\/index.php?rest_route=%2Fwp%2Fv2%2Fcomments&post=425384"}],"version-history":[{"count":0,"href":"https:\/\/www.diarioimagen.net\/index.php?rest_route=\/wp\/v2\/posts\/425384\/revisions"}],"wp:featuredmedia":[{"embeddable":true,"href":"https:\/\/www.diarioimagen.net\/index.php?rest_route=\/wp\/v2\/media\/425449"}],"wp:attachment":[{"href":"https:\/\/www.diarioimagen.net\/index.php?rest_route=%2Fwp%2Fv2%2Fmedia&parent=425384"}],"wp:term":[{"taxonomy":"category","embeddable":true,"href":"https:\/\/www.diarioimagen.net\/index.php?rest_route=%2Fwp%2Fv2%2Fcategories&post=425384"},{"taxonomy":"post_tag","embeddable":true,"href":"https:\/\/www.diarioimagen.net\/index.php?rest_route=%2Fwp%2Fv2%2Ftags&post=425384"}],"curies":[{"name":"wp","href":"https:\/\/api.w.org\/{rel}","templated":true}]}}