{"id":425386,"date":"2019-04-29T00:11:43","date_gmt":"2019-04-29T05:11:43","guid":{"rendered":"https:\/\/www.diarioimagen.net\/?p=425386"},"modified":"2019-04-29T02:51:11","modified_gmt":"2019-04-29T07:51:11","slug":"ningun-problema-por-activar-guardia-nacional-sin-leyes-reglamentarias-amlo","status":"publish","type":"post","link":"https:\/\/www.diarioimagen.net\/?p=425386","title":{"rendered":"\u201cNing\u00fan problema por activar Guardia Nacional sin leyes reglamentarias\u201d: AMLO"},"content":{"rendered":"<p><a href=\"https:\/\/www.diarioimagen.net\/?attachment_id=425444\" rel=\"attachment wp-att-425444\"><img loading=\"lazy\" decoding=\"async\" class=\"aligncenter size-large wp-image-425444\" src=\"https:\/\/www.diarioimagen.net\/wp-content\/uploads\/2019\/04\/Guarida-3-460x259.jpg\" alt=\"\" width=\"460\" height=\"259\" srcset=\"https:\/\/www.diarioimagen.net\/wp-content\/uploads\/2019\/04\/Guarida-3-460x259.jpg 460w, https:\/\/www.diarioimagen.net\/wp-content\/uploads\/2019\/04\/Guarida-3-240x135.jpg 240w, https:\/\/www.diarioimagen.net\/wp-content\/uploads\/2019\/04\/Guarida-3-235x132.jpg 235w, https:\/\/www.diarioimagen.net\/wp-content\/uploads\/2019\/04\/Guarida-3-202x114.jpg 202w, https:\/\/www.diarioimagen.net\/wp-content\/uploads\/2019\/04\/Guarida-3-350x196.jpg 350w, https:\/\/www.diarioimagen.net\/wp-content\/uploads\/2019\/04\/Guarida-3-220x123.jpg 220w, https:\/\/www.diarioimagen.net\/wp-content\/uploads\/2019\/04\/Guarida-3-237x132.jpg 237w, https:\/\/www.diarioimagen.net\/wp-content\/uploads\/2019\/04\/Guarida-3.jpg 480w\" sizes=\"auto, (max-width: 460px) 100vw, 460px\" \/><\/a><\/p>\n<p>&nbsp;<\/p>\n<p>El presidente Andr\u00e9s Manuel L\u00f3pez Obrador sostuvo que la actuaci\u00f3n de la Guardia Nacional est\u00e1 autorizada en la Constituci\u00f3n, y la instalaci\u00f3n de su primera coordinaci\u00f3n sin las leyes reglamentarias \u201cno afecta en nada los principios constitucionales\u201d.<\/p>\n<p>Con la entrada en operaciones de la Guardia Nacional \u201cdimos respuesta a la demanda de seguridad de los ciudadanos de Minatitl\u00e1n, de Coatzacoalcos y de toda esta regi\u00f3n del estado de Veracruz\u201d, afirm\u00f3.<\/p>\n<p>\u201cPor eso, decidimos iniciar en Minatitl\u00e1n lo de la Guardia Nacional, el establecimiento de la Guardia Nacional. Ya qued\u00f3 instalada la Guardia Nacional en Minatitl\u00e1n\u201d, expres\u00f3 y se\u00f1al\u00f3 que esa respuesta tambi\u00e9n implica buscar y sancionar a los responsables del asesinato de 13 personas que se encontraban en una celebraci\u00f3n.<\/p>\n<p>Luego de un recorrido de supervisi\u00f3n a la refiner\u00eda \u201cL\u00e1zaro C\u00e1rdenas\u201d en Minatitl\u00e1n, el s\u00e1bado, sostuvo que se atender\u00e1 a los familiares de las v\u00edctimas y \u201cla autoridad competente est\u00e1 actuando; el gobernador del estado est\u00e1 cumpliendo con su responsabilidad\u201d.<\/p>\n<p>Subray\u00f3 que la actuaci\u00f3n de la Guardia Nacional est\u00e1 autorizada en la Constituci\u00f3n \u201cy lo que estamos haciendo no afecta en nada los principios constitucionales, sin sus leyes reglamentarias ya ten\u00edamos posibilidad de hacer lo que se llev\u00f3 a cabo el viernes, la primera coordinaci\u00f3n de la Guardia Nacional\u201d. Lament\u00f3 los sucesos ocurridos el pasado \u201cviernes santo\u201d y apunt\u00f3 que la violencia es una problem\u00e1tica que se hered\u00f3 de administraciones pasadas.<\/p>\n<p>Acus\u00f3 que \u201cla prensa fif\u00ed y la prensa que est\u00e1 acostumbrada a vender su libertad quieren aprovechar hasta estas desgracias para culparnos, como si nosotros en estos meses hubi\u00e9semos alentado la creaci\u00f3n de las bandas\u201d.<\/p>\n<p>En ese contexto, expres\u00f3 que los dos sexenios anteriores dejaron m\u00e1s de un mill\u00f3n de v\u00edctimas, \u201cpero eso como que se olvida, hay como amnesia; vamos a poner las cosas en su sitio, tenemos el compromiso de garantizar la paz y la tranquilidad en Veracruz y en todo el pa\u00eds\u201d.<\/p>\n<p>\u201cEs toda una estrategia que tienen para buscar afectarnos, es una m\u00e1xima del periodismo, del hampa del periodismo, seg\u00fan la cual la calumnia cuando no mancha tizna. Entonces apuestan mucho a eso. Nada m\u00e1s que no somos iguales y no vamos a dejar de ejercer nuestro derecho de r\u00e9plica en todos los casos\u201d, agreg\u00f3.<\/p>\n<p>En tanto el gobernador de Veracruz, Cuitl\u00e1huac Garc\u00eda, afirm\u00f3 que ya se brind\u00f3 atenci\u00f3n psicol\u00f3gica a nueve familias de las v\u00edctimas de la matanza en este municipio, y las restantes no han acudido a recibir apoyo por el temor de quedar expuestas y que se den a conocer sus nombres, y en este sentido pidi\u00f3 a los medios de comunicaci\u00f3n abstenerse de publicarlos.<\/p>\n","protected":false},"excerpt":{"rendered":"<p>El presidente Andr\u00e9s Manuel L\u00f3pez Obrador sostuvo que la actuaci\u00f3n de la Guardia Nacional est\u00e1 autorizada en la Constituci\u00f3n, y la instalaci\u00f3n de su primera coordinaci\u00f3n sin las leyes reglamentarias \u201cno afecta en nada los principios constitucionales\u201d.<\/p>\n","protected":false},"author":3,"featured_media":425444,"comment_status":"open","ping_status":"open","sticky":false,"template":"","format":"standard","meta":{"_monsterinsights_skip_tracking":false,"_monsterinsights_sitenote_active":false,"_monsterinsights_sitenote_note":"","_monsterinsights_sitenote_category":0,"footnotes":""},"categories":[3],"tags":[84894,4160,84895,69739],"class_list":["post-425386","post","type-post","status-publish","format-standard","has-post-thumbnail","hentry","category-nacional","tag-activar","tag-guardia-nacional","tag-leyes-reglamentarias","tag-reglamento"],"_links":{"self":[{"href":"https:\/\/www.diarioimagen.net\/index.php?rest_route=\/wp\/v2\/posts\/425386","targetHints":{"allow":["GET"]}}],"collection":[{"href":"https:\/\/www.diarioimagen.net\/index.php?rest_route=\/wp\/v2\/posts"}],"about":[{"href":"https:\/\/www.diarioimagen.net\/index.php?rest_route=\/wp\/v2\/types\/post"}],"author":[{"embeddable":true,"href":"https:\/\/www.diarioimagen.net\/index.php?rest_route=\/wp\/v2\/users\/3"}],"replies":[{"embeddable":true,"href":"https:\/\/www.diarioimagen.net\/index.php?rest_route=%2Fwp%2Fv2%2Fcomments&post=425386"}],"version-history":[{"count":0,"href":"https:\/\/www.diarioimagen.net\/index.php?rest_route=\/wp\/v2\/posts\/425386\/revisions"}],"wp:featuredmedia":[{"embeddable":true,"href":"https:\/\/www.diarioimagen.net\/index.php?rest_route=\/wp\/v2\/media\/425444"}],"wp:attachment":[{"href":"https:\/\/www.diarioimagen.net\/index.php?rest_route=%2Fwp%2Fv2%2Fmedia&parent=425386"}],"wp:term":[{"taxonomy":"category","embeddable":true,"href":"https:\/\/www.diarioimagen.net\/index.php?rest_route=%2Fwp%2Fv2%2Fcategories&post=425386"},{"taxonomy":"post_tag","embeddable":true,"href":"https:\/\/www.diarioimagen.net\/index.php?rest_route=%2Fwp%2Fv2%2Ftags&post=425386"}],"curies":[{"name":"wp","href":"https:\/\/api.w.org\/{rel}","templated":true}]}}