{"id":425466,"date":"2019-04-29T00:02:50","date_gmt":"2019-04-29T05:02:50","guid":{"rendered":"https:\/\/www.diarioimagen.net\/?p=425466"},"modified":"2019-04-29T03:09:50","modified_gmt":"2019-04-29T08:09:50","slug":"zapatero-a-tus-zapatos","status":"publish","type":"post","link":"https:\/\/www.diarioimagen.net\/?p=425466","title":{"rendered":"Zapatero a tus zapatos"},"content":{"rendered":"<h2>\u201cHora 14\u201d<\/h2>\n<h5>Mauricio Conde Olivares<\/h5>\n<p>&nbsp;<\/p>\n<p>Con el prop\u00f3sito de impulsar el fortalecimiento del sector aeroportuario nacional, la Universidad Regional del Norte (URN), en colaboraci\u00f3n con el Centro Internacional de Instrucci\u00f3n de Aeropuertos y Servicios Auxiliares (CIIASA), \u201cIngeniero Roberto Kobeh Gonz\u00e1lez\u201d, impartir\u00e1n, a partir del pr\u00f3ximo 6 de mayo, la licenciatura en \u201cDirecci\u00f3n y Administraci\u00f3n de Aeropuertos y Negocios A\u00e9reos (LAANA)\u201d.<\/p>\n<p>La licenciatura ser\u00e1 impartida por instructores especialistas del sector aeron\u00e1utico y aeroportuario de ambas instituciones, con temas de Operaciones aeron\u00e1uticas, \u00c1reas de Aerodin\u00e1mica, Marco legal de las Operaciones A\u00e9reas, Sistemas de Calidad Aeroportuarios, Planeaci\u00f3n y Dise\u00f1o de Aeropuertos, Mercadotecnia, Finanzas, Administraci\u00f3n de Aeropuertos, entre otras.<\/p>\n<p>Con una duraci\u00f3n de tres a\u00f1os y cuatro meses, divididos en 10 cuatrimestres, esta licenciatura se impartir\u00e1 en la modalidad On line (plataforma 24 horas), con clases en vivo una vez a la semana, as\u00ed como consultas y asesor\u00edas con el personal docente en horarios establecidos, cumpliendo siempre con los est\u00e1ndares que exige la industria nacional e internacional, para la formaci\u00f3n de profesionistas especializados en el sector aeron\u00e1utico.<\/p>\n<p>Las sesiones formativas de la licenciatura tienen como objetivo principal que el estudiante se desarrolle profesionalmente en la amplia gama de actividades necesarias para la operaci\u00f3n de un aeropuerto, adem\u00e1s de participar laboralmente en la direcci\u00f3n de negocios a\u00e9reos en aerol\u00edneas de carga, comerciales y privadas, as\u00ed como de servicios de apoyo en tierra.<\/p>\n<p>La licenciatura en Direcci\u00f3n y Administraci\u00f3n de Aeropuertos y Negocios A\u00e9reos contar\u00e1 con el Acuerdo de Reconocimiento de Validez Oficial de Estudios de tipo superior SECyD-SUP45\/2016.<\/p>\n<p>Para obtener mayores informes, puedes contactar: CIIASA \/ 52 (55) 51331000 ext. 1633 &#8211; 2570 ciiasa_ventas@asa.gob.mx<\/p>\n<p>Aeropuertos y Servicios Auxiliares reafirma el compromiso permanente de trabajo coordinado con prestigiadas instituciones educativas, para la formaci\u00f3n de nuevos profesionales altamente capacitados en beneficio del sector a\u00e9reo nacional e internacional.<\/p>\n<p>Bien, ya le inform\u00e9 los detalles de esta capacitaci\u00f3n para recursos humanos muy especializados en el sector aeron\u00e1utico mexicano, y qu\u00e9 le parecer\u00eda si le expusiera la curr\u00edcula y materias que deben cursar los licenciados en relaciones internacionales.<\/p>\n<p>Usted dir\u00eda, \u00bfy eso qu\u00e9? Pues bien, resulta que los recursos humanos especializados en materia de Relaciones Exteriores son los licenciados precisamente en relaciones internacionales.<\/p>\n<p>Eso conlleva, a\u00f1os y a\u00f1os de conocimiento de las legislaturas que rigen el multilateralismo que ha creado organismos tan trascendentes como las Naciones Unidas, el Fondo Monetario Internacional, el Banco Interamericano de Desarrollo, los tratados comerciales, financieros y hasta en cuestiones medio ambientales, en fin, un sinn\u00famero de conglomerados p\u00fablicos y privados que se rigen m\u00e1s all\u00e1 de cualquier frontera pol\u00edtica o f\u00edsica.<\/p>\n<p>Se imagina, si despu\u00e9s de varios a\u00f1os de especializaci\u00f3n, ahora les dicen a esos recursos humanos que se van a dedicar a la promoci\u00f3n tur\u00edstica, a la mercadotecnia de fomento, a los flujos de temporadas vacacionales vacacionistas conforme las estaciones del a\u00f1o en cada hemisferio del planeta, porque no es lo mismo vacacionar en Paris durante la Semana Santa que en \u00e9pocas de hielo.<\/p>\n<p>Eso es precisamente a lo que ahora se enfrenta el cuerpo diplom\u00e1tico mexicano en cada sede en el exterior para \u201cvender\u201d los destinos tur\u00edsticos de nuestro pa\u00eds, pues la carrera civil que los ha posicionado ahora, tendr\u00e1 el aderezo de que ser\u00e1n promotores de paquetes vacacionales, ya sea de tiempos compartidos o del All Inclusive, entre otros, ante la desaparici\u00f3n del Consejo de Promoci\u00f3n Tur\u00edstica de M\u00e9xico.<\/p>\n<p>As\u00ed que aquello de \u201czapatero a tus zapatos\u201d no regir\u00e1 en la industria de la hospitalidad mexicana, veremos en qu\u00e9 para este desaguisado.<\/p>\n<p>Ahora, le comento que est\u00e1 a punto de cerrar el plazo para que las personas f\u00edsicas presenten sus declaraciones anuales. A los expertos contables les llama la atenci\u00f3n una serie de patrones en el proceso que pudieran confundir al contribuyente, por lo que recomiendan hacerlo con tiempo y si es posible ayudarse de un especialista.<\/p>\n<p>En primer lugar, han notado que no siempre el DeclaSat tiene bien definidas las retenciones cuando se habla de personas f\u00edsicas que prestan servicios por honorarios o servicios profesionales independientes o personas morales.<\/p>\n<p>En estos casos todos tienen la obligaci\u00f3n de retener; en la factura viene la retenci\u00f3n pero en el DeclaraSat no se ve clara, lo que est\u00e1 causando conflictos porque genera saldos a pagar que no se tienen.<\/p>\n<p>Yamile D\u00e1valos Rosillo, gerente de facturaci\u00f3n en Facturador.com, advierte que, si es el caso, se deben revisar cuidadosamente los detalles para asegurarse que la declaraci\u00f3n est\u00e1 bien hecha.<\/p>\n<p>Recomienda entonces tomarse el tiempo de cambiarla, borrar la informaci\u00f3n del prellenado, hacerlo a mano para generar el saldo a pagar o el saldo a favor, porque han visto que se generan saldos a favor si es que se tienen bien las retenciones.<\/p>\n<p>De igual forma sugiere tener cuidado y verificar que est\u00e9 en contabilidad y que los XML est\u00e9n bien hechos. Cuando se trata de las deducciones personales, han notado que no vienen todas o que algunas facturas que dicen con tarjeta, el DeclaraSat las tiene como otros en el m\u00e9todo de pago, y obviamente no permite cubrir el apartado de deducibles.<\/p>\n<p>Con los asalariados algunas veces no todos los detalles est\u00e1n incluidos o hay errores en los recibos \u201cen alg\u00fan momento una empresa pudo haber emitido el recibo con errores y luego lo cancel\u00f3 y emiti\u00f3 el correcto pero el DeclaraSat no tomo en consideraci\u00f3n la correcci\u00f3n resultando que algunas diferencias con las retenciones que generan el saldo a favor o a pagar sea incorrectas para el contribuyente\u201d se\u00f1al\u00f3.<\/p>\n<p>Le parece importante verificarlo porque al final, si est\u00e1 mal enviada es responsabilidad del contribuyente seg\u00fan la ley, y no garantiza que si la informaci\u00f3n est\u00e1 mal prellenada el SAT no haga observaciones en un plazo que puede extenderse hasta por cinco a\u00f1os.<\/p>\n<p>\u201cLa versi\u00f3n de que es muy r\u00e1pido enviarla, de que es muy f\u00e1cil, es cierto si solo les das clic y clic a todo, pero en cambio recomienda analizarla para presentarla de forma correcta y eso se lleva su tiempo y requiere en muchos casos de la asesor\u00eda de un especialista \u201c, concluy\u00f3; empero, lo anterior, ser\u00e1 motivo de posterior an\u00e1lisis en otra entrega de <strong><em>Hora 14<\/em><\/strong>.<\/p>\n<p><em><a href=\"mailto:%20mauricio_conde@msn.com\" target=\"_blank\" rel=\"noopener noreferrer\">mauricioconde59@outlook.com<\/a><\/em><br \/>\n<em><a href=\"https:\/\/twitter.com\/mauconde007\" target=\"_blank\" rel=\"noopener noreferrer\">@mauconde007<\/a> <\/em><br \/>\n<em><a href=\"https:\/\/mauriciocondeblog.wordpress.com\" target=\"_blank\" rel=\"noopener noreferrer\">https:\/\/mauriciocondeblog.wordpress.com<\/a><\/em><\/p>\n","protected":false},"excerpt":{"rendered":"<p><span style=\"color: #005497;\"><strong>Mauricio Conde Olivares<\/strong><\/span><\/p>\n","protected":false},"author":3,"featured_media":0,"comment_status":"open","ping_status":"open","sticky":false,"template":"","format":"standard","meta":{"_monsterinsights_skip_tracking":false,"_monsterinsights_sitenote_active":false,"_monsterinsights_sitenote_note":"","_monsterinsights_sitenote_category":0,"footnotes":""},"categories":[35889],"tags":[43712,43674,44860],"class_list":["post-425466","post","type-post","status-publish","format-standard","hentry","category-mauricio-conde-olivares","tag-mauricio-conde-olivares","tag-opinion","tag-hora-14"],"_links":{"self":[{"href":"https:\/\/www.diarioimagen.net\/index.php?rest_route=\/wp\/v2\/posts\/425466","targetHints":{"allow":["GET"]}}],"collection":[{"href":"https:\/\/www.diarioimagen.net\/index.php?rest_route=\/wp\/v2\/posts"}],"about":[{"href":"https:\/\/www.diarioimagen.net\/index.php?rest_route=\/wp\/v2\/types\/post"}],"author":[{"embeddable":true,"href":"https:\/\/www.diarioimagen.net\/index.php?rest_route=\/wp\/v2\/users\/3"}],"replies":[{"embeddable":true,"href":"https:\/\/www.diarioimagen.net\/index.php?rest_route=%2Fwp%2Fv2%2Fcomments&post=425466"}],"version-history":[{"count":0,"href":"https:\/\/www.diarioimagen.net\/index.php?rest_route=\/wp\/v2\/posts\/425466\/revisions"}],"wp:attachment":[{"href":"https:\/\/www.diarioimagen.net\/index.php?rest_route=%2Fwp%2Fv2%2Fmedia&parent=425466"}],"wp:term":[{"taxonomy":"category","embeddable":true,"href":"https:\/\/www.diarioimagen.net\/index.php?rest_route=%2Fwp%2Fv2%2Fcategories&post=425466"},{"taxonomy":"post_tag","embeddable":true,"href":"https:\/\/www.diarioimagen.net\/index.php?rest_route=%2Fwp%2Fv2%2Ftags&post=425466"}],"curies":[{"name":"wp","href":"https:\/\/api.w.org\/{rel}","templated":true}]}}