{"id":425478,"date":"2019-04-29T00:05:19","date_gmt":"2019-04-29T05:05:19","guid":{"rendered":"https:\/\/www.diarioimagen.net\/?p=425478"},"modified":"2019-04-30T01:38:25","modified_gmt":"2019-04-30T06:38:25","slug":"los-youtubers-nueva-expresion-del-periodismo","status":"publish","type":"post","link":"https:\/\/www.diarioimagen.net\/?p=425478","title":{"rendered":"Los \u201cyoutubers\u201d, nueva expresi\u00f3n del periodismo"},"content":{"rendered":"<h2>Centro..!<\/h2>\n<h5>Arturo R\u00edos Ruiz<\/h5>\n<p>&nbsp;<\/p>\n<ul>\n<li><strong><em>Queramos o no, son una realidad e influyen<\/em><\/strong><\/li>\n<\/ul>\n<p>&nbsp;<\/p>\n<p>Hay fatalistas que auguran el fin de la prensa tradicional, por la competencia de los famosos \u201cyoutubers\u201d, una nueva expresi\u00f3n informativa en comentarios fuera de las reglas tradicionales del periodismo, esa es la novedad y su \u00e9xito, algo nuevo integrado por j\u00f3venes inteligentes que encontraron su nicho en la originalidad. Hay siete de ellos que registran 14 millones de seguidores cada uno.<\/p>\n<p>Quiz\u00e1 por ello, algunos medios como <em>Reforma y Milenio<\/em> ya tienen en sus espacios televisivos a \u201cyoutubers\u201d que participan en el periodismo tradicional, acoplado al avance tecnol\u00f3gico que ha revolucionado la vida cotidiana en todos los sentidos. \u201cBenditas Redes Sociales\u201d, dijera el Presidente.<\/p>\n<p>El equipo del presidente Andr\u00e9s Manuel L\u00f3pez Obrador realiz\u00f3 la mejor estrategia que todos sus oponentes, fue una combinaci\u00f3n del periodismo cotidiano, que poco lo hab\u00eda aceptado, salvo <em>La Jornada<\/em> y otros pocos le manejaban su imagen, el primero bien marcado, en \u00e9ste, con criterio profesional.<\/p>\n<p>Fue f\u00e1cil darse cuenta de una estrategia muy buena, conformada por un ej\u00e9rcito de activistas, am\u00e9n de ser simpatizantes de AMLO; bien coordinados para atacar y repeler las cr\u00edticas; al tabasque\u00f1o con el mismo lenguaje, al principio belicosos y soeces y ante el triunfo, bajaron de tono e intentaron ser m\u00e1s pasivos.<\/p>\n<p>Ya el Presidente logr\u00f3 su empe\u00f1o largamente deseado y est\u00e1 frente a su realidad, tiene enfrente a un M\u00e9xico deshecho y no se cansa de culpar a quienes quedaron atr\u00e1s y ya es tiempo que se d\u00e9 cuenta que lo que le dejaron, tambi\u00e9n le toca hoy. Es su responsabilidad.<\/p>\n<p>Desde el inicio de su gesti\u00f3n, lanz\u00f3 la pedrada al bautizar la \u201cPrensa Fif\u00ed\u201d, conformada por los medios y columnistas de siempre, que lo han criticado desde que comenz\u00f3 y a lo largo de su campa\u00f1a permanente de 12 a\u00f1os y no qued\u00f3 en el mote, sino que, en los hechos, est\u00e1n desplazados. Algunos dir\u00e1n \u00a1Venganza!<\/p>\n<p>Aplica el \u201co, est\u00e1s conmigo, o no\u201d, no hay medias tintas y arrastra a quienes estamos en el plano imparcial, ni con uno, ni con otro, s\u00f3lo apuntamos las fallas y los aciertos. Ayuda m\u00e1s un se\u00f1alamiento que el aplauso irreflexivo.<\/p>\n<p>Hay una se\u00f1al, habr\u00e1 publicidad para los \u201cyoutubers\u201d, bien merecida, ayudaron mucho en campa\u00f1a y ahora comienzan a dividirse en pro y en contra. No olvidar que los medios tradicionales operan noticias y la gesti\u00f3n ofrece muchas y entre ellas un buen, muy criticables.<\/p>\n<p><em><a href=\"mailto:rrrart2000@hotmail.com\" target=\"_blank\" rel=\"noopener noreferrer\">rrrart2000@hotmail.com<\/a><\/em><\/p>\n","protected":false},"excerpt":{"rendered":"<p><span style=\"color: #005497;\"><strong>Arturo R\u00edos Ruiz<\/strong><\/span><\/p>\n","protected":false},"author":3,"featured_media":0,"comment_status":"open","ping_status":"open","sticky":false,"template":"","format":"standard","meta":{"_monsterinsights_skip_tracking":false,"_monsterinsights_sitenote_active":false,"_monsterinsights_sitenote_note":"","_monsterinsights_sitenote_category":0,"footnotes":""},"categories":[82265],"tags":[82266,10806,43674],"class_list":["post-425478","post","type-post","status-publish","format-standard","hentry","category-arturo-rios-ruiz","tag-arturo-rios-ruiz","tag-centro","tag-opinion"],"_links":{"self":[{"href":"https:\/\/www.diarioimagen.net\/index.php?rest_route=\/wp\/v2\/posts\/425478","targetHints":{"allow":["GET"]}}],"collection":[{"href":"https:\/\/www.diarioimagen.net\/index.php?rest_route=\/wp\/v2\/posts"}],"about":[{"href":"https:\/\/www.diarioimagen.net\/index.php?rest_route=\/wp\/v2\/types\/post"}],"author":[{"embeddable":true,"href":"https:\/\/www.diarioimagen.net\/index.php?rest_route=\/wp\/v2\/users\/3"}],"replies":[{"embeddable":true,"href":"https:\/\/www.diarioimagen.net\/index.php?rest_route=%2Fwp%2Fv2%2Fcomments&post=425478"}],"version-history":[{"count":0,"href":"https:\/\/www.diarioimagen.net\/index.php?rest_route=\/wp\/v2\/posts\/425478\/revisions"}],"wp:attachment":[{"href":"https:\/\/www.diarioimagen.net\/index.php?rest_route=%2Fwp%2Fv2%2Fmedia&parent=425478"}],"wp:term":[{"taxonomy":"category","embeddable":true,"href":"https:\/\/www.diarioimagen.net\/index.php?rest_route=%2Fwp%2Fv2%2Fcategories&post=425478"},{"taxonomy":"post_tag","embeddable":true,"href":"https:\/\/www.diarioimagen.net\/index.php?rest_route=%2Fwp%2Fv2%2Ftags&post=425478"}],"curies":[{"name":"wp","href":"https:\/\/api.w.org\/{rel}","templated":true}]}}