{"id":425502,"date":"2019-04-30T00:11:03","date_gmt":"2019-04-30T05:11:03","guid":{"rendered":"https:\/\/www.diarioimagen.net\/?p=425502"},"modified":"2019-04-30T00:19:04","modified_gmt":"2019-04-30T05:19:04","slug":"taxistas-amagan-con-mas-paro-y-bloqueos-en-la-cdmx","status":"publish","type":"post","link":"https:\/\/www.diarioimagen.net\/?p=425502","title":{"rendered":"Taxistas amagan con m\u00e1s paros y bloqueos en la CDMX"},"content":{"rendered":"<ul>\n<li><strong><em>Competencia desleal del servicio con aplicaciones<\/em><\/strong><\/li>\n<\/ul>\n<p>&nbsp;<\/p>\n<div id=\"attachment_425503\" style=\"width: 470px\" class=\"wp-caption aligncenter\"><img loading=\"lazy\" decoding=\"async\" aria-describedby=\"caption-attachment-425503\" class=\"wp-image-425503 size-large\" src=\"https:\/\/www.diarioimagen.net\/wp-content\/uploads\/2019\/04\/TAXISTAS30-PORTAL-460x268.jpg\" alt=\"\" width=\"460\" height=\"268\" srcset=\"https:\/\/www.diarioimagen.net\/wp-content\/uploads\/2019\/04\/TAXISTAS30-PORTAL-460x268.jpg 460w, https:\/\/www.diarioimagen.net\/wp-content\/uploads\/2019\/04\/TAXISTAS30-PORTAL-240x140.jpg 240w, https:\/\/www.diarioimagen.net\/wp-content\/uploads\/2019\/04\/TAXISTAS30-PORTAL.jpg 480w\" sizes=\"auto, (max-width: 460px) 100vw, 460px\" \/><p id=\"caption-attachment-425503\" class=\"wp-caption-text\">Taxistas anunciaron un paro nacional y el cierre de las principales avenidas de la capital del pa\u00eds el pr\u00f3ximo 3 de junio.<\/p><\/div>\n<p>&nbsp;<\/p>\n<p>Integrantes del Movimiento Nacional Taxista, que integra a m\u00e1s de 20 mil transportistas en la Ciudad de M\u00e9xico y a 200 mil a nivel nacional, anunciaron un paro nacional y el cierre de las principales avenidas de la capital del pa\u00eds el pr\u00f3ximo 3 de junio, al considerar que las autoridades han impulsado la competencia desleal del servicio con quienes lo dan con aplicaciones.<\/p>\n<p>En conferencia de prensa, los taxistas argumentaron que los que trabajan con aplicaciones no tienen que pagar; por ejemplo, una concesi\u00f3n de 40 mil pesos, y s\u00f3lo se les cobra 713 pesos; por la revista el precio es de mil 635 pesos, pero los conductores de plataformas no tienen que liquidar ese concepto.<\/p>\n<p>Adem\u00e1s, los taxis deben pagar una licencia y tomar un curso que cuesta dos mil 565 pesos y sus contrapartes no; por la crom\u00e1tica el precio es de dos mil 500 pesos, mientras que las plataformas no tienen que pintar de manera espec\u00edfica sus autos; adem\u00e1s los taxistas tradicionales tienen una tarifa fija mientras que los de las aplicaciones pueden hacer cobros din\u00e1micos o libres a los usuarios.<\/p>\n<p>Explicaron que al no tener un registro ante las autoridades, los transportistas de las plataformas no garantizan la seguridad de sus usuarios y como muestra, aseguraron que el a\u00f1o pasado se reportaron casi 400 delitos en las unidades, entre ellos, violaciones, lo que va contra su publicidad que calificaron como \u201cenga\u00f1osa\u201d.<\/p>\n<p>A decir del dirigente de los taxistas, Ignacio Rodr\u00edguez Mej\u00eda, \u00e9stos son tratados en la capital con discriminaci\u00f3n e inequidad y calificaron a las autoridades como aliados de las aplicaciones.<\/p>\n<p>Adem\u00e1s, se quejaron de la falta de atenci\u00f3n del secretario de Movilidad capitalino, Andr\u00e9s Lajous Loaeza.<\/p>\n<p>Aunque reconocen que el cierre de calles afectar\u00e1 a los usuarios y a toda la ciudadan\u00eda, agregaron que es la \u00fanica opci\u00f3n que considera posible ante la falta de atenci\u00f3n de las autoridades.<\/p>\n","protected":false},"excerpt":{"rendered":"<p>Integrantes del Movimiento Nacional Taxista, que integra a m\u00e1s de 20 mil transportistas en la Ciudad de M\u00e9xico y a 200 mil a nivel nacional, anunciaron un paro nacional y el cierre de las principales avenidas de la capital del pa\u00eds el pr\u00f3ximo 3 de junio, al considerar que las autoridades han impulsado la competencia desleal del servicio con quienes lo dan con aplicaciones.<\/p>\n","protected":false},"author":5,"featured_media":425503,"comment_status":"open","ping_status":"open","sticky":false,"template":"","format":"standard","meta":{"_monsterinsights_skip_tracking":false,"_monsterinsights_sitenote_active":false,"_monsterinsights_sitenote_note":"","_monsterinsights_sitenote_category":0,"footnotes":""},"categories":[6],"tags":[84903,4639,84901,204,84902,19563],"class_list":["post-425502","post","type-post","status-publish","format-standard","has-post-thumbnail","hentry","category-cd-de-mexico","tag-aplicaciones","tag-bloqueos","tag-bloqueos-en-la-cdmx","tag-ciudad-de-mexico","tag-movimiento-nacional-taxista","tag-taxistas"],"_links":{"self":[{"href":"https:\/\/www.diarioimagen.net\/index.php?rest_route=\/wp\/v2\/posts\/425502","targetHints":{"allow":["GET"]}}],"collection":[{"href":"https:\/\/www.diarioimagen.net\/index.php?rest_route=\/wp\/v2\/posts"}],"about":[{"href":"https:\/\/www.diarioimagen.net\/index.php?rest_route=\/wp\/v2\/types\/post"}],"author":[{"embeddable":true,"href":"https:\/\/www.diarioimagen.net\/index.php?rest_route=\/wp\/v2\/users\/5"}],"replies":[{"embeddable":true,"href":"https:\/\/www.diarioimagen.net\/index.php?rest_route=%2Fwp%2Fv2%2Fcomments&post=425502"}],"version-history":[{"count":0,"href":"https:\/\/www.diarioimagen.net\/index.php?rest_route=\/wp\/v2\/posts\/425502\/revisions"}],"wp:featuredmedia":[{"embeddable":true,"href":"https:\/\/www.diarioimagen.net\/index.php?rest_route=\/wp\/v2\/media\/425503"}],"wp:attachment":[{"href":"https:\/\/www.diarioimagen.net\/index.php?rest_route=%2Fwp%2Fv2%2Fmedia&parent=425502"}],"wp:term":[{"taxonomy":"category","embeddable":true,"href":"https:\/\/www.diarioimagen.net\/index.php?rest_route=%2Fwp%2Fv2%2Fcategories&post=425502"},{"taxonomy":"post_tag","embeddable":true,"href":"https:\/\/www.diarioimagen.net\/index.php?rest_route=%2Fwp%2Fv2%2Ftags&post=425502"}],"curies":[{"name":"wp","href":"https:\/\/api.w.org\/{rel}","templated":true}]}}