{"id":425550,"date":"2019-04-30T00:11:08","date_gmt":"2019-04-30T05:11:08","guid":{"rendered":"https:\/\/www.diarioimagen.net\/?p=425550"},"modified":"2019-04-30T01:55:05","modified_gmt":"2019-04-30T06:55:05","slug":"la-uaem-firmo-convenio-con-landsteiner-scientific","status":"publish","type":"post","link":"https:\/\/www.diarioimagen.net\/?p=425550","title":{"rendered":"La UAEM firm\u00f3 convenio con Landsteiner Scientific"},"content":{"rendered":"<ul>\n<li><em><strong>Investigaci\u00f3n sobre efectos del cannabis como analg\u00e9sico<\/strong><\/em><\/li>\n<li><em><strong>Exploran sus expectativas reales en el alivio del dolor<\/strong><\/em><\/li>\n<\/ul>\n<p>&nbsp;<\/p>\n<div id=\"attachment_425604\" style=\"width: 470px\" class=\"wp-caption aligncenter\"><a href=\"https:\/\/www.diarioimagen.net\/?attachment_id=425604\" rel=\"attachment wp-att-425604\"><img loading=\"lazy\" decoding=\"async\" aria-describedby=\"caption-attachment-425604\" class=\"size-large wp-image-425604\" src=\"https:\/\/www.diarioimagen.net\/wp-content\/uploads\/2019\/04\/UAEM-30-460x259.jpg\" alt=\"\" width=\"460\" height=\"259\" srcset=\"https:\/\/www.diarioimagen.net\/wp-content\/uploads\/2019\/04\/UAEM-30-460x259.jpg 460w, https:\/\/www.diarioimagen.net\/wp-content\/uploads\/2019\/04\/UAEM-30-240x135.jpg 240w, https:\/\/www.diarioimagen.net\/wp-content\/uploads\/2019\/04\/UAEM-30-235x132.jpg 235w, https:\/\/www.diarioimagen.net\/wp-content\/uploads\/2019\/04\/UAEM-30-202x114.jpg 202w, https:\/\/www.diarioimagen.net\/wp-content\/uploads\/2019\/04\/UAEM-30-350x196.jpg 350w, https:\/\/www.diarioimagen.net\/wp-content\/uploads\/2019\/04\/UAEM-30-220x123.jpg 220w, https:\/\/www.diarioimagen.net\/wp-content\/uploads\/2019\/04\/UAEM-30-237x132.jpg 237w, https:\/\/www.diarioimagen.net\/wp-content\/uploads\/2019\/04\/UAEM-30.jpg 480w\" sizes=\"auto, (max-width: 460px) 100vw, 460px\" \/><\/a><p id=\"caption-attachment-425604\" class=\"wp-caption-text\">El rector Alfredo Barrera Baca firm\u00f3 un convenio general de colaboraci\u00f3n con el director general de la farmac\u00e9utica mexicana, Francisco Mendoza Alc\u00e1ntara.<\/p><\/div>\n<p>&nbsp;<\/p>\n<p><strong>Toluca, Estado de M\u00e9xico<\/strong>.\u2013\u00a0 La Universidad Aut\u00f3noma del Estado de M\u00e9xico y la empresa farmac\u00e9utica Landsteiner Scientific realizar\u00e1n investigaci\u00f3n conjunta sobre los efectos del cannabis como analg\u00e9sico, para explorar sus expectativas reales en el alivio del dolor en \u00e1reas como la oncolog\u00eda, ginecolog\u00eda y odontolog\u00eda, sostuvo el rector Alfredo Barrera Baca.<\/p>\n<p>Al firmar un convenio general de colaboraci\u00f3n con el director general de dicha farmac\u00e9utica, Francisco Mendoza Alc\u00e1ntara, Barrera Baca abund\u00f3 que este tipo de investigaciones colocan a la Aut\u00f3noma mexiquense a la vanguardia mundial en la carrera por aliviar el dolor y eliminar los prejuicios asociados al uso de dicha planta.<\/p>\n<p>Ante representantes del Consejo Mexiquense de Ciencia y Tecnolog\u00eda (COMECyT) y el director de Nuevos Desarrollos de la empresa farmac\u00e9utica mexicana, Francisco Kuri Bre\u00f1a Romero de Terreros, destac\u00f3 que la aproximaci\u00f3n entre ambas instituciones y la suma de experiencias es crucial ante el gran reto de la salud mundial.<\/p>\n<p>Alfredo Barrera Baca consider\u00f3 que el vertiginoso \u00e9xito de la farmac\u00e9utica mexicana proviene de un claro compromiso con las altas exigencias de los sistemas de salud en el mundo.<\/p>\n<p>Sus medicamentos y l\u00edneas terap\u00e9uticas, dijo, se producen bajo los m\u00e1s estrictos est\u00e1ndares de calidad.<\/p>\n<p>Francisco Mendoza Alc\u00e1ntara expres\u00f3 que la empresa ofrece a la comunidad de la UAEM la oportunidad de participar en programas de investigaci\u00f3n, implementaci\u00f3n y desarrollo de nuevos procesos productivos; adem\u00e1s, los estudiantes podr\u00e1n realizar servicio social y pr\u00e1cticas profesionales en las \u00e1reas de manufactura, control de calidad, ingenier\u00eda y mantenimiento de infraestructura y evaluaci\u00f3n de proyectos.<\/p>\n<p>\u201cNuestra empresa se beneficiar\u00e1 con el talento universitario.<\/p>\n<p>La vinculaci\u00f3n entre academia e industria aumenta la competitividad mutua y permite a los j\u00f3venes universitarios conocer de primera mano los retos a los que se enfrentar\u00e1n en su vida profesional\u201d.<\/p>\n<p>El secretario de Investigaci\u00f3n y Estudios Avanzados de la UAEM, Carlos Eduardo Barrera D\u00edaz, indic\u00f3 que la firma del convenio general de colaboraci\u00f3n redundar\u00e1 en beneficio de la salud de los mexiquenses, impulsar\u00e1 y fortalecer\u00e1 nuevos proyectos de investigaci\u00f3n en \u00e1reas de inter\u00e9s com\u00fan.<\/p>\n","protected":false},"excerpt":{"rendered":"<p>La Universidad Aut\u00f3noma del Estado de M\u00e9xico y la empresa farmac\u00e9utica Landsteiner Scientific realizar\u00e1n investigaci\u00f3n conjunta sobre los efectos del cannabis como analg\u00e9sico, para explorar sus expectativas reales<\/p>\n","protected":false},"author":3,"featured_media":425604,"comment_status":"open","ping_status":"open","sticky":false,"template":"","format":"standard","meta":{"_monsterinsights_skip_tracking":false,"_monsterinsights_sitenote_active":false,"_monsterinsights_sitenote_note":"","_monsterinsights_sitenote_category":0,"footnotes":""},"categories":[5],"tags":[46371,58572,43675,452,1491],"class_list":["post-425550","post","type-post","status-publish","format-standard","has-post-thumbnail","hentry","category-estado-de-mexico","tag-acuerdo","tag-alfredo-barrera-baca","tag-estado-de-mexico","tag-toluca","tag-uaem"],"_links":{"self":[{"href":"https:\/\/www.diarioimagen.net\/index.php?rest_route=\/wp\/v2\/posts\/425550","targetHints":{"allow":["GET"]}}],"collection":[{"href":"https:\/\/www.diarioimagen.net\/index.php?rest_route=\/wp\/v2\/posts"}],"about":[{"href":"https:\/\/www.diarioimagen.net\/index.php?rest_route=\/wp\/v2\/types\/post"}],"author":[{"embeddable":true,"href":"https:\/\/www.diarioimagen.net\/index.php?rest_route=\/wp\/v2\/users\/3"}],"replies":[{"embeddable":true,"href":"https:\/\/www.diarioimagen.net\/index.php?rest_route=%2Fwp%2Fv2%2Fcomments&post=425550"}],"version-history":[{"count":0,"href":"https:\/\/www.diarioimagen.net\/index.php?rest_route=\/wp\/v2\/posts\/425550\/revisions"}],"wp:featuredmedia":[{"embeddable":true,"href":"https:\/\/www.diarioimagen.net\/index.php?rest_route=\/wp\/v2\/media\/425604"}],"wp:attachment":[{"href":"https:\/\/www.diarioimagen.net\/index.php?rest_route=%2Fwp%2Fv2%2Fmedia&parent=425550"}],"wp:term":[{"taxonomy":"category","embeddable":true,"href":"https:\/\/www.diarioimagen.net\/index.php?rest_route=%2Fwp%2Fv2%2Fcategories&post=425550"},{"taxonomy":"post_tag","embeddable":true,"href":"https:\/\/www.diarioimagen.net\/index.php?rest_route=%2Fwp%2Fv2%2Ftags&post=425550"}],"curies":[{"name":"wp","href":"https:\/\/api.w.org\/{rel}","templated":true}]}}