{"id":425570,"date":"2019-04-30T00:10:26","date_gmt":"2019-04-30T05:10:26","guid":{"rendered":"https:\/\/www.diarioimagen.net\/?p=425570"},"modified":"2019-04-30T01:27:48","modified_gmt":"2019-04-30T06:27:48","slug":"inicia-el-festival-de-la-ninez-2019-en-tlalnepantla-100-educativo","status":"publish","type":"post","link":"https:\/\/www.diarioimagen.net\/?p=425570","title":{"rendered":"Inicia el Festival de la Ni\u00f1ez 2019 en Tlalnepantla, 100% educativo"},"content":{"rendered":"<ul>\n<li><strong><em>Taller para \u201cPeque\u00f1os Guerreros\u201d<\/em><\/strong><\/li>\n<\/ul>\n<p>&nbsp;<\/p>\n<div id=\"attachment_425622\" style=\"width: 470px\" class=\"wp-caption aligncenter\"><a href=\"https:\/\/www.diarioimagen.net\/?attachment_id=425622\" rel=\"attachment wp-att-425622\"><img loading=\"lazy\" decoding=\"async\" aria-describedby=\"caption-attachment-425622\" class=\"size-large wp-image-425622\" src=\"https:\/\/www.diarioimagen.net\/wp-content\/uploads\/2019\/04\/TLALNEPANTLA-30-460x259.jpg\" alt=\"\" width=\"460\" height=\"259\" srcset=\"https:\/\/www.diarioimagen.net\/wp-content\/uploads\/2019\/04\/TLALNEPANTLA-30-460x259.jpg 460w, https:\/\/www.diarioimagen.net\/wp-content\/uploads\/2019\/04\/TLALNEPANTLA-30-240x135.jpg 240w, https:\/\/www.diarioimagen.net\/wp-content\/uploads\/2019\/04\/TLALNEPANTLA-30-235x132.jpg 235w, https:\/\/www.diarioimagen.net\/wp-content\/uploads\/2019\/04\/TLALNEPANTLA-30-202x114.jpg 202w, https:\/\/www.diarioimagen.net\/wp-content\/uploads\/2019\/04\/TLALNEPANTLA-30-350x196.jpg 350w, https:\/\/www.diarioimagen.net\/wp-content\/uploads\/2019\/04\/TLALNEPANTLA-30-220x123.jpg 220w, https:\/\/www.diarioimagen.net\/wp-content\/uploads\/2019\/04\/TLALNEPANTLA-30-237x132.jpg 237w, https:\/\/www.diarioimagen.net\/wp-content\/uploads\/2019\/04\/TLALNEPANTLA-30.jpg 480w\" sizes=\"auto, (max-width: 460px) 100vw, 460px\" \/><\/a><p id=\"caption-attachment-425622\" class=\"wp-caption-text\">\u201cPeque\u00f1os Guerreros\u201d se imparti\u00f3 en la Estaci\u00f3n Norte de Bomberos Tlalnepantla, ubicada en carretera Lago de Guadalupe, colonia Providencia.<\/p><\/div>\n<p>&nbsp;<\/p>\n<p><strong>Tlalnepantla, Estado de M\u00e9xico<\/strong>.- Ni\u00f1os de Tlalnepantla de Baz participaron en el inicio del Festival de la Ni\u00f1ez 2019, con las actividades del taller \u2018Peque\u00f1os Guerreros\u2019, en el que se les ense\u00f1\u00f3, a trav\u00e9s de juegos did\u00e1cticos, a fomentar la cultura de Protecci\u00f3n Civil y saber c\u00f3mo actuar en caso de una emergencia.<\/p>\n<p>Durante la primera celebraci\u00f3n de la ni\u00f1ez, de los m\u00e1s de 20 festejos que se realizar\u00e1n en los pr\u00f3ximos d\u00edas, el presidente municipal, Raciel P\u00e9rez Cruz, convivi\u00f3 con ni\u00f1os a quienes invit\u00f3 a reconocer el trabajo que realiza el Heroico Cuerpo de Bomberos, quienes todos los d\u00edas trabaja para salvar vidas.<\/p>\n<p>\u201cPeque\u00f1os Guerreros\u201d se imparti\u00f3 en la Estaci\u00f3n Norte de Bomberos Tlalnepantla, ubicada en carretera Lago de Guadalupe, colonia Providencia, a ni\u00f1os de 3 a 13 a\u00f1os, donde les ense\u00f1an qu\u00e9 hacer durante y despu\u00e9s de un desastre o accidente.<\/p>\n<p>Los peque\u00f1os tambi\u00e9n aprendieron primeros auxilios, evacuaci\u00f3n y manejo de extintores, laberintos y arrastres, escenario RIT (Intervenci\u00f3n de Rescate de Bomberos), casa de humo, RCP (reanimaci\u00f3n cardiopulmonar), chorro gol (tirar con agua una lata), usaron un uniforme y marcharon.<\/p>\n<p>Durante el desarrollo de las actividades las ni\u00f1as y ni\u00f1os disfrutaron de juegos did\u00e1cticos y se subieron a un cami\u00f3n de bomberos para hacer un recorrido con la sirena encendida, en las unidades BM16 y BM64.<\/p>\n<p>Participaron en este curso la Asociaci\u00f3n Civil \u2018\u00c1ngeles Guardianes Cap\u00edtulo M\u00e9xico\u2019, Cruz Roja Tlalnepantla, el Grupo de Veteranos de la Cruz Roja Mexicana y el Grupo de Rescate de Alta Monta\u00f1a 4 X 4.<\/p>\n<p>Estuvieron presentes Graciela Hern\u00e1ndez Herrera, Directora de Vinculaci\u00f3n en Materia de Protecci\u00f3n Civil, del Estado de M\u00e9xico; Eduardo Guerrero Villegas, Segundo S\u00edndico; Martha Elba Soto Molina, Tercera S\u00edndica; Arleth Grimaldo Osorio, Novena Regidora; Javier S\u00e1nchez Vargas, Coordinador General de Protecci\u00f3n Civil; Antonio Guti\u00e9rrez Hern\u00e1ndez, Coordinador de Capacitaci\u00f3n y Cultura de Protecci\u00f3n Civil, as\u00ed como Eduardo Salazar, Comandante del Cuerpo de Bomberos.<\/p>\n","protected":false},"excerpt":{"rendered":"<p>Ni\u00f1os de Tlalnepantla de Baz participaron en el inicio del Festival de la Ni\u00f1ez 2019, con las actividades del taller \u2018Peque\u00f1os Guerreros\u2019, en el que se les ense\u00f1\u00f3, a trav\u00e9s de juegos did\u00e1cticos, a fomentar la cultura de Protecci\u00f3n Civil y saber c\u00f3mo actuar en caso de una emergencia.<\/p>\n","protected":false},"author":3,"featured_media":425622,"comment_status":"open","ping_status":"open","sticky":false,"template":"","format":"standard","meta":{"_monsterinsights_skip_tracking":false,"_monsterinsights_sitenote_active":false,"_monsterinsights_sitenote_note":"","_monsterinsights_sitenote_category":0,"footnotes":""},"categories":[5],"tags":[43675,45970,26932,169],"class_list":["post-425570","post","type-post","status-publish","format-standard","has-post-thumbnail","hentry","category-estado-de-mexico","tag-estado-de-mexico","tag-festival","tag-ninez","tag-tlalnepantla"],"_links":{"self":[{"href":"https:\/\/www.diarioimagen.net\/index.php?rest_route=\/wp\/v2\/posts\/425570","targetHints":{"allow":["GET"]}}],"collection":[{"href":"https:\/\/www.diarioimagen.net\/index.php?rest_route=\/wp\/v2\/posts"}],"about":[{"href":"https:\/\/www.diarioimagen.net\/index.php?rest_route=\/wp\/v2\/types\/post"}],"author":[{"embeddable":true,"href":"https:\/\/www.diarioimagen.net\/index.php?rest_route=\/wp\/v2\/users\/3"}],"replies":[{"embeddable":true,"href":"https:\/\/www.diarioimagen.net\/index.php?rest_route=%2Fwp%2Fv2%2Fcomments&post=425570"}],"version-history":[{"count":0,"href":"https:\/\/www.diarioimagen.net\/index.php?rest_route=\/wp\/v2\/posts\/425570\/revisions"}],"wp:featuredmedia":[{"embeddable":true,"href":"https:\/\/www.diarioimagen.net\/index.php?rest_route=\/wp\/v2\/media\/425622"}],"wp:attachment":[{"href":"https:\/\/www.diarioimagen.net\/index.php?rest_route=%2Fwp%2Fv2%2Fmedia&parent=425570"}],"wp:term":[{"taxonomy":"category","embeddable":true,"href":"https:\/\/www.diarioimagen.net\/index.php?rest_route=%2Fwp%2Fv2%2Fcategories&post=425570"},{"taxonomy":"post_tag","embeddable":true,"href":"https:\/\/www.diarioimagen.net\/index.php?rest_route=%2Fwp%2Fv2%2Ftags&post=425570"}],"curies":[{"name":"wp","href":"https:\/\/api.w.org\/{rel}","templated":true}]}}